{"id":9157,"date":"2019-05-22T00:00:45","date_gmt":"2019-05-22T07:00:45","guid":{"rendered":"https:\/\/vccf.org\/?p=9157"},"modified":"2025-01-29T07:47:51","modified_gmt":"2025-01-29T07:47:51","slug":"ventura-county-community-foundation-wants-to-triple-assets-by-2026","status":"publish","type":"post","link":"https:\/\/vccf.org\/fr\/ventura-county-community-foundation-wants-to-triple-assets-by-2026\/","title":{"rendered":"La Ventura County Community Foundation souhaite tripler ses actifs d'ici 2026"},"content":{"rendered":"<p><!--more--><\/p>\n<p><em>Cet article a \u00e9t\u00e9 publi\u00e9 \u00e0 l'origine sur le Pacific Coast Business Times, <a href=\"https:\/\/www.pacbiztimes.com\/2019\/05\/22\/ventura-county-community-foundation-wants-to-triple-assets-by-2026\/\" target=\"_blank\" rel=\"noopener\">et peut \u00eatre consult\u00e9e ici<\/a>.<\/em><\/p>\n<p>La Ventura County Community Foundation a annonc\u00e9 un objectif ambitieux : tripler sa taille pour atteindre environ $500 millions d'actifs d'ici 2026.<\/p>\n<p>Vanessa Bechtel, directrice g\u00e9n\u00e9rale de la VCCF, a d\u00e9clar\u00e9 lors d'un d\u00e9jeuner organis\u00e9 le 22 mai \u00e0 l'intention de quelque 250 dirigeants de la communaut\u00e9 que la fondation esp\u00e9rait obtenir une plus grande part des dons de succession dans le comt\u00e9 de Ventura au cours de la d\u00e9cennie \u00e0 venir. Ces dons sont estim\u00e9s \u00e0 environ $1,1 milliard d'euros par an pour la prochaine d\u00e9cennie, a-t-elle d\u00e9clar\u00e9, citant un r\u00e9cent rapport de recherche de l'Universit\u00e9 luth\u00e9rienne de Californie.<\/p>\n<p>Elle a expliqu\u00e9 que l'un des objectifs de la dotation \u00e9tait d'augmenter la taille des fonds non affect\u00e9s disponibles pour les organisations \u00e0 but non lucratif du comt\u00e9 de Ventura. \"Depuis 2008, les organisations \u00e0 but non lucratif ont \u00e9t\u00e9 mises \u00e0 rude \u00e9preuve, les catastrophes survenues ces deux derni\u00e8res ann\u00e9es co\u00efncidant avec la p\u00e9riode la plus propice aux dons. \"Les fonds non affect\u00e9s sont insuffisants\", a-t-elle d\u00e9clar\u00e9.<\/p>\n<p>Bechtel a d\u00e9clar\u00e9 que la base de financement de la fondation a \u00e9t\u00e9 renforc\u00e9e par $24 millions de fonds li\u00e9s \u00e0 la catastrophe collect\u00e9s au cours des 18 mois qui ont suivi l'incendie de Thomas. La fondation a r\u00e9cemment re\u00e7u $15 millions de fonds de dotation pour le bien-\u00eatre des animaux et la recherche m\u00e9dicale dans le cadre d'une subvention du procureur g\u00e9n\u00e9ral de Californie.<\/p>\n<p>Le pr\u00e9sident Scott Hanson a racont\u00e9 que l'organisation avait re\u00e7u une lettre du bureau du procureur g\u00e9n\u00e9ral indiquant que les probl\u00e8mes d'audit avaient \u00e9t\u00e9 r\u00e9solus le 5 d\u00e9cembre 2017, quelques heures seulement avant que l'incendie Thomas ne balaie Santa Paula et Ventura, br\u00fblant des centaines de maisons.<\/p>\n<p>Avec la confiance du bureau du procureur g\u00e9n\u00e9ral et la capacit\u00e9 av\u00e9r\u00e9e de g\u00e9rer des dons importants li\u00e9s \u00e0 l'incendie Thomas, aux fusillades de Borderline et aux incendies de Hill et de Woolsey, M. Bechtel a d\u00e9clar\u00e9 qu'il \u00e9tait temps de se tourner vers l'avenir.<\/p>\n<p>\"Nous sommes en mesure de construire de nouveaux r\u00eaves\", a-t-elle d\u00e9clar\u00e9.<\/p>","protected":false},"excerpt":{"rendered":"","protected":false},"author":13,"featured_media":911,"comment_status":"closed","ping_status":"closed","sticky":false,"template":"","format":"standard","meta":{"_acf_changed":false,"give_campaign_id":0,"footnotes":""},"categories":[22],"tags":[],"class_list":["post-9157","post","type-post","status-publish","format-standard","has-post-thumbnail","hentry","category-latest-coverage"],"acf":[],"_links":{"self":[{"href":"https:\/\/vccf.org\/fr\/wp-json\/wp\/v2\/posts\/9157","targetHints":{"allow":["GET"]}}],"collection":[{"href":"https:\/\/vccf.org\/fr\/wp-json\/wp\/v2\/posts"}],"about":[{"href":"https:\/\/vccf.org\/fr\/wp-json\/wp\/v2\/types\/post"}],"author":[{"embeddable":true,"href":"https:\/\/vccf.org\/fr\/wp-json\/wp\/v2\/users\/13"}],"replies":[{"embeddable":true,"href":"https:\/\/vccf.org\/fr\/wp-json\/wp\/v2\/comments?post=9157"}],"version-history":[{"count":0,"href":"https:\/\/vccf.org\/fr\/wp-json\/wp\/v2\/posts\/9157\/revisions"}],"wp:featuredmedia":[{"embeddable":true,"href":"https:\/\/vccf.org\/fr\/wp-json\/wp\/v2\/media\/911"}],"wp:attachment":[{"href":"https:\/\/vccf.org\/fr\/wp-json\/wp\/v2\/media?parent=9157"}],"wp:term":[{"taxonomy":"category","embeddable":true,"href":"https:\/\/vccf.org\/fr\/wp-json\/wp\/v2\/categories?post=9157"},{"taxonomy":"post_tag","embeddable":true,"href":"https:\/\/vccf.org\/fr\/wp-json\/wp\/v2\/tags?post=9157"}],"curies":[{"name":"wp","href":"https:\/\/api.w.org\/{rel}","templated":true}]}}