{"id":11039,"date":"2020-12-03T17:44:33","date_gmt":"2020-12-04T01:44:33","guid":{"rendered":"https:\/\/vccf.org\/?p=11039"},"modified":"2025-01-29T07:47:44","modified_gmt":"2025-01-29T07:47:44","slug":"ventura-county-civic-alliance-census-update","status":"publish","type":"post","link":"https:\/\/vccf.org\/it\/ventura-county-civic-alliance-census-update\/","title":{"rendered":"Aggiornamento sul censimento dell'Alleanza Civica della Contea di Ventura"},"content":{"rendered":"<p><img loading=\"lazy\" decoding=\"async\" class=\"size-large wp-image-11041 aligncenter\" src=\"https:\/\/vccf.org\/wp-content\/uploads\/2020\/11\/unnamed-1024x768.jpg\" alt=\"\" width=\"1024\" height=\"768\" srcset=\"https:\/\/vccf.org\/wp-content\/uploads\/2020\/11\/unnamed-1024x768.jpg 1024w, https:\/\/vccf.org\/wp-content\/uploads\/2020\/11\/unnamed-300x225.jpg 300w, https:\/\/vccf.org\/wp-content\/uploads\/2020\/11\/unnamed-768x576.jpg 768w, https:\/\/vccf.org\/wp-content\/uploads\/2020\/11\/unnamed-16x12.jpg 16w, https:\/\/vccf.org\/wp-content\/uploads\/2020\/11\/unnamed.jpg 1080w\" sizes=\"auto, (max-width: 1024px) 100vw, 1024px\" \/><\/p>\n<h3 style=\"text-align: center;\"><strong>La Contea di Ventura e il censimento del 2020<\/strong><br \/>\n<strong>di Vanessa Bechtel <\/strong><\/h3>\n<h3 style=\"text-align: center;\"><strong><img loading=\"lazy\" decoding=\"async\" class=\"alignnone size-full wp-image-11042\" src=\"https:\/\/vccf.org\/wp-content\/uploads\/2020\/11\/unnamed.png\" alt=\"\" width=\"179\" height=\"96\" data-wp-editing=\"1\" srcset=\"https:\/\/vccf.org\/wp-content\/uploads\/2020\/11\/unnamed.png 179w, https:\/\/vccf.org\/wp-content\/uploads\/2020\/11\/unnamed-18x10.png 18w\" sizes=\"auto, (max-width: 179px) 100vw, 179px\" \/><\/strong><\/h3>\n<p>Grazie al nostro team di censimento!<\/p>\n<p>La storia della Contea di Ventura e del Censimento 2020 \u00e8 un'ispirazione che riempie lo spirito di speranza per il nostro futuro collettivo. Ci ricorda il potere che ognuno di noi ha di fare la differenza nel mondo e il bene che pu\u00f2 derivare dagli sforzi sostenuti di un gruppo eterogeneo di persone impegnate che si riuniscono attorno a un messaggio chiaro e unificante: \"Tutti contano. Tutti contano\".<br \/>\nCome leggerete, la Contea di Ventura \u00e8 passata dall'essere una delle comunit\u00e0 pi\u00f9 a rischio della nazione al 95\u00b0 percentile per un conteggio accurato nel censimento del 2020. L'impatto esponenziale di questo cambiamento sulla nostra comunit\u00e0 durer\u00e0 per generazioni.<\/p>\n<p>Prima di addentrarci nella storia e nei dettagli dei modi specifici in cui la nostra comunit\u00e0 ha beneficiato di questo risultato storico, \u00e8 fondamentale condividere che tutto ci\u00f2 non sarebbe mai accaduto senza i membri del Comitato per il Conteggio Completo della Contea di Ventura, uno sforzo collaborativo che coinvolge il governo locale, i leader religiosi, le imprese, centinaia di organizzazioni non profit, club di servizio e volontari che parlano numerose lingue e che rappresentano la diversit\u00e0 della Contea di Ventura.<\/p>\n<p>Quando il mandato COVID-19 ha colpito la Contea di Ventura, il Censimento del 2020 era stato fissato per il giorno successivo. Immediatamente, gli eventi, gli stand informativi e le centinaia di attivit\u00e0 pianificate hanno subito una battuta d'arresto. Ho temuto che gli anni di duro lavoro e di pianificazione sarebbero presto andati in fumo.<\/p>\n<p>Invece, abbiamo assistito all'innovazione, alla creativit\u00e0, alla generosit\u00e0 e alla resilienza della Contea di Ventura. In pochi giorni, la letteratura \u00e8 stata distribuita in centinaia di migliaia di scatole di cibo e di pranzi scolastici. Sfilate di auto e biciclette, telenovele comiche in spagnolo condivise sui social media, adesivi del censimento sulle scatole di biscotti delle Girl Scout, maschere per i lavoratori agricoli, materiale di sensibilizzazione sul censimento nelle ricette mediche delle farmacie... Questi sono solo alcuni dei numerosi esempi di come i volontari si sono fatti avanti per contribuire a garantire che l'importanza del censimento del 2020 per la nostra comunit\u00e0 arrivasse nelle case di tutti i nostri vicini. Ha funzionato!<\/p>\n<p>Una toccante citazione del defunto presidente sudafricano Nelson Mandela, \"Sembra sempre impossibile finch\u00e9 non viene fatto\", descrive perfettamente questo impegno collettivo. Un ringraziamento speciale alla Contea di Ventura, a tutti i nostri partner non profit e alle centinaia di volontari che hanno portato avanti la fiaccola di questo problema cos\u00ec urgente anche nei giorni pi\u00f9 bui.<\/p>\n<p>Ce l'abbiamo fatta!<\/p>\n<p>Vanessa Bechtel, CEO della Fondazione comunitaria della Contea di Ventura<\/p>\n<h3 style=\"text-align: center;\"><strong>Alleanza civica della Contea di Ventura<\/strong><br \/>\n<strong>Aggiornamento sul censimento<\/strong><\/h3>\n<p>Alla fine di novembre 2017, pochi giorni prima dell'inizio del devastante incendio Thomas, siamo stati introdotti per la prima volta alla considerevole minaccia di un sottoconteggio che la Contea di Ventura dovr\u00e0 affrontare nel censimento del 2020. Un recente studio dell'Ufficio federale del censimento aveva appena annunciato che la contea di Ventura era tra le prime 2% delle contee a livello nazionale a maggior rischio di sottoconteggio nel censimento del 2020 - 59\u00b0 su oltre 3.000 contee!<\/p>\n<p>Sebbene si tratti di una statistica sorprendente, solo dopo aver analizzato a fondo la posta in gioco ci siamo resi conto che il Censimento del 2020 era in realt\u00e0 il problema pi\u00f9 urgente per la nostra comunit\u00e0 e quello con le conseguenze negative pi\u00f9 lunghe se non affrontato. Si stima che siano in gioco oltre $2 miliardi di dollari di rete di sicurezza sociale per le nostre comunit\u00e0 locali.<\/p>\n<p>La partecipazione al censimento del 2020 \u00e8 fondamentale per quattro motivi principali, tra cui il fatto che il censimento:<\/p>\n<ol>\n<li>Determina il finanziamento della nostra rete di sicurezza sociale<\/li>\n<li>Determina il finanziamento dei nostri dipartimenti di polizia<\/li>\n<li>Fornisce informazioni critiche sulla nostra comunit\u00e0, stimolando gli affari, i valori delle case e gli investimenti locali.<\/li>\n<li>Determina la nostra rappresentanza congressuale<\/li>\n<\/ol>\n<p>Il censimento regola letteralmente il finanziamento di centinaia di programmi locali, tra cui i prestiti per lo sviluppo rurale e industriale, la formazione professionale e altri programmi per l'occupazione, l'assistenza sanitaria per neonati e bambini, l'assistenza all'infanzia per le famiglie a basso reddito e per quelle che lavorano, i sistemi di smaltimento dell'acqua e dei rifiuti, le agenzie locali per l'alimentazione e l'assistenza sanitaria, i servizi legali per gli anziani e i disabili, le mense scolastiche, le agenzie di polizia e le entit\u00e0 basate sulla comunit\u00e0 che lavorano per ridurre la criminalit\u00e0, il monitoraggio e l'applicazione delle leggi sulla discriminazione ai sensi della legge sui diritti civili e molto altro ancora. L'elenco completo dei finanziamenti ricevuti nella sola Contea di Ventura \u00e8 lungo centinaia di pagine.<\/p>\n<p>Su base annua, la Contea di Ventura ha ricevuto $1,7 miliardi dei $675 miliardi di finanziamenti federali assegnati ogni anno a livello nazionale sulla base del censimento del 2010. Ci siamo subito resi conto che la filantropia o gli investimenti privati non possono in alcun modo attenuare il dolore che la nostra comunit\u00e0 subirebbe in caso di un censimento insufficiente come quello previsto.<\/p>\n<p>Come riferimento, \u00e8 stato stimato che ogni persona non conteggiata nel censimento del 2020 equivale a una perdita di $2.000 all'anno per dieci anni, il che significa che una famiglia di quattro persone non conteggiata rappresenterebbe una perdita di $80.000 in entrate per i residenti della Contea di Ventura. Come \u00e8 stato ripetutamente sottolineato, in un censimento decennale non si possono fare passi indietro e sapevamo che il risultato del censimento del 2020 ci avrebbe accompagnato per i prossimi dieci anni.<\/p>\n<p><strong>Barriere da superare<\/strong><br \/>\nMan mano che ci siamo informati, ci siamo resi conto degli ostacoli sostanziali che si frapponevano a un conteggio accurato nella Contea di Ventura e che dovevano essere affrontati. Tra questi, la mancanza di consapevolezza da parte dell'opinione pubblica, un clima di paura tra gli individui privi di documenti, molti dei quali sono lavoratori agricoli e addetti a servizi vitali per la nostra comunit\u00e0, campagne di disinformazione mirate a promuovere un conteggio insufficiente in California e la confusione causata dalla domanda sulla cittadinanza e su chi ha il diritto di essere contato. Per essere chiari, dal 1790 negli Stati Uniti esiste il diritto costituzionale di essere contati, e tutti contano, non solo i cittadini.<\/p>\n<p>Tra le altre minacce a un conteggio accurato c'\u00e8 il fatto che nella Contea di Ventura ci sono molte aree in cui oltre 60% di quartieri non hanno accesso alla banda larga. Questo \u00e8 stato particolarmente problematico in quanto il 2020 segna la prima volta nella storia in cui il censimento \u00e8 stato effettuato online.<\/p>\n<p>Ancora pi\u00f9 preoccupante \u00e8 il fatto che lo studio dell'Ufficio federale del censimento, che indicava la contea di Ventura come una delle comunit\u00e0 pi\u00f9 a rischio di sottonumero, \u00e8 stato condotto prima dei numerosi disastri devastanti, tra cui l'incendio Thomas, gli smottamenti di Montecito, gli incendi di Hill e Woolsey e la tragedia di Borderline.<\/p>\n<p><strong>Comitato per il conteggio completo della contea di Ventura<\/strong><br \/>\nIn risposta a questa crisi silenziosa, \u00e8 stato formato un gruppo per garantire un conteggio completo, equo e accurato in tutta la contea. Insieme, abbiamo sviluppato un piano di educazione e sensibilizzazione per tutta la contea con messaggeri fidati provenienti da tutte le comunit\u00e0 difficili da contare.<\/p>\n<p>Sfruttando i talenti presenti in sala, sono stati formati otto sottocomitati e ci siamo rapidamente impegnati in iniziative congiunte di raccolta fondi per rafforzare le attivit\u00e0 di sensibilizzazione ed evitare la duplicazione degli sforzi.<br \/>\nLo Stato della California ha guidato la nazione nel suo approccio proattivo alla minaccia del sottoconteggio che incombe sul nostro Stato e ha rapidamente mobilitato i fondi per sostenere i nostri sforzi. La Contea di Ventura ha dato un contributo considerevole e le citt\u00e0 di tutta la Contea di Ventura si sono fatte avanti per aiutare. Complessivamente, la Ventura County Community Foundation ha investito oltre $2,7 milioni di euro in sovvenzioni per la sensibilizzazione e il marketing.<\/p>\n<p><strong>Il successo<\/strong><br \/>\nQuando la Contea di Ventura \u00e8 stata annunciata al 157\u00b0 posto nella nazione per l'accuratezza del conteggio su 3.215 contee, molti si sono chiesti come fosse possibile un cambiamento cos\u00ec drastico. Passare dall'essere la pi\u00f9 a rischio di un conteggio insufficiente a una delle prime per accuratezza \u00e8 esaltante.<\/p>\n<p>Per quanto possa valere, la mia analisi \u00e8 che questo sforzo ha avuto successo perch\u00e9 non si \u00e8 trattato di un approccio basato sul permesso. Avevamo una missione chiara, \"Tutti contano. Tutti contano\" e abbiamo ripetutamente sottolineato che le persone erano libere e incoraggiate a fare tutto il possibile per far progredire il nostro sforzo collettivo. Questo approccio aperto ha prodotto creativit\u00e0 e visione che nessuno di noi avrebbe potuto realizzare da solo. Il fatto che il Comitato per il Conteggio Completo della Contea di Ventura fosse una vera e propria fotografia della nostra intera comunit\u00e0 \u00e8 stato fondamentale. Le riunioni sono state un insieme di prospettive diverse, di lingue multiple e di azioni mirate.<\/p>\n<p>I nostri presidenti di sottocommissione erano orientati ai risultati e abbiamo fatto tutto il possibile per incorporare attivit\u00e0 di sensibilizzazione sul censimento ovunque. Mi \u00e8 piaciuto molto il fatto che, per la maggior parte, non abbiamo dovuto reinventare la ruota, ma abbiamo potuto basarci su tutte le nostre risorse condivise e sui nostri punti di forza individuali.<\/p>\n<p>Infine, grazie allo Stato della California e alla Contea di Ventura, abbiamo avuto accesso a una tecnologia e a una cartografia incredibili, che ci hanno aiutato a indirizzare strategicamente i nostri sforzi e a valutare i nostri risultati.<\/p>\n<p><strong>La strada da percorrere<\/strong><br \/>\nMentre celebriamo questo importante traguardo, i benefici di ci\u00f2 che abbiamo realizzato insieme continueranno. Abbiamo costruito collettivamente alleanze strategiche e capacit\u00e0 organizzative che vivranno ben oltre questo sforzo. Da parte mia, non vedo l'ora di vedere cosa affronteremo in futuro!<\/p>\n<p>&nbsp;<\/p>\n<p><\/p>","protected":false},"excerpt":{"rendered":"<p>Ventura County and the 2020 Census by Vanessa Bechtel Thank you to Our Census Team! The story of Ventura County and the 2020 Census is an inspirational one that fills&hellip;<\/p>","protected":false},"author":3,"featured_media":11041,"comment_status":"closed","ping_status":"closed","sticky":false,"template":"","format":"standard","meta":{"_acf_changed":false,"give_campaign_id":0,"footnotes":""},"categories":[27],"tags":[],"class_list":["post-11039","post","type-post","status-publish","format-standard","has-post-thumbnail","hentry","category-blog-posts"],"acf":[],"_links":{"self":[{"href":"https:\/\/vccf.org\/it\/wp-json\/wp\/v2\/posts\/11039","targetHints":{"allow":["GET"]}}],"collection":[{"href":"https:\/\/vccf.org\/it\/wp-json\/wp\/v2\/posts"}],"about":[{"href":"https:\/\/vccf.org\/it\/wp-json\/wp\/v2\/types\/post"}],"author":[{"embeddable":true,"href":"https:\/\/vccf.org\/it\/wp-json\/wp\/v2\/users\/3"}],"replies":[{"embeddable":true,"href":"https:\/\/vccf.org\/it\/wp-json\/wp\/v2\/comments?post=11039"}],"version-history":[{"count":0,"href":"https:\/\/vccf.org\/it\/wp-json\/wp\/v2\/posts\/11039\/revisions"}],"wp:featuredmedia":[{"embeddable":true,"href":"https:\/\/vccf.org\/it\/wp-json\/wp\/v2\/media\/11041"}],"wp:attachment":[{"href":"https:\/\/vccf.org\/it\/wp-json\/wp\/v2\/media?parent=11039"}],"wp:term":[{"taxonomy":"category","embeddable":true,"href":"https:\/\/vccf.org\/it\/wp-json\/wp\/v2\/categories?post=11039"},{"taxonomy":"post_tag","embeddable":true,"href":"https:\/\/vccf.org\/it\/wp-json\/wp\/v2\/tags?post=11039"}],"curies":[{"name":"wp","href":"https:\/\/api.w.org\/{rel}","templated":true}]}}