{"id":1493,"date":"2017-05-01T07:29:08","date_gmt":"2017-05-01T14:29:08","guid":{"rendered":"http:\/\/vccf.org\/?p=1493"},"modified":"2025-01-29T07:48:46","modified_gmt":"2025-01-29T07:48:46","slug":"city-ok-with-vccf-finance-official-says","status":"publish","type":"post","link":"https:\/\/vccf.org\/it\/city-ok-with-vccf-finance-official-says\/","title":{"rendered":"La citt\u00e0 \u00e8 d'accordo con il VCCF, dice il funzionario finanziario"},"content":{"rendered":"<div class=\"span-15\"><\/div>\n<p><!--more--><\/p>\n<div class=\"clear content clear-block\">\n<div class=\"field field-type-text field-field-oht-author\">\n<div class=\"field-items\">\n<div class=\"field-item odd\">Di Kyle Jorrey e Becca Whitnall<\/div>\n<div class=\"field-item even\"><a href=\"mailto:tonewstip@theacorn.com\">tonewstip@theacorn.com<\/a> <a href=\"mailto:becca@theacorn.com\">becca@theacorn.com<\/a><\/div>\n<\/div>\n<\/div>\n<p>Il <span class=\"pt_phrase_term pt_term pt_undef\">Citt\u00e0 di Thousand Oaks<\/span> intende mantenere i circa $4,5 milioni di euro che ha investito con l'azienda. <span class=\"pt_phrase_term pt_term pt_undef\">Fondazione comunitaria della Contea di Ventura<\/span> nonostante un recente rapporto scabroso del <span class=\"pt_phrase_term pt_term pt_geo\">California<\/span> che afferma che la passata dirigenza del VCCF ha gestito male i fondi.<\/p>\n<p>Thousand Oaks <span class=\"pt_phrase_term pt_term pt_undef\">Direttore finanziario John Adams<\/span> ha dichiarato questa settimana alla Ghiandaia che la fondazione \u00e8 sulla strada giusta con l'Amministratore Delegato <span class=\"pt_phrase_term pt_term pt_ind\">Vanessa Bechtel<\/span>, la persona che ha segnalato le carenze dell'organizzazione al procuratore generale poco dopo la sua assunzione nel 2015.<\/p>\n<p>Fondata nel 1987, la VCCF gestisce un patrimonio totale di $112 milioni di euro in borse di studio e fondi di sovvenzione a favore di studenti e organizzazioni non profit in tutta la contea, compresi i due teatri pubblici della citt\u00e0. <span class=\"pt_phrase_term pt_term pt_undef\">Thousand Oaks Civic Arts Plaza<\/span>.<\/p>\n<p>\"Ho incontrato l'amministratore delegato e il direttore finanziario della VCCF diverse volte negli ultimi due anni e ci hanno tenuto informati\", ha dichiarato Adams in una e-mail. \"Hanno identificato da soli alcuni problemi e, dopo la revisione del procuratore generale, hanno sviluppato un piano per affrontare questi problemi passati\".<\/p>\n<p>Bechtel ha dichiarato all'Acorn che la fondazione rispetter\u00e0 pienamente le azioni correttive delineate dal procuratore generale nel suo rapporto di febbraio, tra cui il rimborso di $1,8 milioni ad alcuni fondi di dotazione entro il 2029. Nessuno dei due fondi della citt\u00e0 detenuti dalla VCCF \u00e8 stato direttamente interessato da una cattiva gestione e quindi non \u00e8 soggetto a restituzione, ha detto Adams.<\/p>\n<p>\"Questo \u00e8 un rapporto che l'ufficio del procuratore generale ha scelto di non pubblicare o rendere pubblico, e noi abbiamo scelto di farlo\", ha detto Bechtel. \"\u00c8 molto importante per noi... assicurarci di essere molto aperti e trasparenti per poter servire al meglio i nostri donatori e la nostra comunit\u00e0\".<\/p>\n<p>Risultati del rapporto<\/p>\n<p>La maggior parte dei problemi evidenziati nella <span class=\"pt_phrase_term pt_term pt_undef\">Procuratore generale<\/span>Il rapporto della Fondazione \u00e8 relativo all'edificio di Mission Oaks. <span class=\"pt_phrase_term pt_term pt_undef\">Guida<\/span> in <span class=\"pt_phrase_term pt_term pt_geo\">Camarillo<\/span>, acquistato nel 2012.<\/p>\n<p>Il rapporto afferma che la dirigenza della VCCF aveva stimato di poter raccogliere $10 milioni in una campagna di capitale per l'edificio; invece ha raccolto meno di $500.000.<\/p>\n<p>Di conseguenza, la VCCF ha utilizzato $3,8 milioni di fondi di dotazione destinati ai costi operativi per acquistare l'edificio e ristrutturarlo, si legge nel rapporto. L'importo rappresenta circa l'83% della dotazione totale della fondazione, lasciando solo il 17% in pool di investimento.<\/p>\n<p>\"\u00c8 stato ... imprudente per la precedente gestione (del VCCF) e per il consiglio di amministrazione acquistare l'edificio senza fondi sufficienti per gestire il debito associato\", si legge nel rapporto.<\/p>\n<p>A peggiorare le cose, la fondazione ha affittato gli spazi dell'edificio a organizzazioni non profit a un prezzo scontato per un periodo di 15 anni, il che ha danneggiato i profitti dell'organizzazione e ha reso impossibile vendere l'edificio senza subire una perdita sostanziale, si legge nel rapporto.<\/p>\n<p>Oltre all'acquisto di un edificio che non poteva permettersi, la VCCF ha gestito per anni in modo scorretto i fondi di dotazione, lasciandoli in conti del mercato monetario a basso rendimento anzich\u00e9 in pool di investimento, secondo quanto emerso dall'indagine del procuratore generale.<\/p>\n<p>L'importo di $1,8 milioni che la fondazione \u00e8 stata condannata a rimborsare rappresenta la stima del danno ai fondi causato dalle allocazioni a lungo termine sul mercato monetario.<\/p>\n<p>\"La buona fede non \u00e8 una difesa in un'azione contro gli amministratori che violano la regola dell'investitore prudente\", si legge nel rapporto.<\/p>\n<p>In sintonia\".<\/p>\n<p>Anche se l'ex CEO della fondazione <span class=\"pt_phrase_term pt_term pt_undef\">Hugh Ralston<\/span> e la fondazione ha nominato un nuovo presidente del consiglio a gennaio, il consiglio dell'organizzazione \u00e8 rimasto lo stesso.<\/p>\n<p>\"Queste nove persone sono rimaste nel Consiglio per portare a termine questo processo\", ha detto Bechtel. \"Il Consiglio \u00e8 stato in sintonia con il Procuratore generale e credo sia importante che la decisione di autodenunciarsi sia stata unanime\".<\/p>\n<p><span class=\"pt_phrase_term pt_term pt_undef\">IN SINTESI<\/span><\/p>\n<p>Tutti i membri del consiglio della Fondazione comunitaria hanno ricevuto istruzioni dal procuratore generale di ricevere una formazione supplementare sui loro doveri fiduciari.<\/p>\n<p>Da quando la sua cattiva gestione fiscale \u00e8 stata scoperta da Vanessa Bechtel nel 2015, la fondazione ha ridotto il personale da 22 a cinque persone e ha rifinanziato il suo mutuo multimilionario dopo che il creditore ha accettato di migliorare le condizioni del prestito. Il direttore finanziario del T.O. John Adams \u00e8 fiducioso che la fondazione sia in buone mani con Bechtel.<\/p>\n<p>\"Credo che il nuovo amministratore delegato comprenda la responsabilit\u00e0 fiduciaria della fondazione e guider\u00e0 il consiglio di conseguenza\", ha dichiarato Adams. \"Hanno la leadership e l'impegno del consiglio per continuare a essere una risorsa per tutti i cittadini\". <span class=\"pt_phrase_term pt_term pt_geo\">Contea di Ventura<\/span>.\"<\/p>\n<p>La VCCF ha gi\u00e0 rimborsato $400.000 dei $1,8 milioni e ha incaricato un consulente esterno di rivedere le sue attuali politiche di investimento per garantire che errori finanziari simili non si ripetano.<\/p>\n<p>Membro del consiglio della Fondazione <span class=\"pt_phrase_term pt_term pt_ind pt_noarticles\" title=\"Nessun altro articolo trovato\">Gary Erickson<\/span> ha dichiarato: \"La trasparenza \u00e8 l'unico modo per ripristinare pienamente la fiducia dei nostri donatori e della comunit\u00e0 che serviamo. . . . Ci rammarichiamo del percorso che ha portato a questa situazione e stiamo adottando misure aggressive per garantire che non si ripeta mai pi\u00f9\".<\/p>\n<p>Bechtel ritiene che la fondazione si sia lasciata alle spalle un \"capitolo difficile\".<\/p>\n<p>\"Sono particolarmente grato ai nostri donatori e sostenitori per averci sostenuto in un momento difficile. Questo riflette il nostro impegno per la trasparenza e la nostra esperienza trentennale nel fornire un sostegno fondamentale ai residenti della Contea di Ventura\", ha dichiarato Bechtel.<\/p>\n<\/div>","protected":false},"excerpt":{"rendered":"","protected":false},"author":3,"featured_media":1494,"comment_status":"closed","ping_status":"closed","sticky":false,"template":"","format":"standard","meta":{"_acf_changed":false,"give_campaign_id":0,"footnotes":""},"categories":[22],"tags":[],"class_list":["post-1493","post","type-post","status-publish","format-standard","has-post-thumbnail","hentry","category-latest-coverage"],"acf":[],"_links":{"self":[{"href":"https:\/\/vccf.org\/it\/wp-json\/wp\/v2\/posts\/1493","targetHints":{"allow":["GET"]}}],"collection":[{"href":"https:\/\/vccf.org\/it\/wp-json\/wp\/v2\/posts"}],"about":[{"href":"https:\/\/vccf.org\/it\/wp-json\/wp\/v2\/types\/post"}],"author":[{"embeddable":true,"href":"https:\/\/vccf.org\/it\/wp-json\/wp\/v2\/users\/3"}],"replies":[{"embeddable":true,"href":"https:\/\/vccf.org\/it\/wp-json\/wp\/v2\/comments?post=1493"}],"version-history":[{"count":0,"href":"https:\/\/vccf.org\/it\/wp-json\/wp\/v2\/posts\/1493\/revisions"}],"wp:featuredmedia":[{"embeddable":true,"href":"https:\/\/vccf.org\/it\/wp-json\/wp\/v2\/media\/1494"}],"wp:attachment":[{"href":"https:\/\/vccf.org\/it\/wp-json\/wp\/v2\/media?parent=1493"}],"wp:term":[{"taxonomy":"category","embeddable":true,"href":"https:\/\/vccf.org\/it\/wp-json\/wp\/v2\/categories?post=1493"},{"taxonomy":"post_tag","embeddable":true,"href":"https:\/\/vccf.org\/it\/wp-json\/wp\/v2\/tags?post=1493"}],"curies":[{"name":"wp","href":"https:\/\/api.w.org\/{rel}","templated":true}]}}