{"id":16393,"date":"2022-08-31T12:23:21","date_gmt":"2022-08-31T19:23:21","guid":{"rendered":"https:\/\/vccf.org\/?p=16393"},"modified":"2025-03-05T00:55:16","modified_gmt":"2025-03-05T08:55:16","slug":"power-of-purpose-august-31-2022","status":"publish","type":"post","link":"https:\/\/vccf.org\/it\/power-of-purpose-august-31-2022\/","title":{"rendered":"Il potere dello scopo - 31 agosto 2022"},"content":{"rendered":"<p><img loading=\"lazy\" decoding=\"async\" class=\"size-full wp-image-14303 aligncenter\" src=\"https:\/\/vccf.org\/wp-content\/uploads\/2021\/12\/0ea2f070-926c-4b9e-fc28-bf93f02f9fe2.png\" alt=\"\" width=\"600\" height=\"301\" srcset=\"https:\/\/vccf.org\/wp-content\/uploads\/2021\/12\/0ea2f070-926c-4b9e-fc28-bf93f02f9fe2.png 600w, https:\/\/vccf.org\/wp-content\/uploads\/2021\/12\/0ea2f070-926c-4b9e-fc28-bf93f02f9fe2-300x151.png 300w, https:\/\/vccf.org\/wp-content\/uploads\/2021\/12\/0ea2f070-926c-4b9e-fc28-bf93f02f9fe2-18x9.png 18w\" sizes=\"auto, (max-width: 600px) 100vw, 600px\" \/><\/p>\n<p>Cara famiglia della Ventura County Community Foundation,<\/p>\n<p>Nelle ultime settimane ho riflettuto molto sulle caratteristiche di una grande leadership. Questo \u00e8 avvenuto dopo la perdita di una cara amica e di un eroe locale. Carmen Ramirez \u00e8 stata di gran lunga uno dei leader pi\u00f9 stimolanti che abbia mai conosciuto e mi manca cos\u00ec tanto che faccio fatica a respirare.<\/p>\n<p>Carmen era una donna che abbracciava il difficile, non aveva paura di nessuna sfida e affrontava ogni situazione con una forza e una grazia che affascinavano chi le stava intorno.<\/p>\n<p>Nietzsche dice: \"Chi ha un perch\u00e9 per vivere pu\u00f2 sopportare quasi ogni come\". Carmen era una donna di proposito e il suo impegno per l'equit\u00e0 e la giustizia era cos\u00ec forte che le battute d'arresto erano solo piccoli ostacoli sulla strada. Ha avuto un impatto su migliaia e migliaia di vite nella nostra comunit\u00e0.<\/p>\n<p>Carmen, da tempo membro del Consiglio di amministrazione della vostra Fondazione comunitaria, co-presidente dell'Iniziativa per la massima qualit\u00e0 dell'educazione della prima infanzia nella Contea di Ventura e preziosa partner di pensiero strategico, ci mancher\u00e0 moltissimo. La nostra cara amica irradiava gioia e brillava di una luce interiore che continuer\u00e0 a risplendere in tutti coloro che la conoscevano.<\/p>\n<p>In solidariet\u00e0,<br \/>\nVanessa<br \/>\n<em>Vanessa Bechtel, Presidente e CEO della VCCF<\/em><\/p>\n<p><\/p>\n<h2 style=\"text-align: center;\">La VCCF celebra la vita di Carmen Ramirez<\/h2>\n<p><img loading=\"lazy\" decoding=\"async\" class=\"alignleft wp-image-16354 size-medium\" src=\"https:\/\/vccf.org\/wp-content\/uploads\/2022\/08\/carmen-ramirez-300x300.jpeg\" alt=\"\" width=\"300\" height=\"300\" srcset=\"https:\/\/vccf.org\/wp-content\/uploads\/2022\/08\/carmen-ramirez-300x300.jpeg 300w, https:\/\/vccf.org\/wp-content\/uploads\/2022\/08\/carmen-ramirez-150x150.jpeg 150w, https:\/\/vccf.org\/wp-content\/uploads\/2022\/08\/carmen-ramirez-12x12.jpeg 12w, https:\/\/vccf.org\/wp-content\/uploads\/2022\/08\/carmen-ramirez.jpeg 730w\" sizes=\"auto, (max-width: 300px) 100vw, 300px\" \/>La Fondazione Comunitaria della Contea di Ventura piange la perdita di <strong>Carmen Ramirez<\/strong>un'eroina e un'apripista nella comunit\u00e0. Tra il suo attivismo e il suo servizio in tutta la contea, \u00e8 stata co-presidente dell'Iniziativa per l'educazione della prima infanzia nella contea di Ventura ed \u00e8 stata membro del Consiglio della VCCF. <strong>Ci mancher\u00e0 molto e celebreremo il suo instancabile lavoro per raggiungere l'equit\u00e0 per tutti nella nostra comunit\u00e0.<\/strong>Per saperne di pi\u00f9<\/p>\n<h2 style=\"text-align: center;\">#BecauseYouGave<\/h2>\n<p><a href=\"https:\/\/vimeo.com\/724071449\/4c7a3af7e4\" target=\"_blank\" rel=\"noopener\"><img loading=\"lazy\" decoding=\"async\" class=\"aligncenter wp-image-16395\" src=\"https:\/\/vccf.org\/wp-content\/uploads\/2022\/08\/byg-thumbnail-email-2.png\" alt=\"\" width=\"600\" height=\"449\" srcset=\"https:\/\/vccf.org\/wp-content\/uploads\/2022\/08\/byg-thumbnail-email-2.png 700w, https:\/\/vccf.org\/wp-content\/uploads\/2022\/08\/byg-thumbnail-email-2-300x225.png 300w, https:\/\/vccf.org\/wp-content\/uploads\/2022\/08\/byg-thumbnail-email-2-16x12.png 16w\" sizes=\"auto, (max-width: 600px) 100vw, 600px\" \/><\/a><\/p>\n<p>Quest'anno, <strong>La VCCF assegner\u00e0 oltre $1,4 MILIONI in borse di studio<\/strong> a pi\u00f9 di <strong>300 studenti locali di ispirazione<\/strong>! Durante la pandemia di Covid-19 abbiamo continuato la nostra tradizione di celebrare i beneficiari delle borse di studio VCCF 2022 attraverso il nostro <strong>Video della campagna #BecauseYouGave<\/strong>per ringraziare i nostri donatori per la loro generosit\u00e0 e mettere in risalto il duro lavoro e i sogni dei nostri studenti.<\/p>\n<p>Vi invitiamo a <strong>guardate il video e lasciatevi ispirare <\/strong>dal potere del dono e dalla perseveranza degli incredibili studenti della nostra comunit\u00e0. I nostri studenti hanno condiviso le loro storie edificanti e le foto di come <strong>Le borse di studio della VCCF hanno un impatto sulle loro famiglie, sulla loro istruzione e sul loro futuro<\/strong>.continua a leggere<\/p>\n<h2 style=\"text-align: center;\">Vi presentiamo Larry Hines - Caratteristica del donatore<\/h2>\n<p><img loading=\"lazy\" decoding=\"async\" class=\"aligncenter wp-image-22639 size-full\" src=\"https:\/\/vccf.org\/wp-content\/uploads\/2022\/08\/larry-hines-scaled-2.jpg\" alt=\"\" width=\"1920\" height=\"1278\" srcset=\"https:\/\/vccf.org\/wp-content\/uploads\/2022\/08\/larry-hines-scaled-2.jpg 1920w, https:\/\/vccf.org\/wp-content\/uploads\/2022\/08\/larry-hines-scaled-2-300x200.jpg 300w, https:\/\/vccf.org\/wp-content\/uploads\/2022\/08\/larry-hines-scaled-2-1024x682.jpg 1024w, https:\/\/vccf.org\/wp-content\/uploads\/2022\/08\/larry-hines-scaled-2-768x511.jpg 768w, https:\/\/vccf.org\/wp-content\/uploads\/2022\/08\/larry-hines-scaled-2-1536x1022.jpg 1536w, https:\/\/vccf.org\/wp-content\/uploads\/2022\/08\/larry-hines-scaled-2-18x12.jpg 18w\" sizes=\"auto, (max-width: 1920px) 100vw, 1920px\" \/><\/p>\n<p>Il VCCF ha parlato con <strong>Larry Hines <\/strong>per l'intervista di questo mese a un donatore-cliente. Per saperne di pi\u00f9 sulla sua nonprofit, la <a href=\"https:\/\/vccf.us19.list-manage.com\/track\/click?u=c9b2623ed494d61a163dd363c&amp;id=1ad07ef14c&amp;e=fa866f741a\" target=\"_blank\" rel=\"noopener\"><strong>Accademia Nadine Griffey del Kenya<\/strong><\/a>e come questa accademia sia stata istituita in onore della sua defunta moglie.\u00a0<strong>rompere il ciclo della povert\u00e0 attraverso l'istruzione degli orfani in Kenya<\/strong>.continua a leggere<\/p>\n<h2 style=\"text-align: center;\">Congratulazioni, Ventura College!<\/h2>\n<p><img loading=\"lazy\" decoding=\"async\" class=\"aligncenter wp-image-16396\" src=\"https:\/\/vccf.org\/wp-content\/uploads\/2022\/08\/ventura-college.jpg\" alt=\"\" width=\"600\" height=\"400\" srcset=\"https:\/\/vccf.org\/wp-content\/uploads\/2022\/08\/ventura-college.jpg 1773w, https:\/\/vccf.org\/wp-content\/uploads\/2022\/08\/ventura-college-300x200.jpg 300w, https:\/\/vccf.org\/wp-content\/uploads\/2022\/08\/ventura-college-1024x683.jpg 1024w, https:\/\/vccf.org\/wp-content\/uploads\/2022\/08\/ventura-college-768x512.jpg 768w, https:\/\/vccf.org\/wp-content\/uploads\/2022\/08\/ventura-college-1536x1024.jpg 1536w, https:\/\/vccf.org\/wp-content\/uploads\/2022\/08\/ventura-college-18x12.jpg 18w\" sizes=\"auto, (max-width: 600px) 100vw, 600px\" \/><\/p>\n<p>Dall'inizio del semestre autunnale 2021 a oggi, <strong>Collegio Ventura<\/strong> ha ricevuto molti premi, onorificenze e sovvenzioni prestigiose di cui sono estremamente orgogliosi e si sforzano di mantenere questo slancio. Di recente, il <strong>Il college ha ricevuto $62 milioni di euro per finanziare alloggi a prezzi accessibili per gli studenti.<\/strong> che contribuir\u00e0 a rendere accessibile il necessario <strong>alloggi per i nostri studenti pi\u00f9 vulnerabili<\/strong>. Il Ventura College ha ricevuto anche il premio <strong>Premio Aspen per l'eccellenza dell'universit\u00e0 comunitaria<\/strong> e si sono classificati <strong>22\u00b0 posto tra i 100 migliori college e universit\u00e0 per ispanici<\/strong> da <a href=\"https:\/\/vccf.us19.list-manage.com\/track\/click?u=c9b2623ed494d61a163dd363c&amp;id=6e226ce68c&amp;e=fa866f741a\" target=\"_blank\" rel=\"noopener\">Rivista Hispanic Outlook on Education<\/a>. Nell'ottobre 2021, VC si \u00e8 aggiudicata una <strong>$5 milioni di euro per finanziare il Progetto S:AIL in STEM<\/strong> che rafforza la designazione di Hispanic Serving Institution (HSI) del Ventura College trasformando le strutture e la cultura istituzionali per abbracciare un campus orientato al servizio che mette al centro, e si basa, sulle risorse culturali e intellettuali degli studenti latini\/a\/o STEM.Per saperne di pi\u00f9<\/p>\n<h2 style=\"text-align: center;\">Pranzo e apprendimento virtuale dei donatori VCCF - Registrazioni di luglio e agosto<\/h2>\n<p><img loading=\"lazy\" decoding=\"async\" class=\"size-full wp-image-16397 aligncenter\" src=\"https:\/\/vccf.org\/wp-content\/uploads\/2022\/08\/dpn-email-header-3.png\" alt=\"\" width=\"600\" height=\"340\" srcset=\"https:\/\/vccf.org\/wp-content\/uploads\/2022\/08\/dpn-email-header-3.png 600w, https:\/\/vccf.org\/wp-content\/uploads\/2022\/08\/dpn-email-header-3-300x170.png 300w, https:\/\/vccf.org\/wp-content\/uploads\/2022\/08\/dpn-email-header-3-18x10.png 18w\" sizes=\"auto, (max-width: 600px) 100vw, 600px\" \/><\/p>\n<p>VCCF<strong>\u00a0Pranzo e apprendimento virtuale dei donatori<\/strong> in evidenza <strong>Consulenza Canterbury <\/strong>a luglio, presentando il <strong>mercato finanziario attuale<\/strong> e <strong>Il portafoglio di investimenti della VCCF, <\/strong>e <strong>Fondazione sanitaria St. <\/strong>e <strong>Make-A-Wish Tri-Counties<\/strong> condividendo il loro lavoro con un aggiornamento su <strong>Iniziativa VCCF sul caregiving<\/strong> in agosto. Guardate le registrazioni di queste sessioni o guardate i nostri prossimi relatori facendo clic sul pulsante qui sotto.Per saperne di pi\u00f9<\/p>\n<h2 style=\"text-align: center;\">Veglia comunitaria per Mark e Jacob Iskander<\/h2>\n<p><img loading=\"lazy\" decoding=\"async\" class=\"wp-image-13472 aligncenter\" src=\"https:\/\/vccf.org\/wp-content\/uploads\/2021\/09\/iskander-photo.jpg\" alt=\"\" width=\"600\" height=\"384\" srcset=\"https:\/\/vccf.org\/wp-content\/uploads\/2021\/09\/iskander-photo.jpg 750w, https:\/\/vccf.org\/wp-content\/uploads\/2021\/09\/iskander-photo-300x192.jpg 300w, https:\/\/vccf.org\/wp-content\/uploads\/2021\/09\/iskander-photo-18x12.jpg 18w\" sizes=\"auto, (max-width: 600px) 100vw, 600px\" \/><\/p>\n<p>Riunitevi con i membri della comunit\u00e0 per un <strong>veglia in onore della memoria di Mark e Jacob Iskander<\/strong> il 29 settembre alle 16. La veglia, che celebra il secondo anniversario della scomparsa dei ragazzi, si terr\u00e0 nel parco giochi del loro quartiere, il Three Springs Park. <strong>La VCCF sar\u00e0 presente all'evento per offrire parole di sostegno alla comunit\u00e0 e raccogliere donazioni per la Fondazione Mark &amp; Jacob Iskander.<\/strong>, un'associazione senza scopo di lucro creata a loro nome per aiutare i bambini meno fortunati della Contea di Ventura e di tutto il mondo. <strong>Si invita a partecipare all'incontro.<\/strong>Per saperne di pi\u00f9 e RSVP<\/p>\n<h2 style=\"text-align: center;\">Il potere della comunit\u00e0<\/h2>\n<h3 style=\"text-align: center;\"><strong>Buone notizie dalla vostra comunit\u00e0 di Ventura<\/strong><\/h3>\n<p><img loading=\"lazy\" decoding=\"async\" class=\"size-full wp-image-14498 aligncenter\" src=\"https:\/\/vccf.org\/wp-content\/uploads\/2021\/12\/power-of-community.png\" alt=\"\" width=\"820\" height=\"312\" srcset=\"https:\/\/vccf.org\/wp-content\/uploads\/2021\/12\/power-of-community.png 820w, https:\/\/vccf.org\/wp-content\/uploads\/2021\/12\/power-of-community-300x114.png 300w, https:\/\/vccf.org\/wp-content\/uploads\/2021\/12\/power-of-community-768x292.png 768w, https:\/\/vccf.org\/wp-content\/uploads\/2021\/12\/power-of-community-18x7.png 18w\" sizes=\"auto, (max-width: 820px) 100vw, 820px\" \/><\/p>\n<h3 style=\"text-align: center;\"><strong>Rodeo in bicicletta della Promessa di Nyeland<\/strong><\/h3>\n<p style=\"text-align: center;\"><img loading=\"lazy\" decoding=\"async\" class=\"aligncenter wp-image-22638 size-full\" src=\"https:\/\/vccf.org\/wp-content\/uploads\/2022\/08\/bike-1-scaled-2.jpg\" alt=\"\" width=\"1920\" height=\"1082\" srcset=\"https:\/\/vccf.org\/wp-content\/uploads\/2022\/08\/bike-1-scaled-2.jpg 1920w, https:\/\/vccf.org\/wp-content\/uploads\/2022\/08\/bike-1-scaled-2-300x169.jpg 300w, https:\/\/vccf.org\/wp-content\/uploads\/2022\/08\/bike-1-scaled-2-1024x577.jpg 1024w, https:\/\/vccf.org\/wp-content\/uploads\/2022\/08\/bike-1-scaled-2-768x433.jpg 768w, https:\/\/vccf.org\/wp-content\/uploads\/2022\/08\/bike-1-scaled-2-1536x866.jpg 1536w, https:\/\/vccf.org\/wp-content\/uploads\/2022\/08\/bike-1-scaled-2-18x10.jpg 18w\" sizes=\"auto, (max-width: 1920px) 100vw, 1920px\" \/><\/p>\n<p>Per concludere la loro intensa estate di servizio prima dell'inizio dell'anno scolastico, <strong>Nyeland Promise ha ospitato il Bike Rodeo<\/strong>un evento per famiglie per educare i bambini alla sicurezza in bicicletta. I bambini hanno avuto l'opportunit\u00e0 di mettere alla prova le abilit\u00e0 appena apprese facendo un divertente giro in bicicletta intorno a Nyeland Acres scortati dallo sceriffo della contea di Ventura e dal dipartimento di polizia di Oxnard. Nyeland Promise ha distribuito oltre <strong>300 caschi <\/strong>ai bambini che hanno partecipato all'evento e messo in palio <strong>40 biciclette nuove di zecca<\/strong>.<\/p>\n<p>Il Bike Rodeo era parte del <strong>Programma multilingue Viaggi Sicuri\/Viajes Seguros<\/strong>un programma di Mini-Grants con l'Associazione dei Governi della California del Sud sviluppato per <strong>aumentare l'intelligenza della comunit\u00e0 e ridurre l'ansia degli escursionisti, dei ciclisti e dei bambini <\/strong>quando si cammina per le strade e nei dintorni.<\/p>\n<p>Desideriamo inoltre congratularci con Nyeland Promise per aver ricevuto il premio <strong>Premio Non-Profit dell'anno <\/strong>dalla West Ventura County Business Alliance!<\/p>\n<h2 style=\"text-align: center;\">Calendario degli eventi<\/h2>\n<p><strong>Lavorare insieme per il cambiamento: Il ruolo del settore non profit nel promuovere l'equit\u00e0 regionale, parte 2<\/strong><br \/>\n<em>Mercoled\u00ec 31 agosto dalle 12.30 alle 14.00 (virtuale)<\/em><br \/>\nNello spirito della curiosit\u00e0 e della condivisione della saggezza comunitaria, Nonprofit Resource Network e The Fund for Santa Barbara vi invitano a partecipare a una conversazione comunitaria con le organizzazioni che svolgono un lavoro di equit\u00e0 per discutere come possiamo trasformare attivamente il settore e la nostra regione. Basandosi sul quadro dell'Iniziativa regionale per l'equit\u00e0 della Costa Centrale, questa discussione comunitaria presenter\u00e0 i punti di vista dell'Unione degli Inquilini di Santa Barbara, della Ventura County Community Foundation e di Women's Economic Ventures, che parleranno dell'azione per l'equit\u00e0 nell'organizzazione, nel finanziamento e nelle organizzazioni di servizi diretti, oltre a offrire ai membri della comunit\u00e0 l'opportunit\u00e0 di discutere in modo collaborativo su come potrebbe apparire l'equit\u00e0 trasformativa nella nostra regione. <a href=\"https:\/\/vccf.us19.list-manage.com\/track\/click?u=c9b2623ed494d61a163dd363c&amp;id=1244d52931&amp;e=fa866f741a\" target=\"_blank\" rel=\"noopener\">Clicca qui per saperne di pi\u00f9<\/a>.<\/p>\n<p><strong>Caff\u00e8 e connessioni VCCF - Come gestire il burnout e la transizione dei consigli di amministrazione<\/strong><br \/>\n<em>Mercoled\u00ec 7 settembre dalle 9 alle 10 (virtuale)<\/em><br \/>\nUnitevi a noi in conversazioni facilitate con le organizzazioni non profit locali per condividere le missioni, chiacchierare delle sfide e dei successi e approfondire la conoscenza della nostra comunit\u00e0 e dei suoi bisogni. Coffee &amp; Connections \u00e8 una splendida opportunit\u00e0 per incontrare e connettersi con altri professionisti del settore non profit e imparare insieme attraverso esperienze condivise e discussioni che si concentrano sulle soluzioni, costruendo al contempo partnership comunitarie. <a href=\"https:\/\/vccf.us19.list-manage.com\/track\/click?u=c9b2623ed494d61a163dd363c&amp;id=607853129c&amp;e=fa866f741a\" target=\"_blank\" rel=\"noopener\">Per saperne di pi\u00f9 e registrarsi.<\/a><\/p>\n<p><strong>Forum dei finanziatori della Contea di Ventura<\/strong><br \/>\n<em>Luned\u00ec 12 settembre dalle 12 alle 13.30 (Hybrid, Zoom e VCCF Nonprofit Center)<\/em><br \/>\nUnitevi a noi per il prossimo incontro del Ventura County Funders Forum! <strong>Il Ventura County Funders Forum \u00e8 un forum per fondazioni, finanziatori e finanziatori che sostengono le organizzazioni caritatevoli nella Contea di Ventura, promuovendo il bene pubblico e il lavoro delle organizzazioni non profit.<\/strong> Tutte le organizzazioni che forniscono sovvenzioni alle organizzazioni non profit della Contea di Ventura sono invitate a partecipare a un forum progettato per educare, informare, condividere e collaborare dove obiettivi simili, intenti caritatevoli, visioni multiple, filantropia dedicata ed esperienza informata possono trovare un terreno comune. <a href=\"https:\/\/vccf.us19.list-manage.com\/track\/click?u=c9b2623ed494d61a163dd363c&amp;id=9e96d76751&amp;e=fa866f741a\" target=\"_blank\" rel=\"noopener\">Per saperne di pi\u00f9 e registrarsi<\/a>.<\/p>","protected":false},"excerpt":{"rendered":"<p>Dear Ventura County Community Foundation Family, I\u2019ve been reflecting so much on the characteristics of great leadership these past weeks. This has come after losing such a dear friend and&hellip;<\/p>","protected":false},"author":3,"featured_media":16354,"comment_status":"closed","ping_status":"closed","sticky":false,"template":"","format":"standard","meta":{"_acf_changed":false,"give_campaign_id":0,"footnotes":""},"categories":[24],"tags":[],"class_list":["post-16393","post","type-post","status-publish","format-standard","has-post-thumbnail","hentry","category-newsletters"],"acf":[],"_links":{"self":[{"href":"https:\/\/vccf.org\/it\/wp-json\/wp\/v2\/posts\/16393","targetHints":{"allow":["GET"]}}],"collection":[{"href":"https:\/\/vccf.org\/it\/wp-json\/wp\/v2\/posts"}],"about":[{"href":"https:\/\/vccf.org\/it\/wp-json\/wp\/v2\/types\/post"}],"author":[{"embeddable":true,"href":"https:\/\/vccf.org\/it\/wp-json\/wp\/v2\/users\/3"}],"replies":[{"embeddable":true,"href":"https:\/\/vccf.org\/it\/wp-json\/wp\/v2\/comments?post=16393"}],"version-history":[{"count":0,"href":"https:\/\/vccf.org\/it\/wp-json\/wp\/v2\/posts\/16393\/revisions"}],"wp:featuredmedia":[{"embeddable":true,"href":"https:\/\/vccf.org\/it\/wp-json\/wp\/v2\/media\/16354"}],"wp:attachment":[{"href":"https:\/\/vccf.org\/it\/wp-json\/wp\/v2\/media?parent=16393"}],"wp:term":[{"taxonomy":"category","embeddable":true,"href":"https:\/\/vccf.org\/it\/wp-json\/wp\/v2\/categories?post=16393"},{"taxonomy":"post_tag","embeddable":true,"href":"https:\/\/vccf.org\/it\/wp-json\/wp\/v2\/tags?post=16393"}],"curies":[{"name":"wp","href":"https:\/\/api.w.org\/{rel}","templated":true}]}}