{"id":17893,"date":"2023-03-28T16:48:21","date_gmt":"2023-03-28T23:48:21","guid":{"rendered":"https:\/\/vccf.org\/?p=17893"},"modified":"2026-02-25T10:11:34","modified_gmt":"2026-02-25T18:11:34","slug":"vccf-power-of-purpose-newsletter-march-28-2023","status":"publish","type":"post","link":"https:\/\/vccf.org\/it\/vccf-power-of-purpose-newsletter-march-28-2023\/","title":{"rendered":"Newsletter VCCF Power of Purpose - 28 marzo 2023"},"content":{"rendered":"<div class=\"wp-block-image\">\n<figure class=\"aligncenter size-full is-resized\"><img loading=\"lazy\" decoding=\"async\" width=\"600\" height=\"301\" src=\"https:\/\/vccf.org\/wp-content\/uploads\/2021\/12\/0ea2f070-926c-4b9e-fc28-bf93f02f9fe2.png\" alt=\"\" class=\"wp-image-14303\" style=\"width:768px;height:auto\" srcset=\"https:\/\/vccf.org\/wp-content\/uploads\/2021\/12\/0ea2f070-926c-4b9e-fc28-bf93f02f9fe2.png 600w, https:\/\/vccf.org\/wp-content\/uploads\/2021\/12\/0ea2f070-926c-4b9e-fc28-bf93f02f9fe2-300x151.png 300w, https:\/\/vccf.org\/wp-content\/uploads\/2021\/12\/0ea2f070-926c-4b9e-fc28-bf93f02f9fe2-18x9.png 18w\" sizes=\"auto, (max-width: 600px) 100vw, 600px\" \/><\/figure>\n<\/div>\n\n\n<p>Cara famiglia della Ventura County Community Foundation,<\/p>\n\n\n\n<p>Anche se sono cresciuto nel Maine e so come convivere con il tempo (nel Maine ci piace dire: \"Se non ti piace il tempo, aspetta un minuto...\"), non ricordo di aver mai vissuto le tempeste che abbiamo avuto in questa stagione nei miei quasi 40 anni in California. Queste tempeste hanno portato piogge senza precedenti nella nostra regione che, s\u00ec, hanno avuto un effetto positivo sulla nostra siccit\u00e0 (anche se \u00e8 tutt'altro che finita), ma anche devastazioni per molti, pi\u00f9 spesso per coloro che non hanno le risorse per riprendersi rapidamente o completamente.&nbsp;<strong>Il VCCF continua a sostenere l'805 UndocuFund e il programma di assistenza alle famiglie di lavoratori agricoli.<\/strong>&nbsp;per fornire risorse a queste famiglie bisognose della nostra comunit\u00e0.<\/p>\n\n\n\n<p>Alla riunione del Consiglio di Amministrazione della VCCF di marzo, il nostro Consiglio ha approvato oltre&nbsp;<strong>$200.000 sovvenzioni a organizzazioni non profit che fanno la differenza per la salute della nostra comunit\u00e0<\/strong>. Queste sovvenzioni hanno permesso alla Westminster Free Clinic, alla Planned Parenthood Central Coast e alla Conejo Free Clinic di acquistare nuove attrezzature mediche e di ampliare i servizi.<\/p>\n\n\n\n<p>Un esempio di differenza significativa che stiamo facendo insieme \u00e8 quello di&nbsp;<strong>Fondazione per l'assistenza sanitaria nella contea di Ventura<\/strong>&nbsp;per sostenere il Child Life Specialist del Ventura County Medical Center. Ho avuto il piacere di visitare il VCMC grazie ad Amy Towner, amministratore delegato dell'HCFVC, e devo condividere il momento pi\u00f9 significativo che ho vissuto durante la visita.&nbsp;<strong>Mi \u00e8 stata presentata Caitlyn Martin, specialista di vita infantile certificata del VCMC.<\/strong>. Il VCMC si prende cura di alcuni dei bambini pi\u00f9 malati della contea di Ventura e Caitlyn porta conforto a questi giovani pazienti. Con un approccio compassionevole e personale, aiuta i bambini a prepararsi per le procedure, dall'iniezione ai trattamenti per il cancro, fino all'intervento chirurgico. Questi bambini vengono confortati da Caitlyn in alcuni dei loro momenti pi\u00f9 difficili. Non sapevo che avessimo questo servizio straordinario nella Contea di Ventura e credo che molti di voi non lo sapessero. Caitlyn, grazie per il lavoro che svolgi a sostegno della nostra comunit\u00e0 e in particolare dei nostri bambini.<\/p>\n\n\n\n<p>Sono certo che ci aspetta un anno meraviglioso di donazioni. Siamo nella fase finale della preparazione del nostro&nbsp;<strong>Rivista Legacy<\/strong>&nbsp;che condivider\u00e0 molte storie dei nostri donatori e partner non profit e l'impatto positivo collettivo che stiamo avendo nella Contea di Ventura. Grazie per la vostra collaborazione.<\/p>\n\n\n\n<p>Jeffrey Lambert, direttore operativo della VCCF<\/p>\n\n\n\n<div style=\"height:10px\" aria-hidden=\"true\" class=\"wp-block-spacer\"><\/div>\n\n\n\n<figure class=\"wp-block-embed is-type-video is-provider-youtube wp-block-embed-youtube wp-embed-aspect-16-9 wp-has-aspect-ratio\"><div class=\"wp-block-embed__wrapper\">\n<iframe loading=\"lazy\" title=\"Child Life Specialist at Ventura County Medical Center\" width=\"500\" height=\"281\" src=\"https:\/\/www.youtube.com\/embed\/rDqcMOGYS9Y?feature=oembed\" frameborder=\"0\" allow=\"accelerometer; autoplay; clipboard-write; encrypted-media; gyroscope; picture-in-picture; web-share\" referrerpolicy=\"strict-origin-when-cross-origin\" allowfullscreen><\/iframe>\n<\/div><figcaption class=\"wp-element-caption\"><em>Per saperne di pi\u00f9 su Caitlin e sul suo lavoro come specialista certificato di vita infantile del VCMC, guardate questo video!<\/em><\/figcaption><\/figure>\n\n\n\n<div style=\"height:10px\" aria-hidden=\"true\" class=\"wp-block-spacer\"><\/div>\n\n\n\n<hr class=\"wp-block-separator has-alpha-channel-opacity\"\/>\n\n\n<div class=\"wp-block-image\">\n<figure class=\"alignleft size-full is-resized\"><img loading=\"lazy\" decoding=\"async\" width=\"688\" height=\"586\" src=\"https:\/\/vccf.org\/wp-content\/uploads\/2023\/04\/805uf-winter-update.jpg\" alt=\"\" class=\"wp-image-17702\" style=\"width:328px;height:auto\" srcset=\"https:\/\/vccf.org\/wp-content\/uploads\/2023\/04\/805uf-winter-update.jpg 688w, https:\/\/vccf.org\/wp-content\/uploads\/2023\/04\/805uf-winter-update-300x256.jpg 300w, https:\/\/vccf.org\/wp-content\/uploads\/2023\/04\/805uf-winter-update-14x12.jpg 14w\" sizes=\"auto, (max-width: 688px) 100vw, 688px\" \/><\/figure>\n<\/div>\n\n\n<h2 class=\"wp-block-heading has-text-align-center\">805 Aggiornamento del Fondo per l'occupazione<\/h2>\n\n\n\n<p>I nostri amici di&nbsp;<strong>805 Fondo non vincolato<\/strong>&nbsp;hanno lavorato duramente in questo inverno piovoso&nbsp;<strong>sostenere le famiglie locali senza documenti durante la tempesta<\/strong>. View the presentation below to see some of their incredible work and the families they\u2019re helping through the disasters.<\/p>\n\n\n\n<div class=\"wp-block-buttons is-layout-flex wp-block-buttons-is-layout-flex\">\n<div class=\"wp-block-button has-custom-width wp-block-button__width-50\"><a class=\"wp-block-button__link has-fl-topbar-bg-color has-fl-accent-background-color has-text-color has-background has-link-color has-medium-font-size has-custom-font-size wp-element-button\">Per saperne di pi\u00f9<\/a><\/div>\n<\/div>\n\n\n\n<div style=\"height:10px\" aria-hidden=\"true\" class=\"wp-block-spacer\"><\/div>\n\n\n\n<hr class=\"wp-block-separator has-alpha-channel-opacity\"\/>\n\n\n<div class=\"wp-block-image\">\n<figure class=\"alignleft size-full is-resized\"><img loading=\"lazy\" decoding=\"async\" width=\"500\" height=\"400\" src=\"https:\/\/vccf.org\/wp-content\/uploads\/2023\/05\/aaron-emily-blog-post.png\" alt=\"\" class=\"wp-image-17896\" style=\"width:389px;height:auto\" srcset=\"https:\/\/vccf.org\/wp-content\/uploads\/2023\/05\/aaron-emily-blog-post.png 500w, https:\/\/vccf.org\/wp-content\/uploads\/2023\/05\/aaron-emily-blog-post-300x240.png 300w, https:\/\/vccf.org\/wp-content\/uploads\/2023\/05\/aaron-emily-blog-post-15x12.png 15w\" sizes=\"auto, (max-width: 500px) 100vw, 500px\" \/><\/figure>\n<\/div>\n\n\n<h2 class=\"wp-block-heading has-text-align-center\">Benvenuti alla VCCF, Emily e Aaron!<\/h2>\n\n\n\n<p>We\u2019d like to welcome two of our newest team members! Emily Marostica serves as our Scholarship Coordinator, and Aaron Weissman serves as our Database Manager.<\/p>\n\n\n\n<div class=\"wp-block-buttons is-layout-flex wp-block-buttons-is-layout-flex\">\n<div class=\"wp-block-button has-custom-width wp-block-button__width-75\"><a class=\"wp-block-button__link has-fl-topbar-bg-color has-fl-accent-background-color has-text-color has-background has-link-color has-medium-font-size has-custom-font-size wp-element-button\" href=\"https:\/\/vccf.org\/it\/meet-emily-marostica-aaron-weissman-newest-vccf-staff\/\">Meet Aaron &amp; Emily<\/a><\/div>\n<\/div>\n\n\n\n<p><\/p>\n\n\n\n<div style=\"height:10px\" aria-hidden=\"true\" class=\"wp-block-spacer\"><\/div>\n\n\n\n<hr class=\"wp-block-separator has-alpha-channel-opacity\"\/>\n\n\n<div class=\"wp-block-image\">\n<figure class=\"alignleft size-full\"><img loading=\"lazy\" decoding=\"async\" width=\"373\" height=\"379\" src=\"https:\/\/vccf.org\/wp-content\/uploads\/2023\/05\/roscoes.jpg\" alt=\"\" class=\"wp-image-17897\" srcset=\"https:\/\/vccf.org\/wp-content\/uploads\/2023\/05\/roscoes.jpg 373w, https:\/\/vccf.org\/wp-content\/uploads\/2023\/05\/roscoes-295x300.jpg 295w, https:\/\/vccf.org\/wp-content\/uploads\/2023\/05\/roscoes-12x12.jpg 12w\" sizes=\"auto, (max-width: 373px) 100vw, 373px\" \/><\/figure>\n<\/div>\n\n\n<h2 class=\"wp-block-heading has-text-align-center\">Meet Kerry &amp; Stacy Roscoe<\/h2>\n\n\n\n<p>VCCF intervistato&nbsp;<strong>Kerry e Stacy Roscoe<\/strong>&nbsp;per il nostro&nbsp;<strong>Intervista al cliente donatore di marzo<\/strong>. Questi sostenitori e volontari di lunga data del VCCF hanno parlato del programma di borse di studio del VCCF, delle loro ispirazioni nel servizio e dell'importanza di sostenere l'equit\u00e0 nell'istruzione nelle loro vite.<\/p>\n\n\n\n<div class=\"wp-block-buttons is-layout-flex wp-block-buttons-is-layout-flex\">\n<div class=\"wp-block-button has-custom-width wp-block-button__width-75\"><a class=\"wp-block-button__link has-fl-topbar-bg-color has-fl-accent-background-color has-text-color has-background has-link-color has-medium-font-size has-custom-font-size wp-element-button\" href=\"https:\/\/vccf.org\/it\/vccf-donor-spotlight-interview-with-kerry-and-stacy-roscoe\/\">Read the Interview<\/a><\/div>\n<\/div>\n\n\n\n<p><\/p>\n\n\n\n<div style=\"height:10px\" aria-hidden=\"true\" class=\"wp-block-spacer\"><\/div>\n\n\n\n<hr class=\"wp-block-separator has-alpha-channel-opacity\"\/>\n\n\n\n<h2 class=\"wp-block-heading has-text-align-center\">Il potere della comunit\u00e0<\/h2>\n\n\n<div class=\"wp-block-image\">\n<figure class=\"aligncenter size-full\"><img loading=\"lazy\" decoding=\"async\" width=\"820\" height=\"312\" src=\"https:\/\/vccf.org\/wp-content\/uploads\/2021\/12\/power-of-community.png\" alt=\"\" class=\"wp-image-14498\" srcset=\"https:\/\/vccf.org\/wp-content\/uploads\/2021\/12\/power-of-community.png 820w, https:\/\/vccf.org\/wp-content\/uploads\/2021\/12\/power-of-community-300x114.png 300w, https:\/\/vccf.org\/wp-content\/uploads\/2021\/12\/power-of-community-768x292.png 768w, https:\/\/vccf.org\/wp-content\/uploads\/2021\/12\/power-of-community-18x7.png 18w\" sizes=\"auto, (max-width: 820px) 100vw, 820px\" \/><\/figure>\n<\/div>\n\n\n<h3 class=\"wp-block-heading has-text-align-center\"><strong>\"La curiosit\u00e0 non va mai in pensione\" con OLLI<\/strong><\/h3>\n\n\n<div class=\"wp-block-image\">\n<figure class=\"alignleft size-large is-resized\"><img loading=\"lazy\" decoding=\"async\" width=\"1024\" height=\"771\" src=\"https:\/\/vccf.org\/wp-content\/uploads\/2023\/03\/olli-1024x771.jpg\" alt=\"\" class=\"wp-image-17549\" style=\"width:382px;height:auto\" srcset=\"https:\/\/vccf.org\/wp-content\/uploads\/2023\/03\/olli-1024x771.jpg 1024w, https:\/\/vccf.org\/wp-content\/uploads\/2023\/03\/olli-300x226.jpg 300w, https:\/\/vccf.org\/wp-content\/uploads\/2023\/03\/olli-768x578.jpg 768w, https:\/\/vccf.org\/wp-content\/uploads\/2023\/03\/olli-16x12.jpg 16w, https:\/\/vccf.org\/wp-content\/uploads\/2023\/03\/olli.jpg 1204w\" sizes=\"auto, (max-width: 1024px) 100vw, 1024px\" \/><\/figure>\n<\/div>\n\n\n<p>Il&nbsp;<strong>Istituto di apprendimento permanente Osher presso la CSU Channel Islands<\/strong>&nbsp;porta l'eccitazione e la stimolazione di&nbsp;<strong>apprendimento universitario per gli adulti della zona (50 o pi\u00f9!)<\/strong>&nbsp;che desiderano ampliare le loro esperienze di apprendimento in un'atmosfera universitaria, senza la distrazione dei voti o dei requisiti di laurea! Leggete il nostro&nbsp;<strong>articolo dell'istruttore OLLI e donatore VCCF Jerry Clifford<\/strong>&nbsp;to learn about this fun opportunity available to you.<\/p>\n\n\n\n<div class=\"wp-block-buttons is-layout-flex wp-block-buttons-is-layout-flex\">\n<div class=\"wp-block-button has-custom-width wp-block-button__width-50\"><a class=\"wp-block-button__link has-fl-topbar-bg-color has-fl-accent-background-color has-text-color has-background has-link-color has-medium-font-size has-custom-font-size wp-element-button\">Per saperne di pi\u00f9<\/a><\/div>\n<\/div>","protected":false},"excerpt":{"rendered":"<p>Dear Ventura County Community Foundation Family, Although I grew up in Maine and understand how to live with weather (in Maine we like to say, \u201cIf you don\u2019t like the&hellip;<\/p>","protected":false},"author":3,"featured_media":17895,"comment_status":"closed","ping_status":"closed","sticky":false,"template":"","format":"standard","meta":{"_acf_changed":false,"give_campaign_id":0,"footnotes":""},"categories":[24],"tags":[],"class_list":["post-17893","post","type-post","status-publish","format-standard","has-post-thumbnail","hentry","category-newsletters"],"acf":[],"_links":{"self":[{"href":"https:\/\/vccf.org\/it\/wp-json\/wp\/v2\/posts\/17893","targetHints":{"allow":["GET"]}}],"collection":[{"href":"https:\/\/vccf.org\/it\/wp-json\/wp\/v2\/posts"}],"about":[{"href":"https:\/\/vccf.org\/it\/wp-json\/wp\/v2\/types\/post"}],"author":[{"embeddable":true,"href":"https:\/\/vccf.org\/it\/wp-json\/wp\/v2\/users\/3"}],"replies":[{"embeddable":true,"href":"https:\/\/vccf.org\/it\/wp-json\/wp\/v2\/comments?post=17893"}],"version-history":[{"count":0,"href":"https:\/\/vccf.org\/it\/wp-json\/wp\/v2\/posts\/17893\/revisions"}],"wp:featuredmedia":[{"embeddable":true,"href":"https:\/\/vccf.org\/it\/wp-json\/wp\/v2\/media\/17895"}],"wp:attachment":[{"href":"https:\/\/vccf.org\/it\/wp-json\/wp\/v2\/media?parent=17893"}],"wp:term":[{"taxonomy":"category","embeddable":true,"href":"https:\/\/vccf.org\/it\/wp-json\/wp\/v2\/categories?post=17893"},{"taxonomy":"post_tag","embeddable":true,"href":"https:\/\/vccf.org\/it\/wp-json\/wp\/v2\/tags?post=17893"}],"curies":[{"name":"wp","href":"https:\/\/api.w.org\/{rel}","templated":true}]}}