{"id":19308,"date":"2023-09-25T14:22:43","date_gmt":"2023-09-25T21:22:43","guid":{"rendered":"https:\/\/vccf.org\/?p=19308"},"modified":"2025-03-04T00:41:58","modified_gmt":"2025-03-04T08:41:58","slug":"vccf-power-of-purpose-newsletter-september-22-2023","status":"publish","type":"post","link":"https:\/\/vccf.org\/it\/vccf-power-of-purpose-newsletter-september-22-2023\/","title":{"rendered":"Newsletter VCCF Power of Purpose - 22 settembre 2023"},"content":{"rendered":"<p><img loading=\"lazy\" decoding=\"async\" class=\"alignnone size-full wp-image-14303 aligncenter\" src=\"https:\/\/vccf.org\/wp-content\/uploads\/2021\/12\/0ea2f070-926c-4b9e-fc28-bf93f02f9fe2.png\" alt=\"\" width=\"600\" height=\"301\" srcset=\"https:\/\/vccf.org\/wp-content\/uploads\/2021\/12\/0ea2f070-926c-4b9e-fc28-bf93f02f9fe2.png 600w, https:\/\/vccf.org\/wp-content\/uploads\/2021\/12\/0ea2f070-926c-4b9e-fc28-bf93f02f9fe2-300x151.png 300w, https:\/\/vccf.org\/wp-content\/uploads\/2021\/12\/0ea2f070-926c-4b9e-fc28-bf93f02f9fe2-18x9.png 18w\" sizes=\"auto, (max-width: 600px) 100vw, 600px\" \/>Cara famiglia della Ventura County Community Foundation,<\/p>\n<p>Questo mese ricordiamo tutti coloro che ci sono stati portati via quella terribile mattina dell'11 settembre 2001. Ricordiamo anche il coraggio e l'audacia dimostrati da migliaia di volontari e primi soccorritori.<\/p>\n<p>Personalmente non dimenticher\u00f2 mai di aver letto che pi\u00f9 di <strong>57.000 Crocerossine<\/strong> da tutto il paese hanno servito pi\u00f9 di <strong>14 milioni di pasti e spuntini<\/strong>, aperto <strong>decine di rifugi<\/strong> per le persone che sono rimaste a terra, e <strong>si \u00e8 collegato circa 374.000 volte con persone<\/strong> per fornire supporto emotivo e servizi sanitari.<\/p>\n<p>Per diversi anni, <strong>miliardi di dollari sono stati versati<\/strong> per finanziare ingenti sforzi di soccorso e recupero, aiutando decine di migliaia di famiglie colpite dagli attacchi terroristici e la nostra nazione nel suo lavoro di ricostruzione. La solidariet\u00e0 sentita in tutto il mondo era cos\u00ec palpabile che mi commuove ancora oggi.<\/p>\n<p>Ci\u00f2 di cui siamo stati testimoni insieme \u00e8 il potere duraturo della speranza. Qualche anno fa, mentre rispondevamo ai disastri locali, ho memorizzato una delle poesie pi\u00f9 belle e amate di Emily Dickenson, \"<strong>La speranza \u00e8 la cosa con le piume<\/strong>.\" Lo ripeto spesso perch\u00e9 mi aiuta a ricordare che la speranza persiste, indipendentemente dalle circostanze. \u00c8 una forza impressionante e ognuno di voi, con i suoi atti di coraggio e generosit\u00e0, continua a portare nel nostro mondo comune.<\/p>\n<p>In solidariet\u00e0,<\/p>\n<p>Vanessa<\/p>\n<p><em>Vanessa Bechtel, Presidente e CEO della VCCF<\/em><\/p>\n<h1 style=\"text-align: center;\"><strong>Il Consiglio di amministrazione della VCCF approva $1.202.763,61 di sovvenzioni<\/strong><\/h1>\n<p><img loading=\"lazy\" decoding=\"async\" class=\"size-full wp-image-19310 alignright\" src=\"https:\/\/vccf.org\/wp-content\/uploads\/2023\/09\/1.png\" alt=\"A student in a graduation cap and gown smiles forward among other students\" width=\"300\" height=\"300\" srcset=\"https:\/\/vccf.org\/wp-content\/uploads\/2023\/09\/1.png 300w, https:\/\/vccf.org\/wp-content\/uploads\/2023\/09\/1-150x150.png 150w, https:\/\/vccf.org\/wp-content\/uploads\/2023\/09\/1-12x12.png 12w\" sizes=\"auto, (max-width: 300px) 100vw, 300px\" \/><img loading=\"lazy\" decoding=\"async\" class=\"aligncenter wp-image-19309 size-full\" src=\"https:\/\/vccf.org\/wp-content\/uploads\/2023\/09\/2.png\" alt=\"An emergency responder calmly treats a patient in an ambulance\" width=\"300\" height=\"300\" srcset=\"https:\/\/vccf.org\/wp-content\/uploads\/2023\/09\/2.png 300w, https:\/\/vccf.org\/wp-content\/uploads\/2023\/09\/2-150x150.png 150w, https:\/\/vccf.org\/wp-content\/uploads\/2023\/09\/2-12x12.png 12w\" sizes=\"auto, (max-width: 300px) 100vw, 300px\" \/><img loading=\"lazy\" decoding=\"async\" class=\"size-full wp-image-19311 alignleft\" src=\"https:\/\/vccf.org\/wp-content\/uploads\/2023\/09\/3.png\" alt=\"The exterior of the Ventura County Medical Center\" width=\"300\" height=\"300\" srcset=\"https:\/\/vccf.org\/wp-content\/uploads\/2023\/09\/3.png 300w, https:\/\/vccf.org\/wp-content\/uploads\/2023\/09\/3-150x150.png 150w, https:\/\/vccf.org\/wp-content\/uploads\/2023\/09\/3-12x12.png 12w\" sizes=\"auto, (max-width: 300px) 100vw, 300px\" \/>Il 18 settembre, <strong>Il Consiglio di Amministrazione della VCCF ha avuto l'onore di approvare oltre $1 milione di sovvenzioni per la nostra comunit\u00e0.<\/strong>Le sovvenzioni hanno spaziato dal sostegno alla salute e al benessere dei primi soccorritori, all'eliminazione del divario di rendimento per quasi 180 studenti delle scuole superiori di prima generazione, fino al finanziamento della prima unit\u00e0 di astinenza da dipendenze in regime di ricovero nella Contea di Ventura. Il presidente del Consiglio di amministrazione Sean Leonard ha dichiarato: \"La generosit\u00e0 dei nostri donatori tocca ogni angolo della nostra comunit\u00e0. La differenza che viene fatta ogni giorno cambia la vita, e ne siamo molto grati\".<\/p>\n<p>Le organizzazioni sostenute includono Buen Vecino, Swap Meet Justice, Health Care Foundation for Ventura County e il sostegno al Maui Strong Fund, oltre a <strong>pi\u00f9 di 50 altre organizzazioni non profit<\/strong>Per saperne di pi\u00f9 e registrarsi<img loading=\"lazy\" decoding=\"async\" class=\"aligncenter wp-image-19312\" src=\"https:\/\/vccf.org\/wp-content\/uploads\/2023\/09\/feast-or-flop.png\" alt=\"Feast or Flop - Vintage recipes meet modern chefs\" width=\"650\" height=\"365\" srcset=\"https:\/\/vccf.org\/wp-content\/uploads\/2023\/09\/feast-or-flop.png 1060w, https:\/\/vccf.org\/wp-content\/uploads\/2023\/09\/feast-or-flop-300x168.png 300w, https:\/\/vccf.org\/wp-content\/uploads\/2023\/09\/feast-or-flop-1024x575.png 1024w, https:\/\/vccf.org\/wp-content\/uploads\/2023\/09\/feast-or-flop-768x431.png 768w, https:\/\/vccf.org\/wp-content\/uploads\/2023\/09\/feast-or-flop-18x10.png 18w\" sizes=\"auto, (max-width: 650px) 100vw, 650px\" \/><\/p>\n<p>\"<strong>Festa o flop<\/strong>\" \u00e8 un <strong>coinvolgente programma di cucina online <\/strong>che unisce il mondo culinario ai tesori degli archivi del Museum of Ventura County. Ogni episodio conduce gli spettatori in un viaggio attraverso la storia della nostra contea, mentre la responsabile delle collezioni del MVC Renee Tallent scopre ricette che sono state nascoste per anni. Lavorando con chef regionali, Renee tenta di ricreare questi piatti per vedere se sono una deliziosa festa o un disastroso flop.Guarda il trailer<\/p>\n<h1 style=\"text-align: center;\"><strong>Logix dona cibo a Manna<\/strong><\/h1>\n<p><strong><img loading=\"lazy\" decoding=\"async\" class=\"alignleft wp-image-22713 size-medium\" src=\"https:\/\/vccf.org\/wp-content\/uploads\/2025\/03\/outside-pic_manna_07_28_23-scaled-1-300x226.jpg\" alt=\"\" width=\"300\" height=\"226\" srcset=\"https:\/\/vccf.org\/wp-content\/uploads\/2025\/03\/outside-pic_manna_07_28_23-scaled-1-300x226.jpg 300w, https:\/\/vccf.org\/wp-content\/uploads\/2025\/03\/outside-pic_manna_07_28_23-scaled-1-1024x771.jpg 1024w, https:\/\/vccf.org\/wp-content\/uploads\/2025\/03\/outside-pic_manna_07_28_23-scaled-1-768x578.jpg 768w, https:\/\/vccf.org\/wp-content\/uploads\/2025\/03\/outside-pic_manna_07_28_23-scaled-1-1536x1157.jpg 1536w, https:\/\/vccf.org\/wp-content\/uploads\/2025\/03\/outside-pic_manna_07_28_23-scaled-1-16x12.jpg 16w, https:\/\/vccf.org\/wp-content\/uploads\/2025\/03\/outside-pic_manna_07_28_23-scaled-1.jpg 1920w\" sizes=\"auto, (max-width: 300px) 100vw, 300px\" \/>La Logix Federal Credit Union ha recentemente consegnato 300 libbre di cibo alla Manna Conejo Valley Food Bank.<\/strong> dopo un mese di raccolta di cibo e donazioni con le tre filiali della LFCU. Con un ulteriore contributo di $1.000, Manna potr\u00e0 continuare a servire i residenti nella nuova sede, che potranno prendere tutto ci\u00f2 di cui hanno bisogno in un ambiente sicuro, simile a un negozio, che offre un senso di dignit\u00e0 e rispetto ai membri della comunit\u00e0 che vivono in condizioni di insicurezza alimentare.<\/p>\n<h1 style=\"text-align: center;\"><strong>Il potere della comunit\u00e0<\/strong><\/h1>\n<h2 style=\"text-align: center;\"><strong>Buone notizie dalla vostra comunit\u00e0 di Ventura<\/strong><\/h2>\n<p><img loading=\"lazy\" decoding=\"async\" class=\"size-full wp-image-18725 aligncenter\" src=\"https:\/\/vccf.org\/wp-content\/uploads\/2023\/08\/power-of-community-1.png\" alt=\"\" width=\"820\" height=\"312\" srcset=\"https:\/\/vccf.org\/wp-content\/uploads\/2023\/08\/power-of-community-1.png 820w, https:\/\/vccf.org\/wp-content\/uploads\/2023\/08\/power-of-community-1-300x114.png 300w, https:\/\/vccf.org\/wp-content\/uploads\/2023\/08\/power-of-community-1-768x292.png 768w, https:\/\/vccf.org\/wp-content\/uploads\/2023\/08\/power-of-community-1-18x7.png 18w\" sizes=\"auto, (max-width: 820px) 100vw, 820px\" \/><\/p>\n<h2 style=\"text-align: center;\"><strong>tlali-pani<\/strong><\/h2>\n<p><img loading=\"lazy\" decoding=\"async\" class=\"wp-image-19314 alignleft\" src=\"https:\/\/vccf.org\/wp-content\/uploads\/2023\/09\/tlali-pani-newsletter-graphic.png\" alt=\"A woman admires blue hand-dyed fibers while standing before the Oaxacan craftswoman\" width=\"450\" height=\"300\" srcset=\"https:\/\/vccf.org\/wp-content\/uploads\/2023\/09\/tlali-pani-newsletter-graphic.png 1000w, https:\/\/vccf.org\/wp-content\/uploads\/2023\/09\/tlali-pani-newsletter-graphic-300x200.png 300w, https:\/\/vccf.org\/wp-content\/uploads\/2023\/09\/tlali-pani-newsletter-graphic-768x512.png 768w, https:\/\/vccf.org\/wp-content\/uploads\/2023\/09\/tlali-pani-newsletter-graphic-18x12.png 18w\" sizes=\"auto, (max-width: 450px) 100vw, 450px\" \/><\/p>\n<p><strong>tlali-pani \u00e8 un'impresa sociale guidata da donne<\/strong> con la missione di condividere uno stile di vita consapevole, bello e delizioso, radicato nel rispetto degli altri, dell'ambiente e nell'impegno per l'emancipazione economica, in particolare delle donne.<\/p>\n<p>Attualmente, <strong>tlali-pani collabora con donne artigiane e imprenditrici per creare prodotti artigianali di alta qualit\u00e0<\/strong> tra cui cioccolato e cacao artigianali monorigine e tessuti a mano di Oaxaca, in Messico.<\/p>\n<p>Mentre continuano ad ampliare le loro offerte e la loro schiera di donne artigiane e imprenditrici globali, <strong>sono alla ricerca di partner e sostenitori<\/strong> che possono unirsi a loro in questo viaggio di potenziamento delle donne creative, quindi visitate il loro sito web qui sotto per vedere come potete partecipare.<\/p>","protected":false},"excerpt":{"rendered":"<p>Dear Ventura County Community Foundation Family, This month we remember all those who were taken from us that terrible morning of September 11, 2001. We also remember the courage and&hellip;<\/p>","protected":false},"author":3,"featured_media":19313,"comment_status":"closed","ping_status":"closed","sticky":false,"template":"","format":"standard","meta":{"_acf_changed":false,"give_campaign_id":0,"footnotes":""},"categories":[24],"tags":[],"class_list":["post-19308","post","type-post","status-publish","format-standard","has-post-thumbnail","hentry","category-newsletters"],"acf":[],"_links":{"self":[{"href":"https:\/\/vccf.org\/it\/wp-json\/wp\/v2\/posts\/19308","targetHints":{"allow":["GET"]}}],"collection":[{"href":"https:\/\/vccf.org\/it\/wp-json\/wp\/v2\/posts"}],"about":[{"href":"https:\/\/vccf.org\/it\/wp-json\/wp\/v2\/types\/post"}],"author":[{"embeddable":true,"href":"https:\/\/vccf.org\/it\/wp-json\/wp\/v2\/users\/3"}],"replies":[{"embeddable":true,"href":"https:\/\/vccf.org\/it\/wp-json\/wp\/v2\/comments?post=19308"}],"version-history":[{"count":0,"href":"https:\/\/vccf.org\/it\/wp-json\/wp\/v2\/posts\/19308\/revisions"}],"wp:featuredmedia":[{"embeddable":true,"href":"https:\/\/vccf.org\/it\/wp-json\/wp\/v2\/media\/19313"}],"wp:attachment":[{"href":"https:\/\/vccf.org\/it\/wp-json\/wp\/v2\/media?parent=19308"}],"wp:term":[{"taxonomy":"category","embeddable":true,"href":"https:\/\/vccf.org\/it\/wp-json\/wp\/v2\/categories?post=19308"},{"taxonomy":"post_tag","embeddable":true,"href":"https:\/\/vccf.org\/it\/wp-json\/wp\/v2\/tags?post=19308"}],"curies":[{"name":"wp","href":"https:\/\/api.w.org\/{rel}","templated":true}]}}