{"id":21646,"date":"2024-10-30T18:17:58","date_gmt":"2024-10-30T18:17:58","guid":{"rendered":"https:\/\/vccf.org\/vccf-power-of-purpose-october-2024\/"},"modified":"2025-01-29T07:47:04","modified_gmt":"2025-01-29T07:47:04","slug":"vccf-power-of-purpose-october-2024","status":"publish","type":"post","link":"https:\/\/vccf.org\/it\/vccf-power-of-purpose-october-2024\/","title":{"rendered":"Il potere dello scopo della VCCF - Ottobre 2024"},"content":{"rendered":"<p><img loading=\"lazy\" decoding=\"async\" class=\"alignnone size-full wp-image-19531 aligncenter\" src=\"https:\/\/vccflegacy.wpenginepowered.com\/wp-content\/uploads\/2023\/10\/power-of-community.png\" alt=\"\" width=\"820\" height=\"312\" srcset=\"https:\/\/vccf.org\/wp-content\/uploads\/2023\/10\/power-of-community.png 820w, https:\/\/vccf.org\/wp-content\/uploads\/2023\/10\/power-of-community-300x114.png 300w, https:\/\/vccf.org\/wp-content\/uploads\/2023\/10\/power-of-community-768x292.png 768w, https:\/\/vccf.org\/wp-content\/uploads\/2023\/10\/power-of-community-18x7.png 18w\" sizes=\"auto, (max-width: 820px) 100vw, 820px\" \/>Cara famiglia della Ventura County Community Foundation,<\/p>\n<p>Una settimana fa, ci siamo riuniti per il <a href=\"http:\/\/vccflegacy.wpenginepowered.com\/isabella-project\" data-link-type=\"1\" data-href=\"http:\/\/vccflegacy.wpenginepowered.com\/isabella-project\" data-link-id=\"0F4FD71D-887F-4E4D-B7C1-BCDD2A1E2B0D\" data- target=\"_blank\" rel=\"noopener\">Progetto Isabella<\/a>il primo festival per bambini: <strong>Todos Juntos por Los Ni\u00f1os - <\/strong><em><strong>Tutti insieme per i nostri figli<\/strong><\/em>. Che giornata indimenticabile! Progettato appositamente per i bambini da 0 a 5 anni, l'evento ha superato ogni aspettativa, creando uno spazio gioioso per centinaia di famiglie che hanno potuto entrare in contatto, giocare e conoscere la vasta gamma di servizi di supporto a loro disposizione.<\/p>\n<p>Tra tanti bei momenti, <strong>una storia mi \u00e8 rimasta nel cuore<\/strong>. Un padre di tre bambini piccoli, tutti sotto i 5 anni, si \u00e8 imbattuto nel nostro evento dopo un lungo turno di notte. Tornato a casa per assistere la moglie malata, ha portato i figli a fare una passeggiata nel centro di Santa Paula per farla riposare, nonostante lui stesso non avesse dormito. Quando ha visto lo striscione del nostro evento e ha confermato con un'azienda locale che l'evento era gratuito, ha deciso di portare i suoi figli. Hanno trascorso l'intera giornata immergendosi in attivit\u00e0 artistiche e artigianali, rimbalzando sulle sdraiette, salendo sul trenino e scegliendo le loro prelibatezze preferite dai camioncini del cibo, gustando tacos, churros, pizza, popcorn e altro ancora. Emozionato, ha raccontato che non avrebbe mai potuto permettersi una gita del genere ed \u00e8 stato sopraffatto da una giornata piena di tanta gioia. \u00c8 riuscito persino a schiacciare un breve pisolino mentre un gentile ospite dello stand coinvolgeva i suoi figli in uno speciale progetto artistico. Come ha detto lui stesso, \u00e8 stata una delle giornate pi\u00f9 belle che ricordi con i suoi figli.<\/p>\n<p>Dobbiamo questo giorno straordinario alla <em><strong>lavoro sul cuore<\/strong><\/em><strong> di oltre 100 volontari<\/strong>come ha detto eloquentemente il dottor Gabino Aguirre. Insieme, abbiamo creato uno spazio per le famiglie per celebrare i loro figli e gli altri. GRAZIE per la vostra dedizione e passione nel sostenere le famiglie della nostra comunit\u00e0.<\/p>\n<p><strong>Alcuni punti salienti divertenti:<\/strong><\/p>\n<ul>\n<li>Oltre 680 partecipanti (senza contare i nostri incredibili standisti!)<\/li>\n<li>48 stand di organizzazioni di tutta la Contea di Ventura<\/li>\n<li>Oltre 100 volontari che hanno reso possibile questa giornata<\/li>\n<\/ul>\n<p>Grazie al generoso contributo della Lega delle Fondazioni Comunitarie della California, con il finanziamento dell'Office of Community Partnerships and Strategic Communications (OCPSC) dello Stato della California, siamo stati in grado di <strong>fornire risorse e informazioni essenziali attraverso messaggeri di fiducia della comunit\u00e0<\/strong>. Le famiglie hanno potuto conoscere il Progetto Isabella, le risorse per la prima infanzia, l'assistenza abitativa, il sostegno al cancro, la consapevolezza del caldo estremo, l'impegno culturale, le attivit\u00e0 sportive gratuite e molto altro ancora.<\/p>\n<p>Questo \u00e8 l'obiettivo della vostra fondazione comunitaria: \"Connettere persone, risorse e soluzioni per creare un impatto duraturo nel nostro mondo comune\".<\/p>\n<p>&nbsp;<\/p>\n<p>Con un sentito apprezzamento,<\/p>\n<p>Vanessa<\/p>\n<p><em>Vanessa Bechtel, Presidente e CEO della VCCF<\/em><\/p>\n<h2 style=\"text-align: center;\"><strong>Borsa di studio sulla resilienza ai disastri<\/strong><\/h2>\n<p><img loading=\"lazy\" decoding=\"async\" class=\"size-full wp-image-21854 aligncenter\" src=\"https:\/\/vccflegacy.wpenginepowered.com\/wp-content\/uploads\/2024\/10\/disaster-resiliency-fellowship-1.png\" alt=\"\" width=\"900\" height=\"400\" \/>Introduzione al <strong>Borsa di studio sulla resilienza ai disastri<\/strong>! Questo gruppo mira a promuovere la preparazione alle catastrofi nella nostra comunit\u00e0 attraverso <strong>rafforzare le connessioni<\/strong> di locali\u00a0<strong>organizzazioni non profit<\/strong> che rispondono durante i disastri. Il VCCF ha invitato diversi leader non profit di questi gruppi critici a partecipare alla borsa di studio pilota e si avvarr\u00e0 delle competenze di questo gruppo per qualsiasi futuro finanziamento legato alle catastrofi. Ci auguriamo di poter condividere presto maggiori informazioni su questo gruppo vitale! <span data-teams=\"true\"><span class=\"ui-provider a b c d e f g h i j k l m n o p q r s t u v w x y z ab ac ae af ag ah ai aj ak\" dir=\"ltr\">Si ringrazia Edison International per la partnership e il sostegno a questo programma.<\/span><\/span><\/p>\n<h2 style=\"text-align: center;\"><strong>Progetto Isabella <\/strong><em><strong>Todos Juntos Por Los Ni\u00f1os<\/strong><\/em><strong> Festival dei bambini<\/strong><\/h2>\n<p><img loading=\"lazy\" decoding=\"async\" class=\"size-full wp-image-21768 alignleft\" src=\"https:\/\/vccflegacy.wpenginepowered.com\/wp-content\/uploads\/2024\/10\/2024kids-festival_60-scaled.jpg\" alt=\"\" width=\"1920\" height=\"1280\" \/><img loading=\"lazy\" decoding=\"async\" class=\"size-full wp-image-21820 alignleft\" src=\"https:\/\/vccflegacy.wpenginepowered.com\/wp-content\/uploads\/2024\/10\/2024kids-festival_83-scaled.jpg\" alt=\"\" width=\"1920\" height=\"1280\" \/><img loading=\"lazy\" decoding=\"async\" class=\"size-full wp-image-21817 alignleft\" src=\"https:\/\/vccflegacy.wpenginepowered.com\/wp-content\/uploads\/2024\/10\/2024kids-festival_89-scaled.jpg\" alt=\"\" width=\"1920\" height=\"1280\" \/>Visualizza la galleria<\/p>\n<h2 style=\"text-align: center;\"><strong>Le domande per le borse di studio VCCF si aprono il mese prossimo! a<\/strong><\/h2>\n<p><img loading=\"lazy\" decoding=\"async\" class=\"alignnone size-full wp-image-21856\" src=\"https:\/\/vccflegacy.wpenginepowered.com\/wp-content\/uploads\/2024\/10\/2025-scholarship-image.png\" alt=\"\" width=\"1080\" height=\"1080\" \/>Attenzione, studenti! La stagione delle borse di studio 2024-2025 della VCCF si apre l'8 novembre, quindi preparatevi a presentare le vostre domande! Abbiamo oltre 400 borse di studio disponibili, con $1,5 milioni di euro assegnati ogni anno. Per saperne di pi\u00f9, visitate il nostro sito web! Per saperne di pi\u00f9<\/p>\n<h2 style=\"text-align: center;\"><strong>Op-Ed: La VCCF sostiene il giornalismo locale<\/strong><\/h2>\n<p><img loading=\"lazy\" decoding=\"async\" class=\"size-full wp-image-21857 alignright\" src=\"https:\/\/vccflegacy.wpenginepowered.com\/wp-content\/uploads\/2024\/10\/images.png\" alt=\"\" width=\"389\" height=\"129\" \/>Dal 2022, <strong>Fondo per il giornalismo locale della VCCF<\/strong> ha sostenuto due borse di studio per reporter presso il VC Star, e vorremmo festeggiare i nostri borsisti, Tony Biasotti e Dua Anjum, per il loro riconoscimento alla <strong>Premi giornalistici della California<\/strong>. Per saperne di pi\u00f9 sul fondo e leggere il nostro articolo sullo Star, leggi l'articolo.<\/p>\n<h2 style=\"text-align: center;\"><strong>Opportunit\u00e0 di sovvenzione per le organizzazioni non profit che si occupano di LGBTQ+<\/strong><\/h2>\n<p>Sono aperte le candidature per il Fondo Kimberly J. Engberg per l'uguaglianza LGBTQ+! Se la vostra organizzazione non profit \u00e8 al servizio dei membri della comunit\u00e0 LGBTQ+ nelle contee di Ventura, Santa Barbara o San Luis Obispo, vi invitiamo a presentare domanda! La scadenza \u00e8 venerd\u00ec 22 novembre, quindi assicuratevi di candidarvi al pi\u00f9 presto! Per saperne di pi\u00f9, candidatevi ora<\/p>\n<h2 style=\"text-align: center;\"><strong>Il potere della comunit\u00e0<\/strong><\/h2>\n<h3 style=\"text-align: center;\"><strong>Buone notizie dalla vostra comunit\u00e0 di Ventura<\/strong><\/h3>\n<p><img loading=\"lazy\" decoding=\"async\" class=\"size-full wp-image-19531 aligncenter\" src=\"https:\/\/vccflegacy.wpenginepowered.com\/wp-content\/uploads\/2023\/10\/power-of-community.png\" alt=\"\" width=\"820\" height=\"312\" srcset=\"https:\/\/vccf.org\/wp-content\/uploads\/2023\/10\/power-of-community.png 820w, https:\/\/vccf.org\/wp-content\/uploads\/2023\/10\/power-of-community-300x114.png 300w, https:\/\/vccf.org\/wp-content\/uploads\/2023\/10\/power-of-community-768x292.png 768w, https:\/\/vccf.org\/wp-content\/uploads\/2023\/10\/power-of-community-18x7.png 18w\" sizes=\"auto, (max-width: 820px) 100vw, 820px\" \/><\/p>\n<h3 style=\"text-align: center;\"><strong>Progetto Wezesha Burundi<\/strong><\/h3>\n<p><img loading=\"lazy\" decoding=\"async\" class=\"wp-image-21862 size-medium alignleft\" src=\"https:\/\/vccflegacy.wpenginepowered.com\/wp-content\/uploads\/2024\/10\/3-300x300.png\" alt=\"\" width=\"300\" height=\"300\" \/><img loading=\"lazy\" decoding=\"async\" class=\"wp-image-21860 size-medium alignleft\" src=\"https:\/\/vccflegacy.wpenginepowered.com\/wp-content\/uploads\/2024\/10\/1-300x300.png\" alt=\"\" width=\"300\" height=\"300\" \/><img loading=\"lazy\" decoding=\"async\" class=\"alignleft wp-image-21861 size-medium\" src=\"https:\/\/vccflegacy.wpenginepowered.com\/wp-content\/uploads\/2024\/10\/2-300x300.png\" alt=\"\" width=\"300\" height=\"300\" \/><strong>Linda Braunschweiger<\/strong>, CEO di Housing Trust Fund Ventura County e membro della comunit\u00e0 VCCF, ha collaborato con <strong>Progetto Wezesha Burundi<\/strong> in Africa quest'estate. Questa organizzazione offre <strong>microprestiti alle donne imprenditrici<\/strong> in Burundi, uno dei Paesi pi\u00f9 giovani dell'Africa. A causa delle recenti guerre tribali, della carestia, dell'instabilit\u00e0 del governo e delle inondazioni, molte donne hanno avviato delle attivit\u00e0 commerciali per sostenere se stesse e le loro famiglie.<\/p>\n<p>Linda \u00e8 stata invitata grazie a un legame con la chiesa e, mentre inizialmente le era stato chiesto di parlare al <strong>1.800 persone per la laurea<\/strong>Ha anche trascorso una settimana nella capitale Bujumbura per formare, motivare e incoraggiare il personale e i mutuatari sui principi dell'economia, delle organizzazioni non profit e della raccolta di fondi. La sua chiesa ha anche raccolto fondi per far s\u00ec che 400 donne ricevessero sacchi di riso e fagioli, in modo da sfamare le loro famiglie per mesi senza dover fare i soliti viaggi di 10 miglia portando questi pesanti sacchi sulla testa per tornare a casa.<\/p>\n<p>Per saperne di pi\u00f9 sulla storia di Linda e sulle donne resistenti del Burundi, leggi qui sotto!<\/p>","protected":false},"excerpt":{"rendered":"<p>Dear Ventura County Community Foundation Family, One week ago, we came together for the Isabella Project&#8216;s first children&#8217;s festival: Todos Juntos por Los Ni\u00f1os \u2013 Everyone Together for Our Children.&hellip;<\/p>","protected":false},"author":4,"featured_media":21647,"comment_status":"closed","ping_status":"closed","sticky":false,"template":"","format":"standard","meta":{"_acf_changed":false,"give_campaign_id":0,"footnotes":""},"categories":[24],"tags":[],"class_list":["post-21646","post","type-post","status-publish","format-standard","has-post-thumbnail","hentry","category-newsletters"],"acf":[],"_links":{"self":[{"href":"https:\/\/vccf.org\/it\/wp-json\/wp\/v2\/posts\/21646","targetHints":{"allow":["GET"]}}],"collection":[{"href":"https:\/\/vccf.org\/it\/wp-json\/wp\/v2\/posts"}],"about":[{"href":"https:\/\/vccf.org\/it\/wp-json\/wp\/v2\/types\/post"}],"author":[{"embeddable":true,"href":"https:\/\/vccf.org\/it\/wp-json\/wp\/v2\/users\/4"}],"replies":[{"embeddable":true,"href":"https:\/\/vccf.org\/it\/wp-json\/wp\/v2\/comments?post=21646"}],"version-history":[{"count":0,"href":"https:\/\/vccf.org\/it\/wp-json\/wp\/v2\/posts\/21646\/revisions"}],"wp:featuredmedia":[{"embeddable":true,"href":"https:\/\/vccf.org\/it\/wp-json\/wp\/v2\/media\/21647"}],"wp:attachment":[{"href":"https:\/\/vccf.org\/it\/wp-json\/wp\/v2\/media?parent=21646"}],"wp:term":[{"taxonomy":"category","embeddable":true,"href":"https:\/\/vccf.org\/it\/wp-json\/wp\/v2\/categories?post=21646"},{"taxonomy":"post_tag","embeddable":true,"href":"https:\/\/vccf.org\/it\/wp-json\/wp\/v2\/tags?post=21646"}],"curies":[{"name":"wp","href":"https:\/\/api.w.org\/{rel}","templated":true}]}}