{"id":21656,"date":"2024-10-18T18:06:43","date_gmt":"2024-10-18T18:06:43","guid":{"rendered":"https:\/\/vccf.org\/childrens-festival-radio-interview-with-dr-aguirre\/"},"modified":"2025-01-29T07:47:04","modified_gmt":"2025-01-29T07:47:04","slug":"childrens-festival-radio-interview-with-dr-aguirre","status":"publish","type":"post","link":"https:\/\/vccf.org\/it\/childrens-festival-radio-interview-with-dr-aguirre\/","title":{"rendered":"Intervista radiofonica del Festival dei bambini con il dottor Aguirre"},"content":{"rendered":"<p>Il 18 ottobre, il conduttore radiofonico Sammy Franco di Lazer Media ha intervistato il dottor Gabino Aguirre, co-presidente del Progetto Isabella, per promuovere il Festival dei bambini Todos Juntos Por Los Ni\u00f1os. L'intervista \u00e8 andata in onda sulle emittenti locali La Mejor, Radio Lazer e La Mexicana.<\/p>\n<p>La dott.ssa Aguirre ha parlato del Progetto Isabella e dell'importanza di un'educazione di altissima qualit\u00e0 per la prima infanzia, oltre che dei dettagli sul festival dei bambini.(Nota: la seguente \u00e8 una traduzione in inglese generata automaticamente).<br \/>\n<strong>Dott. Aguirre<\/strong>: Riconosciamo che l'educazione nella vita di una persona ha un grande impatto e inizia con i genitori che sono i primi insegnanti. Un bambino nasce pronto per imparare. Non appena arriva in questo mondo, il cervello inizia a svilupparsi, poi il 90% del cervello si sviluppa entro i 5 anni. Il Progetto Isabella riconosce che dobbiamo aiutare i bambini dal punto di vista educativo ed emotivo dal momento in cui nascono fino alla scuola materna.<\/p>\n<p><strong>Sammy: <\/strong>Sabato 19 ottobre si terr\u00e0 un evento speciale dedicato ai bambini e alle famiglie. Ci parli un po' di questo festival e delle organizzazioni che saranno presenti all'evento.<\/p>\n<p><strong>Dottor Aguirre: <\/strong>Poich\u00e9 l'apprendimento di un bambino si basa sul gioco e sull'esperienza nella scoperta dell'ambiente, il nome del festival dei bambini significa \"tutti noi insieme, per i bambini\". Si terr\u00e0 questo sabato presso la scuola elementare di Glen City. Inizier\u00e0 alle 11 e terminer\u00e0 alle 15. Ci saranno attivit\u00e0 per i bambini e informazioni per i genitori, che avranno la possibilit\u00e0 di ottenere informazioni sull'educazione della prima infanzia e sui servizi di accompagnamento.<\/p>","protected":false},"excerpt":{"rendered":"<p>On October 18, radio host Sammy Franco from Lazer Media interviewed Dr. Gabino Aguirre, Dr. Gabino Aguirre, Isabella Project Co-Chair, to promote the Todos Juntos Por Los Ni\u00f1os Children\u2019s Festival.&hellip;<\/p>","protected":false},"author":4,"featured_media":21657,"comment_status":"closed","ping_status":"closed","sticky":false,"template":"","format":"standard","meta":{"_acf_changed":false,"give_campaign_id":0,"footnotes":""},"categories":[22],"tags":[],"class_list":["post-21656","post","type-post","status-publish","format-standard","has-post-thumbnail","hentry","category-latest-coverage"],"acf":[],"_links":{"self":[{"href":"https:\/\/vccf.org\/it\/wp-json\/wp\/v2\/posts\/21656","targetHints":{"allow":["GET"]}}],"collection":[{"href":"https:\/\/vccf.org\/it\/wp-json\/wp\/v2\/posts"}],"about":[{"href":"https:\/\/vccf.org\/it\/wp-json\/wp\/v2\/types\/post"}],"author":[{"embeddable":true,"href":"https:\/\/vccf.org\/it\/wp-json\/wp\/v2\/users\/4"}],"replies":[{"embeddable":true,"href":"https:\/\/vccf.org\/it\/wp-json\/wp\/v2\/comments?post=21656"}],"version-history":[{"count":0,"href":"https:\/\/vccf.org\/it\/wp-json\/wp\/v2\/posts\/21656\/revisions"}],"wp:featuredmedia":[{"embeddable":true,"href":"https:\/\/vccf.org\/it\/wp-json\/wp\/v2\/media\/21657"}],"wp:attachment":[{"href":"https:\/\/vccf.org\/it\/wp-json\/wp\/v2\/media?parent=21656"}],"wp:term":[{"taxonomy":"category","embeddable":true,"href":"https:\/\/vccf.org\/it\/wp-json\/wp\/v2\/categories?post=21656"},{"taxonomy":"post_tag","embeddable":true,"href":"https:\/\/vccf.org\/it\/wp-json\/wp\/v2\/tags?post=21656"}],"curies":[{"name":"wp","href":"https:\/\/api.w.org\/{rel}","templated":true}]}}