{"id":21988,"date":"2024-11-08T11:36:31","date_gmt":"2024-11-08T19:36:31","guid":{"rendered":"https:\/\/vccf.org\/?p=21988"},"modified":"2025-01-29T07:47:03","modified_gmt":"2025-01-29T07:47:03","slug":"governor-views-mountain-fire-devastation-more-than-20000-acres-burned-scores-of-homes-destroyed","status":"publish","type":"post","link":"https:\/\/vccf.org\/it\/governor-views-mountain-fire-devastation-more-than-20000-acres-burned-scores-of-homes-destroyed\/","title":{"rendered":"Il governatore vede la devastazione dell'incendio di montagna: pi\u00f9 di 20.000 acri bruciati, decine di case distrutte"},"content":{"rendered":"<p><em><a href=\"https:\/\/www.kvta.com\/news\/governor-views-mountain-fire-devastation-more-than-20000-acres-burned-scores-of-homes-destroyed\/\" target=\"_blank\" rel=\"noopener\">Questo articolo \u00e8 stato pubblicato originariamente da KVTA.<\/a><\/em><\/p>\n<p>Aggiornamento: il governatore Newsom ha visitato la devastazione del \"Mountain Fire\" gioved\u00ec e ha proclamato lo Stato di emergenza per la contea di Ventura, che implicher\u00e0 l'impiego di fondi statali e federali e di altre risorse per far fronte al disastro.<\/p>\n<p>La visita del governatore \u00e8 avvenuta in un giorno in cui i primi risultati delle indagini hanno rivelato che almeno 132 case e altre strutture sono state distrutte e 88 danneggiate.<\/p>\n<p>L'indagine \u00e8 appena iniziata e si prevede che questi numeri cresceranno.<\/p>\n<p>Migliaia di persone sono state sfollate a causa dell'incendio e non si sa quando potranno tornare, ammesso che abbiano qualcosa a cui tornare.<\/p>\n<p>Nel frattempo, gioved\u00ec c'\u00e8 stata una fiammata sul bordo orientale dell'incendio, vicino al punto in cui \u00e8 iniziato mercoled\u00ec mattina.<\/p>\n<p>Il numero totale di ettari bruciati finora \u00e8 di oltre 20.000 con un contenimento di appena 5%.<\/p>\n<p>Ma la situazione sta iniziando a migliorare con il tempo che diventa pi\u00f9 favorevole per i vigili del fuoco e gioved\u00ec le condizioni del vento hanno finalmente permesso alle grandi autobotti ad ala fissa di fare il loro lavoro sganciando massicce quantit\u00e0 di ritardante antincendio.<\/p>\n<p>Diverse scuole rimarranno chiuse almeno fino alla prossima settimana e sono ancora in vigore numerose chiusure di strade.<\/p>\n<p>Le cause dell'incendio sono ancora oggetto di indagine.<\/p>\n<p>Diverse organizzazioni si stanno adoperando per aiutare le vittime dell'incendio, tra cui la Ventura County Community Foundation e la Ventura Chamber.<\/p>","protected":false},"excerpt":{"rendered":"<p>Questo articolo \u00e8 stato pubblicato originariamente da KVTA. Aggiornamento - Il governatore Newsom ha visitato la devastazione del \"Mountain Fire\" gioved\u00ec e ha proclamato lo stato di emergenza per la contea di Ventura, che significher\u00e0...<\/p>","protected":false},"author":3,"featured_media":21997,"comment_status":"closed","ping_status":"closed","sticky":false,"template":"","format":"standard","meta":{"_acf_changed":false,"give_campaign_id":0,"footnotes":""},"categories":[22],"tags":[],"class_list":["post-21988","post","type-post","status-publish","format-standard","has-post-thumbnail","hentry","category-latest-coverage"],"acf":[],"_links":{"self":[{"href":"https:\/\/vccf.org\/it\/wp-json\/wp\/v2\/posts\/21988","targetHints":{"allow":["GET"]}}],"collection":[{"href":"https:\/\/vccf.org\/it\/wp-json\/wp\/v2\/posts"}],"about":[{"href":"https:\/\/vccf.org\/it\/wp-json\/wp\/v2\/types\/post"}],"author":[{"embeddable":true,"href":"https:\/\/vccf.org\/it\/wp-json\/wp\/v2\/users\/3"}],"replies":[{"embeddable":true,"href":"https:\/\/vccf.org\/it\/wp-json\/wp\/v2\/comments?post=21988"}],"version-history":[{"count":0,"href":"https:\/\/vccf.org\/it\/wp-json\/wp\/v2\/posts\/21988\/revisions"}],"wp:featuredmedia":[{"embeddable":true,"href":"https:\/\/vccf.org\/it\/wp-json\/wp\/v2\/media\/21997"}],"wp:attachment":[{"href":"https:\/\/vccf.org\/it\/wp-json\/wp\/v2\/media?parent=21988"}],"wp:term":[{"taxonomy":"category","embeddable":true,"href":"https:\/\/vccf.org\/it\/wp-json\/wp\/v2\/categories?post=21988"},{"taxonomy":"post_tag","embeddable":true,"href":"https:\/\/vccf.org\/it\/wp-json\/wp\/v2\/tags?post=21988"}],"curies":[{"name":"wp","href":"https:\/\/api.w.org\/{rel}","templated":true}]}}