{"id":22554,"date":"2025-02-18T10:27:08","date_gmt":"2025-02-18T18:27:08","guid":{"rendered":"https:\/\/vccf.org\/?p=22554"},"modified":"2025-02-18T10:27:25","modified_gmt":"2025-02-18T18:27:25","slug":"meet-roshin-mathew-vccfs-director-of-strategic-initiatives","status":"publish","type":"post","link":"https:\/\/vccf.org\/it\/meet-roshin-mathew-vccfs-director-of-strategic-initiatives\/","title":{"rendered":"Ecco Roshin Mathew, direttore delle iniziative strategiche della VCCF"},"content":{"rendered":"<div class=\"wp-block-image\">\n<figure class=\"alignleft size-full is-resized\"><img loading=\"lazy\" decoding=\"async\" width=\"533\" height=\"768\" src=\"https:\/\/vccf.org\/wp-content\/uploads\/2025\/02\/Roshin_081.jpg\" alt=\"\" class=\"wp-image-22555\" style=\"width:365px;height:auto\" srcset=\"https:\/\/vccf.org\/wp-content\/uploads\/2025\/02\/Roshin_081.jpg 533w, https:\/\/vccf.org\/wp-content\/uploads\/2025\/02\/Roshin_081-208x300.jpg 208w, https:\/\/vccf.org\/wp-content\/uploads\/2025\/02\/Roshin_081-8x12.jpg 8w\" sizes=\"auto, (max-width: 533px) 100vw, 533px\" \/><\/figure>\n<\/div>\n\n\n<p>Siamo entusiasti di presentare al Comitato direttivo del Progetto Isabella Roshin Mathew, Direttore delle iniziative strategiche della VCCF. Roshin Mathew, uno dei nuovi membri del team della fondazione, lavorer\u00e0 a stretto contatto con il comitato e si unir\u00e0 alla nostra missione di garantire a tutti i bambini di Santa Paula - e non solo - l'accesso a un'assistenza e a un'istruzione precoce di alta qualit\u00e0 e a tempo pieno che soddisfi le esigenze delle famiglie! Vi invitiamo a scoprire di pi\u00f9 su di lei leggendo l'intervista che segue.<\/p>\n\n\n\n<p><strong>Ci parli un po' di lei e di come \u00e8 arrivata a far parte del team del Progetto Isabella.<\/strong>&nbsp;<\/p>\n\n\n\n<p>Il mio credo guida \u00e8 che tutte le persone dovrebbero avere un accesso equo e paritario alle risorse e alle opportunit\u00e0, e i miei valori personali sono curiosit\u00e0, creativit\u00e0, compassione, autenticit\u00e0, equilibrio, salute e intenzione. Mi piace che i miei valori risuonino e completino i valori della VCCF, che sono fiducia, trasparenza, compassione, equit\u00e0, tenacia, eccellenza e connessione autentica. Grazie a questo allineamento, sapevo che mi sarebbe piaciuto lavorare alla VCCF, quindi quando Vanessa mi ha chiesto di prendere in considerazione la possibilit\u00e0 di candidarmi al ruolo di Direttore delle iniziative strategiche della fondazione, ho colto al volo l'opportunit\u00e0.<\/p>\n\n\n\n<p>Mi piace particolarmente il fatto che il Progetto Isabella sia una delle iniziative chiave del VCCF perch\u00e9 ritengo che l'istruzione sia una delle grandi forze in grado di cambiare i risultati di una persona, di una famiglia e di una comunit\u00e0. Conosco personalmente il potere che l'istruzione ha avuto sulla traiettoria mia e della mia famiglia.<\/p>\n\n\n\n<div style=\"height:10px\" aria-hidden=\"true\" class=\"wp-block-spacer\"><\/div>\n\n\n\n<p><strong>Che cosa significa per voi un'educazione della prima infanzia di alta qualit\u00e0?<\/strong>&nbsp;<\/p>\n\n\n\n<p>Un'educazione e un'assistenza precoce di alta qualit\u00e0 \u00e8 un ambiente che favorisce lo sviluppo fisico, sociale, emotivo e intellettuale del bambino. Prepara i bambini alla scuola e li aiuta a sviluppare competenze che dureranno per tutta la vita. D\u00e0 ai genitori tranquillit\u00e0 e alla societ\u00e0 una base su cui costruire un futuro. Onestamente, \u00e8 uno degli investimenti pi\u00f9 speranzosi che possiamo fare.<\/p>\n\n\n\n<div style=\"height:10px\" aria-hidden=\"true\" class=\"wp-block-spacer\"><\/div>\n\n\n\n<p><strong>Che tipo di talenti spera di mettere a disposizione nel suo lavoro con il Progetto Isabella?<\/strong>&nbsp;<\/p>\n\n\n\n<p>Riunire le persone in comunit\u00e0 significa molto per me perch\u00e9 la mia famiglia \u00e8 numerosa e piena di zie, zii e cugini. Quando sono cresciuta, c'era sempre almeno un altro membro della famiglia che viveva con la mia famiglia nucleare e, essendo una delle cugine pi\u00f9 grandi, sono sempre stata un po' il pifferaio magico, la direttrice di crociera e il capitano della squadra di calcio, tutto in uno. Il che \u00e8 un modo lungo per dire che mi trovo a mio agio in gruppi grandi, complessi e gioiosi.<\/p>\n\n\n\n<p>A livello professionale, ho dedicato pi\u00f9 di 15 anni della mia carriera alla comunicazione strategica e all'advocacy. Sia che lavori nel campo della filantropia, del lavoro, dell'istruzione superiore o dell'organizzazione della comunit\u00e0, mi piace pensare a idee nuove e coraggiose e mobilitare le persone intorno ad esse. Al di fuori del lavoro, sono una ceramista, una runner di lungo corso, un'organizzatrice di cene e un'appassionata di cultura. Ci\u00f2 significa che in qualsiasi momento sono ricoperta di argilla, sudore, farina o brillantini. Sono anche molto appassionata di radio pubbliche, biblioteche pubbliche e stand-up comedy. Nelle mie vite precedenti ho lavorato in tutti questi campi.<\/p>\n\n\n\n<div style=\"height:10px\" aria-hidden=\"true\" class=\"wp-block-spacer\"><\/div>\n\n\n\n<p><strong>Come immagina il futuro dell'ECE di alta qualit\u00e0 a Santa Paula?<\/strong>&nbsp;<\/p>\n\n\n\n<p>A livello fondamentale, vedo il compimento della missione, che consiste nell'accesso al 100% a servizi di assistenza e istruzione precoce di alta qualit\u00e0 per ogni bambino di Santa Paula. Oltre a questo, una parte della visione consiste nel costruire il successo del Progetto Isabella nella comunit\u00e0 di Santa Paula. Santa Paula potr\u00e0 contare sul successo ottenuto grazie alle relazioni e agli insegnamenti acquisiti a Santa Paula, che potranno essere sfruttati per altre iniziative e imprese che la comunit\u00e0 potrebbe intraprendere. I membri della comunit\u00e0 avranno maggiori conoscenze e risorse per affrontare le sfide che non possiamo prevedere ma che sappiamo essere dietro l'angolo. Ci\u00f2 che impariamo e facciamo ora dar\u00e0 impulso alle iniziative future.<\/p>\n\n\n\n<p>In questa stessa ottica, vedo il successo del Progetto Isabella come un'ispirazione e una guida tattica per altre comunit\u00e0 della Contea di Ventura. Tutte queste comunit\u00e0 possono ottenere ci\u00f2 che Santa Paula sta per ottenere. Avranno il vantaggio di imparare dai nostri errori e dai nostri successi. E non finisce qui, nella nostra contea.<\/p>\n\n\n\n<p>Credo che il resto dello Stato e il resto del Paese, e forse anche il resto del mondo, possano imparare da Santa Paula. Perch\u00e9 dove ci sono bambini e famiglie che lavorano, ci sar\u00e0 sempre bisogno di cure ed educazione di alta qualit\u00e0 per i nostri giovani.&nbsp;<\/p>\n\n\n\n<div style=\"height:10px\" aria-hidden=\"true\" class=\"wp-block-spacer\"><\/div>\n\n\n\n<p><strong>Se i membri della commissione desiderano entrare in contatto con lei, qual \u00e8 il modo migliore per contattarla?<\/strong>&nbsp;<\/p>\n\n\n\n<p>Sono presente a molti incontri e riunioni in tutta la contea di Ventura; se mi vedete, vi prego di avvicinarvi, presentarvi e chiacchierare di persona. Naturalmente, anche l'e-mail \u00e8 molto efficace e probabilmente il modo pi\u00f9 veloce per contattarmi. Scrivetemi all'indirizzo <a href=\"mailto:rmathew@vccf.org\">rmathew@vccf.org<\/a>.<\/p>","protected":false},"excerpt":{"rendered":"<p>We are thrilled to introduce the Isabella Project Steering Committee to Roshin Mathew, Director of Strategic Initiatives at VCCF. As one of the foundation\u2019s newest team members, she will be&hellip;<\/p>","protected":false},"author":8,"featured_media":22431,"comment_status":"closed","ping_status":"closed","sticky":false,"template":"","format":"standard","meta":{"_acf_changed":false,"give_campaign_id":0,"footnotes":""},"categories":[27],"tags":[],"class_list":["post-22554","post","type-post","status-publish","format-standard","has-post-thumbnail","hentry","category-blog-posts"],"acf":[],"_links":{"self":[{"href":"https:\/\/vccf.org\/it\/wp-json\/wp\/v2\/posts\/22554","targetHints":{"allow":["GET"]}}],"collection":[{"href":"https:\/\/vccf.org\/it\/wp-json\/wp\/v2\/posts"}],"about":[{"href":"https:\/\/vccf.org\/it\/wp-json\/wp\/v2\/types\/post"}],"author":[{"embeddable":true,"href":"https:\/\/vccf.org\/it\/wp-json\/wp\/v2\/users\/8"}],"replies":[{"embeddable":true,"href":"https:\/\/vccf.org\/it\/wp-json\/wp\/v2\/comments?post=22554"}],"version-history":[{"count":0,"href":"https:\/\/vccf.org\/it\/wp-json\/wp\/v2\/posts\/22554\/revisions"}],"wp:featuredmedia":[{"embeddable":true,"href":"https:\/\/vccf.org\/it\/wp-json\/wp\/v2\/media\/22431"}],"wp:attachment":[{"href":"https:\/\/vccf.org\/it\/wp-json\/wp\/v2\/media?parent=22554"}],"wp:term":[{"taxonomy":"category","embeddable":true,"href":"https:\/\/vccf.org\/it\/wp-json\/wp\/v2\/categories?post=22554"},{"taxonomy":"post_tag","embeddable":true,"href":"https:\/\/vccf.org\/it\/wp-json\/wp\/v2\/tags?post=22554"}],"curies":[{"name":"wp","href":"https:\/\/api.w.org\/{rel}","templated":true}]}}