{"id":22787,"date":"2025-03-20T10:06:41","date_gmt":"2025-03-20T17:06:41","guid":{"rendered":"https:\/\/vccf.org\/?p=22787"},"modified":"2025-03-20T10:06:45","modified_gmt":"2025-03-20T17:06:45","slug":"murals-unveiled-at-santa-paula-school-celebrate-early-childhood-education","status":"publish","type":"post","link":"https:\/\/vccf.org\/it\/murals-unveiled-at-santa-paula-school-celebrate-early-childhood-education\/","title":{"rendered":"I murales inaugurati nella scuola di Santa Paula celebrano l'educazione della prima infanzia"},"content":{"rendered":"<p><em><a href=\"https:\/\/www.vcstar.com\/story\/news\/local\/2025\/03\/19\/murals-at-santa-paula-school-celebrate-early-childhood-education\/82494907007\/\" target=\"_blank\" rel=\"noopener\">Questo articolo \u00e8 stato pubblicato originariamente dal VC Star. Per vedere la galleria fotografica dell'evento, consultare l'articolo completo.<\/a><\/em><\/p>\n\n\n\n<p>Grandi teloni neri drappeggiano i lati delle aule della scuola materna, nascondendo due murales dipinti di recente alla Glen Elementary Global STEAM Academy di Santa Paula marted\u00ec mattina.<\/p>\n\n\n\n<p>\"I murales hanno lo scopo di sviluppare una discussione sull'educazione della prima infanzia\", ha dichiarato Gabino Aguirre, co-presidente del Progetto Isabella e cerimoniere dell'evento. Il progetto \u00e8 un programma pilota della Ventura County Community Foundation che mira a fornire risorse per lo sviluppo dell'infanzia ai bambini e alle loro famiglie in citt\u00e0.<\/p>\n\n\n\n<p>La cerimonia, tenutasi alle 11.00 sul prato di fronte ai murales di circa 32 metri per 10, ha visto la partecipazione di oltre 40 persone coinvolte nel progetto e di funzionari locali. La scuola si trova al 141 S. Steckel Drive.<\/p>\n\n\n\n<p>Gli studenti delle classi quinta e sesta hanno recitato una poesia in spagnolo e in inglese durante la cerimonia, prima di aiutare a svelare i murales. La folla ha mimato il suono dei tamburi mentre un gruppo di studenti scioglieva la corda che reggeva il telo, lasciandola cadere e rivelando lo sfondo colorato.<\/p>\n\n\n\n<p>Il primo murale raffigura farfalle monarca in diverse fasi del loro ciclo vitale che volano intorno a un albero di limoni. A meno di 30 metri di distanza, il secondo murale raffigura studenti sorridenti riuniti intorno a un libro circondato da diversi simboli scientifici.<\/p>\n\n\n\n<p>Entrambe le opere sono state realizzate principalmente con vernice spray dall'artista locale Sergio \"Checko\" Martinez. L'artista ha realizzato altri murales in tutta la citt\u00e0, tra cui uno presso il ristorante e la cantina El Capricho.<\/p>\n\n\n\n<p>La celebrazione \u00e8 stata coronata dall'esibizione di Abril Lopez, 10 anni, che ha eseguito una danza popolare tradizionale al centro di un cerchio formato dai partecipanti all'evento. I bambini della scuola materna si sono uniti a lei al centro durante l'esibizione.<\/p>\n\n\n\n<p>Il ballo ha voluto mostrare l'importanza della comunit\u00e0 che si stringe attorno ai bambini e li sostiene.<\/p>\n\n\n\n<p>\"Le persone della comunit\u00e0 sono destinate a passare di l\u00ec, a vedere il murale, a parlarne e a far nascere la discussione sull'educazione della prima infanzia\", ha detto Aguirre.<\/p>\n\n\n\n<p>L'aspetto comunitario del Progetto Isabella \u00e8 importante per gli oltre 125 membri che vi lavorano. Il gruppo \u00e8 composto da leader della comunit\u00e0 che lavorano in diverse organizzazioni della contea.<\/p>\n\n\n\n<p>\"Ognuno di loro fornisce il proprio punto di vista e i propri input su come gestire al meglio il programma e fornire un'istruzione di alta qualit\u00e0 per la prima infanzia\", ha dichiarato Vanessa Bechtel, CEO e presidente della Ventura County Community Foundation.<\/p>\n\n\n\n<p>A Santa Paula ci sono circa 900 bambini di et\u00e0 compresa tra i 3 e i 4 anni e meno di un terzo di loro pu\u00f2 permettersi un'istruzione per la prima infanzia, ha detto Aguirre.<\/p>\n\n\n\n<p>Il Progetto Isabella aggiunger\u00e0 fino a 150 posti di lavoro per sostenere le famiglie attraverso l'assistenza all'infanzia, l'assistenza sanitaria, la salute mentale e altri servizi di supporto, rafforzando cos\u00ec l'economia locale, ha dichiarato Bechtel. Considerati i fondi statali e federali per l'educazione della prima infanzia, il progetto mira a costruire l'infrastruttura in modo che il denaro possa affluire, ha aggiunto Bechtel.<\/p>\n\n\n\n<p>\"Il progetto Isabella sar\u00e0 un altro forte esempio di ci\u00f2 che Santa Paula pu\u00f2 realizzare insieme\", ha dichiarato Jack Hinojosa, co-presidente del progetto e amministratore delegato di Childhood Development Resources of Ventura County, durante la cerimonia.<\/p>\n\n\n\n<p><em>Ernesto Centeno Araujo si occupa delle ultime notizie per il Ventura County Star. \u00c8 raggiungibile all'indirizzo <a href=\"mailto:ecentenoaraujo@vcstar.com\">ecentenoaraujo@vcstar.com<\/a>.<\/em><\/p>","protected":false},"excerpt":{"rendered":"<p>This article was originally published by the VC Star. To view the photo gallery from the event, view the full article. Large black tarps draped the sides of kindergarten classrooms,&hellip;<\/p>","protected":false},"author":8,"featured_media":0,"comment_status":"closed","ping_status":"closed","sticky":false,"template":"","format":"standard","meta":{"_acf_changed":false,"give_campaign_id":0,"footnotes":""},"categories":[22],"tags":[],"class_list":["post-22787","post","type-post","status-publish","format-standard","hentry","category-latest-coverage"],"acf":[],"_links":{"self":[{"href":"https:\/\/vccf.org\/it\/wp-json\/wp\/v2\/posts\/22787","targetHints":{"allow":["GET"]}}],"collection":[{"href":"https:\/\/vccf.org\/it\/wp-json\/wp\/v2\/posts"}],"about":[{"href":"https:\/\/vccf.org\/it\/wp-json\/wp\/v2\/types\/post"}],"author":[{"embeddable":true,"href":"https:\/\/vccf.org\/it\/wp-json\/wp\/v2\/users\/8"}],"replies":[{"embeddable":true,"href":"https:\/\/vccf.org\/it\/wp-json\/wp\/v2\/comments?post=22787"}],"version-history":[{"count":0,"href":"https:\/\/vccf.org\/it\/wp-json\/wp\/v2\/posts\/22787\/revisions"}],"wp:attachment":[{"href":"https:\/\/vccf.org\/it\/wp-json\/wp\/v2\/media?parent=22787"}],"wp:term":[{"taxonomy":"category","embeddable":true,"href":"https:\/\/vccf.org\/it\/wp-json\/wp\/v2\/categories?post=22787"},{"taxonomy":"post_tag","embeddable":true,"href":"https:\/\/vccf.org\/it\/wp-json\/wp\/v2\/tags?post=22787"}],"curies":[{"name":"wp","href":"https:\/\/api.w.org\/{rel}","templated":true}]}}