{"id":22254,"date":"2024-12-06T12:40:45","date_gmt":"2024-12-06T12:40:45","guid":{"rendered":"https:\/\/vccf.org\/?post_type=newsletters&#038;p=22254"},"modified":"2024-12-10T09:57:06","modified_gmt":"2024-12-10T09:57:06","slug":"june-2024","status":"publish","type":"newsletters","link":"https:\/\/vccf.org\/pt\/newsletters\/june-2024\/","title":{"rendered":"junho de 2024"},"content":{"rendered":"<img decoding=\"async\" src=\"https:\/\/vccf.org\/wp-content\/uploads\/2024\/04\/isabella-logo.svg\" alt=\"isabella logo\" itemprop=\"image\" title=\"log\u00f3tipo isabella\" onerror=\"this.style.display='none'\"  \/>\n<h1>\n\t\tBoletim informativo do projeto Isabella\n\t<\/h1>\n\t<p>20 de junho de 2024<\/p>\n<h2>\n\t\t<a href=\"#espanol\" title=\"Vers\u00e3o em espanhol\" target=\"_self\" rel=\"noopener\">\n\t\tVers\u00e3o em espanhol\n\t\t<\/a>\n\t<\/h2>\n\t\t\t\t<img loading=\"lazy\" decoding=\"async\" src=\"https:\/\/vccf.org\/wp-content\/uploads\/2024\/12\/ip-committee-newsletter.png\" alt=\"ip-committee-newsletter\" itemprop=\"image\" height=\"300\" width=\"600\" title=\"boletim informativo do comit\u00e9 ip\" onerror=\"this.style.display='none'\"  \/>\n\t<p>Caro Comit\u00e9 de Dire\u00e7\u00e3o do Projeto Isabella,<\/p>\n<p>\u00c9 um momento verdadeiramente empolgante, com tanta atividade em torno de tornar a educa\u00e7\u00e3o infantil da mais alta qualidade acess\u00edvel a todos!<\/p>\n<p>No final de abril, convoc\u00e1mos uma reuni\u00e3o presencial do Comit\u00e9 de Dire\u00e7\u00e3o, na qual os Parceiros do VIVA Social Impact partilharam os resultados de centenas de respostas a inqu\u00e9ritos realizados a pais, educadores e educadores de inf\u00e2ncia em Santa Paula. A partir da\u00ed, come\u00e7\u00e1mos a desenvolver em conjunto as estrat\u00e9gias do roteiro, tendo-as complementado durante a nossa reuni\u00e3o de maio. Nas pr\u00f3ximas semanas, o VIVA ir\u00e1 testar muitas destas estrat\u00e9gias atrav\u00e9s de uma s\u00e9rie de grupos de discuss\u00e3o, recolhendo feedback dos prestadores de servi\u00e7os de EPI e das fam\u00edlias. Ficaremos a saber mais sobre o feedback destes grupos de discuss\u00e3o durante o\u00a0<strong>13 de agosto Reuni\u00e3o do Comit\u00e9 de Dire\u00e7\u00e3o<\/strong>!<\/p>\n<p>Na frente empresarial, a C\u00e2mara de Com\u00e9rcio de Santa Paula est\u00e1 no bom caminho para educar a comunidade empresarial sobre o Projeto Isabella, obtendo algumas ideias adicionais de empregadores e empregados em termos das suas necessidades de cuidados infantis e partilhando os recursos atualmente dispon\u00edveis.<\/p>\n<p>Este ano, realizaram-se duas reuni\u00f5es do Comit\u00e9 de Operadores, onde os operadores de ECE, juntamente com os col\u00e9gios e outras organiza\u00e7\u00f5es de apoio, partilharam e aprenderam uns com os outros para identificar poss\u00edveis solu\u00e7\u00f5es de qualidade, m\u00e3o de obra e acesso para Santa Paula. O Comit\u00e9 de Operadores \u00e9 agora oficialmente designado por Comit\u00e9 de A\u00e7\u00e3o para a Primeira Inf\u00e2ncia, para melhor descrever o papel do grupo.<\/p>\n<p>We are also proud to introduce the Isabella Project&#8217;s new tagline: Todos Juntos&#8230;por los Ni\u00f1os\/All (of us) Together for the Children.<\/p>\n<p>We recently received word that we&#8217;ve been selected as a recipient of the League of California Community Foundations grant to help fund a &#8220;Todos Juntos Por Los Ni\u00f1os&#8221; series of events and we could not be more grateful! Mark your calendars for\u00a0<strong>August 24th&#8217;s Children&#8217;s Festival in Santa Paula<\/strong>onde reuniremos crian\u00e7as e fam\u00edlias, profissionais de ECE, programas infantis locais e organiza\u00e7\u00f5es de servi\u00e7os, e toda a comunidade para um dia cheio de divers\u00e3o que tamb\u00e9m oferece recursos educacionais e informa\u00e7\u00f5es para as fam\u00edlias. Fique atento para mais informa\u00e7\u00f5es!<\/p>\nIremos tamb\u00e9m colaborar com a comunidade num projeto mural em Santa Paula que mostra a import\u00e2ncia e os benef\u00edcios derivados da educa\u00e7\u00e3o na primeira inf\u00e2ncia e a educa\u00e7\u00e3o e seguran\u00e7a das crian\u00e7as com base nos seus direitos civis e humanos. Este projeto mural tem como objetivo real\u00e7ar o impacto do Projeto Isabella de uma forma visual. Estes murais virados para o p\u00fablico servir\u00e3o como um lembrete constante da beleza das crian\u00e7as e da necessidade de as cuidar e proteger como um investimento cr\u00edtico no nosso futuro. Por favor, diga-nos se gostaria de participar!<br \/>\nWe look forward to keeping you all posted in the coming weeks. In the meantime, please let us know if you have any questions, comments, or ideas to share!\nOur best to you,<br \/>\nGabino e Candice<br \/>\nDr. Gabino Aguirre, Co-Presidente do Projeto Isabella<br \/>\nCandice Tang Nyholt, Diretora de Marketing e Comunica\u00e7\u00e3o do Projeto Isabella\n\t\t\t\t<a href=\"https:\/\/vccf.org\/wp-content\/uploads\/2024\/12\/3.png\" data-fancybox=\"images\" title=\"3\" data-caption=\"\" data-description=\"\" itemprop=\"contentUrl\">\n\t\t\t<img loading=\"lazy\" decoding=\"async\" src=\"https:\/\/vccf.org\/wp-content\/uploads\/2024\/12\/3.png\" alt=\"\" data-no-lazy=\"1\" itemprop=\"thumbnail\" width=\"300\" height=\"300\" \/>\n\t\t\t<!-- Overlay Wrapper -->\n\t\t\t <!-- Overlay Wrapper Closed -->\n\t\t\t\t<\/a>\n\t\t\t\t\t\t\t<meta itemprop=\"width\" content=\"300\" \/>\n\t\t\t<meta itemprop=\"height\" content=\"300\" \/>\n\t\t\t\t<a href=\"https:\/\/vccf.org\/wp-content\/uploads\/2024\/12\/2-2.png\" data-fancybox=\"images\" title=\"2-2\" data-caption=\"\" data-description=\"\" itemprop=\"contentUrl\">\n\t\t\t<img loading=\"lazy\" decoding=\"async\" src=\"https:\/\/vccf.org\/wp-content\/uploads\/2024\/12\/2-2.png\" alt=\"\" data-no-lazy=\"1\" itemprop=\"thumbnail\" width=\"300\" height=\"300\" \/>\n\t\t\t<!-- Overlay Wrapper -->\n\t\t\t <!-- Overlay Wrapper Closed -->\n\t\t\t\t<\/a>\n\t\t\t\t\t\t\t<meta itemprop=\"width\" content=\"300\" \/>\n\t\t\t<meta itemprop=\"height\" content=\"300\" \/>\n\t\t\t\t<a href=\"https:\/\/vccf.org\/wp-content\/uploads\/2024\/12\/1.png\" data-fancybox=\"images\" title=\"1\" data-caption=\"\" data-description=\"\" itemprop=\"contentUrl\">\n\t\t\t<img loading=\"lazy\" decoding=\"async\" src=\"https:\/\/vccf.org\/wp-content\/uploads\/2024\/12\/1.png\" alt=\"\" data-no-lazy=\"1\" itemprop=\"thumbnail\" width=\"300\" height=\"300\" \/>\n\t\t\t<!-- Overlay Wrapper -->\n\t\t\t <!-- Overlay Wrapper Closed -->\n\t\t\t\t<\/a>\n\t\t\t\t\t\t\t<meta itemprop=\"width\" content=\"300\" \/>\n\t\t\t<meta itemprop=\"height\" content=\"300\" \/>\n\t<h2>\n\t\tLunch &#038; Learn Recordings\n\t<\/h2>\n\t<p>Whole Child - Abordagem de toda a fam\u00edlia ao desenvolvimento da primeira inf\u00e2ncia com o Dr. Gagan Pawar (Clinicas del Camino Real) e Petra Puls (First 5 Ventura County)<\/p>\n\t<iframe loading=\"lazy\" title=\"5.31.2024 Almo\u00e7o e aprendizagem do projeto Isabella - Abordagem de toda a fam\u00edlia e de toda a crian\u00e7a \u00e0 ECE\" src=\"https:\/\/player.vimeo.com\/video\/952480247?dnt=1&amp;app_id=122963\" width=\"500\" height=\"281\" frameborder=\"0\" allow=\"autoplay; fullscreen; picture-in-picture; clipboard-write\"><\/iframe>\n\t<iframe loading=\"lazy\" title=\"4.26.24 Almo\u00e7o e aprendizagem do Projeto Isabella com a CSU Channel Islands\" src=\"https:\/\/player.vimeo.com\/video\/942047280?dnt=1&amp;app_id=122963\" width=\"500\" height=\"281\" frameborder=\"0\" allow=\"autoplay; fullscreen; picture-in-picture; clipboard-write\"><\/iframe>\n\t<p>Programa de Estudos da Primeira Inf\u00e2ncia da CSU Channel Islands com a Dra. Mari Riojas-Cortez e a Dra. Aura P\u00e9rez-Gonz\u00e1lez<\/p>\n<h2>\n\t\tPr\u00f3ximas reuni\u00f5es Datas\n\t<\/h2>\n\t\t\t\t17 de junho\n\t\t<h4>Monday, 5 &#8211; 7 p.m<\/h4>\n\t\t\t<p>Emprendimiento Course Graduation, Women&#8217;s Economic Ventures, VCCF Nonprofit Center in Camarillo,\u00a0<strong>Guardar a data<\/strong>\u00a0<\/p>\t\t\n\t\t\t\t\n\t\t\t\t\t<a href=\"https:\/\/us02web.zoom.us\/meeting\/register\/tZYtc--qpjoiHdQXticuDkxoTu5Cl4j8vlKn#\/registration\" role=\"button\" target=\"_blank\" rel=\"noopener\">\n\t\t\t\t\t\tRegistar agora\t\t\t\t\t<\/a>\n\t\t\t\t\n\t\t\t\t22 de junho\n\t\t<h4>Saturday, 10 a.m. &#8211; 2 p.m.\u00a0<\/h4>\n\t\t\t<p>Feira Comunit\u00e1ria Spring Into Summer da Santa Paula Social Services Coalition, Veterans Park em Santa Paula\u00a0<\/p>\t\t\n\t\t\t\t\n\t\t\t\t\t<a href=\"https:\/\/host.nxt.blackbaud.com\/registration-form\/?formId=2e340901-884f-47c0-82ea-b132dacfaa64&#038;envId=p-s-RubO8gw0KqKCXm1GDCZQ&#038;bbeml=tp-s-RubO8gw0KqKCXm1GDCZQ.jn_f_VtG5XUeaTLcZjq5yuw.rs7Ic-vH2TU-TxFXkNobXBw.lDSa7kcbJdUuLDEkFK0WMzQ\" role=\"button\" target=\"_blank\" rel=\"noopener\">\n\t\t\t\t\t\tRegistar agora\t\t\t\t\t<\/a>\n\t\t\t\t\n\t\t\t\t28 de junho\n\t\t<h4>Friday, 12 &#8211; 1 p.m.\u00a0<\/h4>\n\t\t\t<p>Almo\u00e7o e aprendizagem do projeto Isabella, programas e actividades de ver\u00e3o da ECE com Michael Shanklin (outros oradores a anunciar)<\/p>\t\t\n\t\t\t\t\n\t\t\t\t\t<a href=\"https:\/\/host.nxt.blackbaud.com\/registration-form\/?formId=2e340901-884f-47c0-82ea-b132dacfaa64&#038;envId=p-s-RubO8gw0KqKCXm1GDCZQ&#038;bbeml=tp-s-RubO8gw0KqKCXm1GDCZQ.jn_f_VtG5XUeaTLcZjq5yuw.rs7Ic-vH2TU-TxFXkNobXBw.lDSa7kcbJdUuLDEkFK0WMzQ\" role=\"button\" target=\"_blank\" rel=\"noopener\">\n\t\t\t\t\t\tRegistar agora\t\t\t\t\t<\/a>\n\t\t\t\t\n\t\t\t\t10 de agosto\n\t\t<h4>Saturday, 10 a.m. &#8211; 1 p.m.\u00a0<\/h4>\n\t\t\t<p>Women&#8217;s Health Fair, hosted by Asm. Jacqui Irwin, Flory Academy in Moorpark, Save the Date<\/p>\t\t\n\t\t\t\t\n\t\t\t\t\t<a href=\"https:\/\/host.nxt.blackbaud.com\/registration-form\/?formId=2e340901-884f-47c0-82ea-b132dacfaa64&#038;envId=p-s-RubO8gw0KqKCXm1GDCZQ&#038;bbeml=tp-s-RubO8gw0KqKCXm1GDCZQ.jn_f_VtG5XUeaTLcZjq5yuw.rs7Ic-vH2TU-TxFXkNobXBw.lDSa7kcbJdUuLDEkFK0WMzQ\" role=\"button\" target=\"_blank\" rel=\"noopener\">\n\t\t\t\t\t\tRegistar agora\t\t\t\t\t<\/a>\n\t\t\t\t\n\t\t\t\t13 de agosto\n\t\t<h4>Tuesday, 11 a.m. &#8211; 1 p.m.\u00a0<\/h4>\n\t\t\t<p>Reuni\u00e3o do Comit\u00e9 de Dire\u00e7\u00e3o do Projeto Isabella, <strong><a href=\"https:\/\/us02web.zoom.us\/s\/88198023159\" target=\"_blank\" rel=\"noopener\">Participar na reuni\u00e3o<\/a><\/strong><\/p>\t\t\n\t\t\t\t24 de agosto\u00a0\n\t\t<h4>S\u00e1bado, <\/h4>\n\t\t\t<p>Isabella Project Children&#8217;s Festival, Santa Paula, <strong>Guardar a data<\/strong><\/p>\t\t\n\t\t\t\t30 de agosto\n\t\t<h4>Friday, 12 &#8211; 1 p.m.\u00a0<\/h4>\n\t\t\t<p>Almo\u00e7o e aprendizagem do Projeto Isabella, Atualiza\u00e7\u00e3o do Distrito Escolar Unificado de Santa Paula com Jeffrey Weinstein.<\/p>\u00a0\u00a0\t\t\n<h1>\n\t\tO custo anual crescente da crise dos cuidados infantis na Calif\u00f3rnia\n\t<\/h1>\n\t<iframe loading=\"lazy\" title=\"Orienta\u00e7\u00e3o de novos membros do Projeto Isabella\" src=\"https:\/\/player.vimeo.com\/video\/938744235?h=86fbf10ca7&amp;dnt=1&amp;app_id=122963\" width=\"500\" height=\"281\" frameborder=\"0\" allow=\"autoplay; fullscreen; picture-in-picture; clipboard-write\"><\/iframe>\n<h1>\n\t\tO custo anual crescente da crise dos cuidados infantis na Calif\u00f3rnia\n\t<\/h1>\n\t<p><em>O novo estudo nacional da ReadyNation concluiu que a crise americana de cuidados infantis para beb\u00e9s e crian\u00e7as custa \u00e0 na\u00e7\u00e3o $122 bili\u00f5es em perda de rendimentos, produtividade e receitas todos os anos. Este custo econ\u00f3mico impressionante afecta os pais trabalhadores, os seus empregadores e os contribuintes do pa\u00eds. O nosso estudo de 2018 concluiu que a crise j\u00e1 estava a prejudicar gravemente a economia pr\u00e9-pand\u00e9mica, com um custo anual de $57 mil milh\u00f5es. A combina\u00e7\u00e3o da COVID-19 com uma a\u00e7\u00e3o pol\u00edtica insuficiente agravou agora significativamente a crise.<\/em><\/p>\n<p>Leia mais sobre o aumento do custo dos cuidados infantis e o seu impacto de $17 mil milh\u00f5es nas fam\u00edlias, nas empresas e nos contribuintes.<\/p>\n\t\t\t<a href=\"https:\/\/www.strongnation.org\/articles\/2355-the-growing-annual-cost-of-the-infant-toddler-child-care-crisis-in-california\" target=\"_blank\" rel=\"noopener\">\n\t\t\t\t\t\t\tLer mais\n\t\t\t\t\t<\/a>\n<h1>\n\t\tJardim de inf\u00e2ncia de transi\u00e7\u00e3o vs. pr\u00e9-escolar, explicado\n\t<\/h1>\n\t<p><em>Os pais de crian\u00e7as pequenas em toda a Calif\u00f3rnia est\u00e3o a enfrentar uma grande decis\u00e3o neste momento: Devem manter os seus filhos no pr\u00e9-escolar no pr\u00f3ximo ano, ou devem experimentar o rec\u00e9m-expandido Jardim de Inf\u00e2ncia Transit\u00f3rio do estado, ou TK?<\/em><\/p>\n<p>Leia o artigo completo no Los Angeles Times para saber mais.<\/p>\n\t\t\t<a href=\"https:\/\/www.strongnation.org\/articles\/2355-the-growing-annual-cost-of-the-infant-toddler-child-care-crisis-in-california\" target=\"_blank\" rel=\"noopener\">\n\t\t\t\t\t\t\tLer mais\n\t\t\t\t\t<\/a>\n\t\t\t\t<img loading=\"lazy\" decoding=\"async\" src=\"https:\/\/vccf.org\/wp-content\/uploads\/2024\/12\/ip-committee-newsletter.png\" alt=\"ip-committee-newsletter\" itemprop=\"image\" height=\"300\" width=\"600\" title=\"boletim informativo do comit\u00e9 ip\" onerror=\"this.style.display='none'\"  \/>\n\t<p>Estimado Comit\u00e9 Diretor del Proyecto Isabella:<\/p>\n<p>Verdaderamente este \u00e9 um momento emocionante, com tanta atividade em marcha para tornar a educa\u00e7\u00e3o na inf\u00e2ncia tempor\u00e1ria de maior qualidade acess\u00edvel a todos!<\/p>\n<p>No final de abril convoc\u00e1mos uma Reuni\u00e3o presencial do Comit\u00e9 Diretivo, na qual os Colaboradores de Impacto Social de VIVA compararam os resultados de centenas de respostas a inqu\u00e9ritos de pais e m\u00e3es, cuidadores e educadores de inf\u00e2ncia tempor\u00e1ria em Santa Paula. A partir de ah\u00ed comenzamos a desarrollar juntos planes estrat\u00e9gicos que ampliamos m\u00e1s durante nuestra reuni\u00f3n de mayo. A lo largo de las pr\u00f3ximas semanas, VIVA evaluar\u00e1 estas estrategias mediante una serie de grupos focales, obteniendo retroinformaci\u00f3n de proveedores de ECE y de familias. \u00a1Sabremos mais sobre a retroinforma\u00e7\u00e3o destes grupos focais durante\u00a0<strong>la Reuni\u00f3n del Comit\u00e9 Diretivo del 13 de agosto<\/strong>!<\/p>\n<p>Na frente de neg\u00f3cios, a C\u00e2mara de Com\u00e9rcio de Santa Paula est\u00e1 a avan\u00e7ar na sua tarefa de educar a comunidade de neg\u00f3cios acerca do Projeto Isabella, obtendo algumas ideias de empregadores e empregados relativamente \u00e0s suas necessidades de cuidados infantis e partilhando os recursos j\u00e1 dispon\u00edveis.<\/p>\n<p>Este ano tiveram lugar duas reuni\u00f5es do Comit\u00e9 de Operadores de ECE, nas quais os operadores de ECE, juntamente com as universidades e outras organiza\u00e7\u00f5es que apoiam, compartilham e aprendem uns com os outros para identificar poss\u00edveis solu\u00e7\u00f5es de qualidade, de for\u00e7a de trabalho e de acesso para Santa Paula. O Comit\u00e9 Operador passa agora a chamar-se oficialmente Comit\u00e9 de Acci\u00f3n para la Primera Infancia, para descrever com maior precis\u00e3o o papel do grupo.<\/p>\n<p>Tamb\u00e9m estamos orgulhosos de apresentar o novo lema do Projeto Isabella:\u00a0<em>Todos Juntos&#8230;por los Ni\u00f1os\/All (of us) Together for the Children<\/em>.<\/p>\n<p>Fomos informados recentemente que fomos selecionados para receber a subven\u00e7\u00e3o da Liga de Funda\u00e7\u00f5es Comunit\u00e1rias da Calif\u00f3rnia para ajudar a financiar uma s\u00e9rie de eventos \"Todos Juntos Por Los Ni\u00f1os\", \u00a1y no podemos estar m\u00e1s agradecidos! Anotar no seu calend\u00e1rio\u00a0<strong>el Festival de los Ni\u00f1os del 24 de agosto en Santa Paula<\/strong>O evento ser\u00e1 realizado no dia 15 de junho, no qual reuniremos crian\u00e7as e fam\u00edlias, profissionais de ECE, programas para crian\u00e7as e organiza\u00e7\u00f5es de servi\u00e7os locais, e a comunidade em geral para um dia cheio de divers\u00e3o que tamb\u00e9m oferecer\u00e1 recursos educativos e informa\u00e7\u00f5es para as fam\u00edlias. Mantenha-se atento para receber mais informa\u00e7\u00f5es!<\/p>\n<p>Tambi\u00e9n colaboraremos con la comunidad en un proyecto mural en Santa Paula que muestra la importancia y los beneficios que son consecuencia de la educaci\u00f3n en la infancia temprana y el cuidado y la seguridad de los ni\u00f1os basados en sus derechos humanos y civiles. Este projeto mural pretende enfatizar o impacto do Projeto Isabella de forma visual. Estes murais destinados ao p\u00fablico actuar\u00e3o como recordat\u00f3rio constante da beleza das crian\u00e7as e da necessidade de as cuidar e proteger como investimento b\u00e1sico para o nosso futuro. Por favor, digam-nos se querem participar!<\/p>\n<p>Temos muitos desejos de mant\u00ea-los informados a todos nas pr\u00f3ximas semanas. No entanto, por favor, envie-nos uma pergunta, coment\u00e1rio ou ideia para partilhar!<\/p>\n<p>Com os nossos melhores desejos,<\/p>\n<p>Gabino e Candice<\/p>\n<p><em>Dr. Gabino Aguirre, Copresidente do Projeto Isabella<\/em><\/p>\n<p><em>Candice Tang Nyholt, Diretora de Mercadotecnia e Comunica\u00e7\u00f5es do Projeto Isabella<\/em><\/p>\n\t\t\t\t<a href=\"https:\/\/vccf.org\/wp-content\/uploads\/2024\/12\/3.png\" data-fancybox=\"images\" title=\"3\" data-caption=\"\" data-description=\"\" itemprop=\"contentUrl\">\n\t\t\t<img loading=\"lazy\" decoding=\"async\" src=\"https:\/\/vccf.org\/wp-content\/uploads\/2024\/12\/3.png\" alt=\"\" data-no-lazy=\"1\" itemprop=\"thumbnail\" width=\"300\" height=\"300\" \/>\n\t\t\t<!-- Overlay Wrapper -->\n\t\t\t <!-- Overlay Wrapper Closed -->\n\t\t\t\t<\/a>\n\t\t\t\t\t\t\t<meta itemprop=\"width\" content=\"300\" \/>\n\t\t\t<meta itemprop=\"height\" content=\"300\" \/>\n\t\t\t\t<a href=\"https:\/\/vccf.org\/wp-content\/uploads\/2024\/12\/2-2.png\" data-fancybox=\"images\" title=\"2-2\" data-caption=\"\" data-description=\"\" itemprop=\"contentUrl\">\n\t\t\t<img loading=\"lazy\" decoding=\"async\" src=\"https:\/\/vccf.org\/wp-content\/uploads\/2024\/12\/2-2.png\" alt=\"\" data-no-lazy=\"1\" itemprop=\"thumbnail\" width=\"300\" height=\"300\" \/>\n\t\t\t<!-- Overlay Wrapper -->\n\t\t\t <!-- Overlay Wrapper Closed -->\n\t\t\t\t<\/a>\n\t\t\t\t\t\t\t<meta itemprop=\"width\" content=\"300\" \/>\n\t\t\t<meta itemprop=\"height\" content=\"300\" \/>\n\t\t\t\t<a href=\"https:\/\/vccf.org\/wp-content\/uploads\/2024\/12\/1.png\" data-fancybox=\"images\" title=\"1\" data-caption=\"\" data-description=\"\" itemprop=\"contentUrl\">\n\t\t\t<img loading=\"lazy\" decoding=\"async\" src=\"https:\/\/vccf.org\/wp-content\/uploads\/2024\/12\/1.png\" alt=\"\" data-no-lazy=\"1\" itemprop=\"thumbnail\" width=\"300\" height=\"300\" \/>\n\t\t\t<!-- Overlay Wrapper -->\n\t\t\t <!-- Overlay Wrapper Closed -->\n\t\t\t\t<\/a>\n\t\t\t\t\t\t\t<meta itemprop=\"width\" content=\"300\" \/>\n\t\t\t<meta itemprop=\"height\" content=\"300\" \/>\n\t<h1>\n\t\tGrabaciones de los Almuerzos de Aprendizaje de Proyecto Isabella\n\t<\/h1>\n\t<p>Programa de Estudos da Inf\u00e2ncia Tempor\u00e3 da CSU Channel Islands com a Dra. Mari Riojas-Cortez e a Dra. Aura P\u00e9rez-Gonz\u00e1lez<\/p>\n\t<iframe loading=\"lazy\" title=\"5.31.2024 Almo\u00e7o e aprendizagem do projeto Isabella - Abordagem de toda a fam\u00edlia e de toda a crian\u00e7a \u00e0 ECE\" src=\"https:\/\/player.vimeo.com\/video\/952480247?dnt=1&amp;app_id=122963\" width=\"500\" height=\"281\" frameborder=\"0\" allow=\"autoplay; fullscreen; picture-in-picture; clipboard-write\"><\/iframe>\n\t<iframe loading=\"lazy\" title=\"4.26.24 Almo\u00e7o e aprendizagem do Projeto Isabella com a CSU Channel Islands\" src=\"https:\/\/player.vimeo.com\/video\/942047280?dnt=1&amp;app_id=122963\" width=\"500\" height=\"281\" frameborder=\"0\" allow=\"autoplay; fullscreen; picture-in-picture; clipboard-write\"><\/iframe>\n\t<p>Enfoque da Fam\u00edlia Completa \/ Crian\u00e7a Completa para o Desenvolvimento na Inf\u00e2ncia Temprana, com a Dra. Gagan Pawar (Clinicas del Camino Real) e Petra Puls (First 5 del Condado de Ventura)<\/p>\n<h1>\n\t\tPr\u00f3ximas Reuni\u00f5es e Eventos Comunit\u00e1rios\n\t<\/h1>\n\t\t\t\t17 de junho\n\t\t<h4>Lunes, 5 p.m. &#8211; 7 p.m<\/h4>\n\t\t\t<p>Licenciatura do curso de Empreendedorismo, Women's Economic Ventures, Centro sin Fines de Lucro VCCF de Camarillo,\u00a0<strong>Anote a data<\/strong><\/p>\t\t\n\t\t\t\t22 de junho\n\t\t<h4>S\u00e1bado, 10 a.m. &#8211; 2 p.m.<\/h4>\n\t\t\t<p>La Feria Comunitaria de primavera a Verano, Coalici\u00f3n de Servicios Sociales de Santa Paula (SPSSC), Veterans Park de Santa Paula,\u00a0<strong><a href=\"https:\/\/www.instagram.com\/p\/C7xFlv0y4Ff\/?utm_source=ig_web_copy_link&amp;igsh=MzRlODBiNWFlZA%3D%3D&amp;\" target=\"_blank\" rel=\"noopener\">Aprende Mais<\/a><\/strong><\/p>\t\t\n\t\t\t\t28 de junho\n\t\t<h4>Viernes, 12 p.m. &#8211; 1 p.m.<\/h4>\n\t\t\t<p>Almo\u00e7o de Aprendizagem do Projeto Isabella, Projectos e Actividades de ver\u00e3o da ECE, com Michael Shaklin (ser\u00e3o anunciados conferencistas adicionais),\u00a0<strong><a href=\"https:\/\/us02web.zoom.us\/meeting\/register\/tZ0tdeCqrz0pHdPEY72KLQGF2VNdpwNlzYOv\" target=\"_blank\" rel=\"noopener\">Registe-se agora<\/a><\/strong><\/p>\t\t\n\t\t\t\t10 de agosto\n\t\t<h4>S\u00e1bado, 10 a.m. &#8211; 1 p.m.\u00a0<\/h4>\n\t\t\t<p>Feira de Sa\u00fade das Mulheres, organizada pela deputada Jacqui Irwin, Flory Academy de Moorpark, <strong>Anote a data<\/strong><\/p>\t\t\n\t\t\t\t13 de agosto\n\t\t<h4>Martes, 11 a.m. &#8211; 1 p.m.\u00a0<\/h4>\n\t\t\t<p>Reuni\u00e3o do Comit\u00e9 Diretivo do Projeto Isabella, <strong><a href=\"https:\/\/us02web.zoom.us\/s\/88198023159\" target=\"_blank\" rel=\"noopener\">Entrar na reuni\u00e3o<\/a><\/strong><\/p>\t\t\n\t\t\t\t24 de agosto\n\t\t<h4>S\u00e1bado <\/h4>\n\t\t\t<p>Projeto Isabella Fiesta de los Ni\u00f1os, Santa Paula, <strong>Anote a data<\/strong><\/p>\t\t\n\t\t\t\t30 de agosto\n\t\t<h4>Viernes, 12 p.m. &#8211; 1 p.m.<\/h4>\n\t\t\t<p>Almo\u00e7o de Aprendizagem do Projeto Isabella, Atualiza\u00e7\u00e3o do Distrito Escolar Unificado de Santa Paula com Jeffrey Weinstein, <strong><a href=\"https:\/\/us02web.zoom.us\/meeting\/register\/tZUodeGrrz8sHtLhRux7aEfPsQPa4sUYlqxV\" target=\"_blank\" rel=\"noopener\">Registe-se agora<\/a><\/strong><\/p>\t\t\n<h1>\n\t\tOrienta\u00e7\u00e3o para membros do Projeto Isabella\n\t<\/h1>\n\t<iframe loading=\"lazy\" title=\"Orienta\u00e7\u00e3o de novos membros do Projeto Isabella\" src=\"https:\/\/player.vimeo.com\/video\/938744235?h=86fbf10ca7&amp;dnt=1&amp;app_id=122963\" width=\"500\" height=\"281\" frameborder=\"0\" allow=\"autoplay; fullscreen; picture-in-picture; clipboard-write\"><\/iframe>\n<h1>\n\t\t O custo anual crescente da crise de cuidados de beb\u00e9s e crian\u00e7as pequenas da Calif\u00f3rnia\n\t<\/h1>\n\t<p><em>Um novo estudo da ReadyNation revelou que a crise de cuidados de beb\u00e9s e crian\u00e7as pequenas causa atualmente \u00e0 na\u00e7\u00e3o $122,000 milh\u00f5es em perdas de ganhos, produtividade e rendimentos por ano. Este costo econ\u00f3mico enorme afecta a los padres trabajadores, sus empleadores y los contribuyentes de la naci\u00f3n. Nuestro estudio de 2018 hall\u00f3 que la crisis ya estaba afectando seriamente a la econom\u00eda anterior a la pandemia, cobr\u00e1ndose un costo de $57,000 millones anualmente. La combinaci\u00f3n del COVID-19 y aciones de pol\u00edticas insuficientes atual han empeorado la crisis significativamente.<\/em><\/p>\n<p>Saiba mais sobre o custo crescente dos cuidados infantis e o seu impacto de $17,000 milh\u00f5es sobre fam\u00edlias, empresas e contribuintes.<\/p>\n\t\t\t<a href=\"https:\/\/www.strongnation.org\/articles\/2355-the-growing-annual-cost-of-the-infant-toddler-child-care-crisis-in-california\" target=\"_blank\" rel=\"noopener\">\n\t\t\t\t\t\t\tLer mais\n\t\t\t\t\t<\/a>\n<h1>\n\t\tExplica\u00e7\u00e3o das diferen\u00e7as entre o Kinder de Transi\u00e7\u00e3o e o pr\u00e9-escolar\n\t<\/h1>\n\t<p><em>Os pais e m\u00e3es de crian\u00e7as pequenas em toda a Calif\u00f3rnia est\u00e3o atualmente a enfrentar uma grande decis\u00e3o: \u00bfdeberiam manter o pr\u00f3ximo ano dos seus filhos na pr\u00e9-escola, ou deveriam experimentar o Kinder de Transici\u00f3n (TK, pelas suas siglas em ingl\u00eas) do estado, que se est\u00e1 a expandir rapidamente?<\/em><\/p>\n<p>Para saber mais, leia o artigo completo no Los Angeles Times.<\/p>\n\t\t\t<a href=\"https:\/\/www.strongnation.org\/articles\/2355-the-growing-annual-cost-of-the-infant-toddler-child-care-crisis-in-california\" target=\"_blank\" rel=\"noopener\">\n\t\t\t\t\t\t\tLer mais\n\t\t\t\t\t<\/a>","protected":false},"featured_media":0,"template":"","meta":{"_acf_changed":false,"give_campaign_id":0},"class_list":["post-22254","newsletters","type-newsletters","status-publish","hentry"],"acf":[],"_links":{"self":[{"href":"https:\/\/vccf.org\/pt\/wp-json\/wp\/v2\/newsletters\/22254","targetHints":{"allow":["GET"]}}],"collection":[{"href":"https:\/\/vccf.org\/pt\/wp-json\/wp\/v2\/newsletters"}],"about":[{"href":"https:\/\/vccf.org\/pt\/wp-json\/wp\/v2\/types\/newsletters"}],"wp:attachment":[{"href":"https:\/\/vccf.org\/pt\/wp-json\/wp\/v2\/media?parent=22254"}],"curies":[{"name":"wp","href":"https:\/\/api.w.org\/{rel}","templated":true}]}}