{"id":22296,"date":"2024-12-16T11:13:31","date_gmt":"2024-12-16T11:13:31","guid":{"rendered":"https:\/\/vccf.org\/?post_type=newsletters&#038;p=22296"},"modified":"2025-02-28T09:32:18","modified_gmt":"2025-02-28T17:32:18","slug":"winter-2024","status":"publish","type":"newsletters","link":"https:\/\/vccf.org\/pt\/newsletters\/winter-2024\/","title":{"rendered":"inverno de 2024"},"content":{"rendered":"<img decoding=\"async\" src=\"https:\/\/vccf.org\/wp-content\/uploads\/2024\/04\/isabella-logo.svg\" alt=\"isabella logo\" itemprop=\"image\" title=\"log\u00f3tipo isabella\" onerror=\"this.style.display='none'\"  \/>\n<h1>\n\t\tIsabella Project Newsletter &#8211; Winter 2024\n\t<\/h1>\n\t<p>12 de dezembro de 2024<\/p>\n<h2>\n\t\t<a href=\"#espanol\" title=\"Vers\u00e3o em espanhol\" target=\"_self\" rel=\"noopener\">\n\t\tVers\u00e3o em espanhol\n\t\t<\/a>\n\t<\/h2>\n\t\t\t\t<img loading=\"lazy\" decoding=\"async\" src=\"https:\/\/vccf.org\/wp-content\/uploads\/2024\/12\/2024kids-festival_10-lg-edit.png\" alt=\"2024kids-festival_10-lg-edit\" itemprop=\"image\" height=\"2340\" width=\"5459\" title=\"2024kids-festival_10-lg-edit\" onerror=\"this.style.display='none'\"  \/>\n\t<p>Caro Comit\u00e9 de Dire\u00e7\u00e3o do Projeto Isabella,<\/p>\n<p>\u00c0 medida que 2024 se aproxima do fim, o nosso comit\u00e9 tem muito de que se orgulhar. Ao longo dos \u00faltimos 12 meses, dedicaram o vosso tempo, energia e amor para atingir o nosso objetivo de levar a educa\u00e7\u00e3o infantil da mais alta qualidade \u00e0s crian\u00e7as de Santa Paula. Alguns destaques do ano passado incluem o seguinte...<\/p>\n<ul>\n<li>Em fevereiro, o Dr. Gabino Aguirre defendeu a nossa causa na Foundations on the Hill 2024 em Washington, D.C., onde se reuniu com v\u00e1rios funcion\u00e1rios eleitos e partilhou o que estamos a fazer aqui em Ventura County atrav\u00e9s do Projeto Isabella.<\/li>\n<li>Na reuni\u00e3o de abril do nosso comit\u00e9 de dire\u00e7\u00e3o, o VIVA partilhou os resultados de centenas de respostas a inqu\u00e9ritos de pais, educadores e educadores de inf\u00e2ncia de Santa Paula, que aprofund\u00e1mos e discutimos na nossa reuni\u00e3o de maio.<\/li>\n<li>Este ver\u00e3o, o nosso Comit\u00e9 de A\u00e7\u00e3o para a Primeira Inf\u00e2ncia reuniu-se e tem-se reunido regularmente para reunir a sabedoria dos seus membros e identificar poss\u00edveis solu\u00e7\u00f5es de qualidade, m\u00e3o de obra e acesso para Santa Paula.<\/li>\n<li>In June, the League of California Community Foundations selected the Isabella Project to host a series of &#8220;Todos Juntos Por Los Ni\u00f1os&#8221; events, which kicked off several months of planning for our first-ever children&#8217;s festival.<\/li>\n<li>No dia 19 de junho, fal\u00e1mos na reuni\u00e3o da C\u00e2mara Municipal de Santa Paula sobre o poder da educa\u00e7\u00e3o infantil da mais alta qualidade e as nossas esperan\u00e7as para a nossa comunidade com o Projeto Isabella.<\/li>\n<li>Na reuni\u00e3o de agosto do nosso comit\u00e9 de dire\u00e7\u00e3o, celebr\u00e1mos a conclus\u00e3o do nosso Plano de Implementa\u00e7\u00e3o do Roteiro, que servir\u00e1 de Estrela Polar para orientar os nossos pr\u00f3ximos passos. Gra\u00e7as aos membros do nosso comit\u00e9 de dire\u00e7\u00e3o, que trabalham em conjunto com os Parceiros de Impacto Social do VIVA, embarc\u00e1mos numa viagem de escuta, envolvendo-nos com centenas de fam\u00edlias e prestadores de cuidados precoces em Santa Paula para compreender as suas necessidades e aspira\u00e7\u00f5es.<\/li>\n<li>Em setembro, o Projeto Isabella foi a Sacramento para representar Santa Paula na Nation League of Cities Early Learning Nation: Cimeira de Inova\u00e7\u00e3o da Calif\u00f3rnia. A nossa pequena mas poderosa cidade foi uma das cinco selecionadas para o programa, juntamente com Los Angeles, Oakland, Sacramento e San Diego.<\/li>\n<li>Na reuni\u00e3o de outubro do nosso comit\u00e9 de dire\u00e7\u00e3o, previmos o futuro de Santa Paula e do Projeto Isabella e recebemos um presente transformador do Citizens Business Bank.<\/li>\n<li>No dia 19 de outubro, festej\u00e1mos no nosso primeiro festival infantil, Todos Juntos Por Los Ni\u00f1os! Com mais de 680 participantes e 48 stands, este evento foi um enorme sucesso para celebrar as crian\u00e7as da nossa comunidade e fornecer recursos \u00e0s fam\u00edlias. Reviva a alegria do evento\u00a0<a href=\"https:\/\/vccf.org\/pt\/watch-the-video-todos-juntos-por-los-ninos-childrens-festival\/\" data-link-type=\"1\" data-href=\"https:\/\/vccf.org\/watch-the-video-todos-juntos-por-los-ninos-childrens-festival\/\" data-link-id=\"813669D4-AFFA-4F4B-B930-5B5747EA114F\">ver o nosso v\u00eddeo<\/a>\u00a0ou\u00a0<a href=\"https:\/\/vccf.org\/pt\/todos-juntos-por-los-ninos-childrens-festival-photo-gallery\/\" data-link-type=\"1\" data-href=\"https:\/\/vccf.org\/todos-juntos-por-los-ninos-childrens-festival-photo-gallery\/\" data-link-id=\"28A26B4D-4D6F-4F78-970D-50EB013F4F2C\">ver a nossa galeria de fotos<\/a>.<\/li>\n<li>Todos os meses, ouvimos os membros do nosso comit\u00e9 de especialistas apresentarem-se nos nossos Almo\u00e7os e Aprendizagens do Projeto Isabella, partilhando a forma como as suas organiza\u00e7\u00f5es est\u00e3o a apoiar as crian\u00e7as da nossa comunidade.<\/li>\n<\/ul>\n<p>Temos muito de que nos orgulhar em 2024 e esperamos que isso vos encha de energia e inspira\u00e7\u00e3o \u00e0 medida que entramos em 2025. N\u00e3o se esque\u00e7am de trazer todas as vossas resolu\u00e7\u00f5es e objectivos para a nossa primeira reuni\u00e3o do comit\u00e9 de dire\u00e7\u00e3o no novo ano e, at\u00e9 nos voltarmos a ver, desejamos a todos umas boas festas junto dos vossos entes queridos.<\/p>\n<p>O nosso melhor,<\/p>\n<p>Gabino e Elvia<\/p>\n<p><em>Dr. Gabino Aguirre, Co-Presidente<\/em><\/p>\n<p><em>Elvia Hernandez, Co-Presidente<\/em><\/p>\n<h1>\n\t\tWatch the Todos Juntos Por Los Ni\u00f1os Children&#8217;s Festival Video\n\t<\/h1>\n\t\t\t\t<a href=\"https:\/\/vccf.org\/pt\/watch-the-video-todos-juntos-por-los-ninos-childrens-festival\/\" target=\"_self\" itemprop=\"url\" rel=\"noopener\">\n\t\t\t\t<img loading=\"lazy\" decoding=\"async\" src=\"https:\/\/vccf.org\/wp-content\/uploads\/2024\/12\/video-thumbnail-768x490-1.png\" alt=\"video-thumbnail-768x490\" itemprop=\"image\" height=\"490\" width=\"768\" title=\"video-thumbnail-768x490\" onerror=\"this.style.display='none'\"  \/>\n\t\t\t\t<\/a>\n<h2>\n\t\tCobertura noticiosa do Projeto Isabella\n\t<\/h2>\n\t\t\t\t<img loading=\"lazy\" decoding=\"async\" src=\"https:\/\/vccf.org\/wp-content\/uploads\/2024\/12\/2.png\" alt=\"2\" itemprop=\"image\" height=\"600\" width=\"600\" title=\"2\" onerror=\"this.style.display='none'\"  \/>\n<h3>\n\t\tRead the Pacific Coast Business Times&#8217;s op-ed on the Isabella Project\n\t<\/h3>\n\t\t\t<a href=\"https:\/\/vccf.org\/pt\/dubroff-october-surprises-add-up-for-central-coast-educators\/\" target=\"_self\" rel=\"noopener\">\n\t\t\t\t\t\t\tLer mais\n\t\t\t\t\t<\/a>\n\t\t\t\t<img loading=\"lazy\" decoding=\"async\" src=\"https:\/\/vccf.org\/wp-content\/uploads\/2024\/12\/1-1.png\" alt=\"1 (1)\" itemprop=\"image\" height=\"600\" width=\"600\" title=\"1 (1)\" onerror=\"this.style.display='none'\"  \/>\n<h3>\n\t\tRead Ventana Monthly&#8217;s coverage of the Children&#8217;s Festival\n\t<\/h3>\n\t\t\t<a href=\"https:\/\/vccf.org\/pt\/ventana-monthly-todos-juntos-por-los-ninos-childrens-festival\/\" target=\"_self\" rel=\"noopener\">\n\t\t\t\t\t\t\tLer mais\n\t\t\t\t\t<\/a>\n\t\t\t\t<img loading=\"lazy\" decoding=\"async\" src=\"https:\/\/vccf.org\/wp-content\/uploads\/2024\/12\/radio-lazer-interview-1.png\" alt=\"radio-lazer-interview-1\" itemprop=\"image\" height=\"600\" width=\"600\" title=\"r\u00e1dio-lazer-entrevista-1\" onerror=\"this.style.display='none'\"  \/>\n<h3>\n\t\tHear Dr. Aguirre&#8217;s Spanish interview with Lazer Media\n\t<\/h3>\n\t\t\t<a href=\"https:\/\/vccf.org\/pt\/childrens-festival-radio-interview-with-dr-aguirre\/\" target=\"_self\" rel=\"noopener\">\n\t\t\t\t\t\t\tLer mais\n\t\t\t\t\t<\/a>\n<h2>\n\t\tFall Isabella Project Lunch &#038; Learn Recordings\n\t<\/h2>\n\t\t\t\t<img loading=\"lazy\" decoding=\"async\" src=\"https:\/\/vccf.org\/wp-content\/uploads\/2024\/12\/screenshot-2024-12-02-165051.png\" alt=\"screenshot-2024-12-02-165051\" itemprop=\"image\" height=\"555\" width=\"1079\" title=\"screenshot-2024-12-02-165051\" onerror=\"this.style.display='none'\"  \/>\n<h3>\n\t\tWomen&#8217;s Economic Ventures and the Santa Paula Chamber of Commerce\n\t<\/h3>\n\t\t\t<a href=\"https:\/\/vimeo.com\/1013669773\" target=\"_blank\" rel=\"noopener\">\n\t\t\t\t\t\t\tVer\n\t\t\t\t\t<\/a>\n\t\t\t\t<img loading=\"lazy\" decoding=\"async\" src=\"https:\/\/vccf.org\/wp-content\/uploads\/2024\/12\/screenshot-2024-12-02-165100.png\" alt=\"screenshot-2024-12-02-165100\" itemprop=\"image\" height=\"556\" width=\"1078\" title=\"screenshot-2024-12-02-165100\" onerror=\"this.style.display='none'\"  \/>\n<h3>\n\t\tMuseu do Condado de Ventura\n\t<\/h3>\n\t\t\t<a href=\"https:\/\/vimeo.com\/1024459659\" target=\"_blank\" rel=\"noopener\">\n\t\t\t\t\t\t\tVer\n\t\t\t\t\t<\/a>\n\t\t\t\t<img loading=\"lazy\" decoding=\"async\" src=\"https:\/\/vccf.org\/wp-content\/uploads\/2024\/12\/2024kids-festival_10-lg-edit.png\" alt=\"2024kids-festival_10-lg-edit\" itemprop=\"image\" height=\"2340\" width=\"5459\" title=\"2024kids-festival_10-lg-edit\" onerror=\"this.style.display='none'\"  \/>\n\t<p>Estimado Comit\u00e9 Diretivo del Proyecto Isabella:<\/p>\n<p>Conforme se acerca do final de 2024, o nosso comit\u00e9 tem muito do que se orgulhar. Durante os \u00faltimos 12 meses, os senhores dedicaram o seu tempo, energia e amor para nos ajudar a atingir o nosso objetivo de fazer chegar a educa\u00e7\u00e3o infantil de mais alta qualidade \u00e0s crian\u00e7as de Santa Paula. Alguns momentos marcantes deste ano que termina incluem os seguintes...<\/p>\n<ul>\n<li>Em fevereiro, o Dr. Gabino Aguirre defendeu nossa causa no Foundations on the Hill de 2024 em Washington, D.C., onde se reuniu com v\u00e1rios funcion\u00e1rios eleitos e comparou o que estamos fazendo aqui no Condado de Ventura por meio do Projeto Isabella.<\/li>\n<li>Na reuni\u00e3o de abril do nosso comit\u00e9 diretivo, VIVA comparou os resultados de centenas de respostas a inqu\u00e9ritos de pais e m\u00e3es, cuidadores e educadores infantis em Santa Paula, sobre os quais aprofund\u00e1mos mais e debatemos na nossa reuni\u00e3o de maio.<\/li>\n<li>Este ano constituiu-se o nosso Comit\u00e9 de A\u00e7\u00e3o para a Inf\u00e2ncia Tempor\u00e1ria, que se re\u00fane regularmente para unir os conhecimentos dos seus membros e identificar poss\u00edveis solu\u00e7\u00f5es de qualidade, for\u00e7a de trabalho e acesso para Santa Paula.<\/li>\n<li>Em junho, a Liga de Funda\u00e7\u00f5es Comunit\u00e1rias da Calif\u00f3rnia selecionou o Projeto Isabella para organizar uma s\u00e9rie de eventos \"Todos Juntos Por Los Ni\u00f1os\", o que levou a v\u00e1rios meses de prepara\u00e7\u00e3o para o nosso primeiro festival infantil.<\/li>\n<li>No dia 19 de junho, falamos na reuni\u00e3o do Conselho Municipal de Santa Paula sobre o poder da educa\u00e7\u00e3o infantil de mais alta qualidade e as esperan\u00e7as para a nossa comunidade com o Projeto Isabella.<\/li>\n<li>Na reuni\u00e3o de agosto do nosso Comit\u00e9 Diretivo, celebr\u00e1mos o facto de termos completado o Plano de Implementa\u00e7\u00e3o da nossa Casa de Rota, que ser\u00e1 a luz que guiar\u00e1 os nossos pr\u00f3ximos passos. Gra\u00e7as aos membros do nosso Comit\u00e9 Diretivo que trabalham com os Colaboradores de Impacto Social de VIVA, embarc\u00e1mos num passeio para escutar, contactar com centenas de fam\u00edlias e fornecedores de cuidados infantis em Santa Paula para entender as suas necessidades e aspira\u00e7\u00f5es.<\/li>\n<li>Em setembro, o Projeto Isabella foi a Sacramento para representar Santa Paula na Liga Nacional de Cidades, Na\u00e7\u00e3o de Aprendizagem Tempor\u00e1ria: Cumbre de Innovaci\u00f3n de California. A nossa pequena mas poderosa cidade foi uma das cinco selecionadas para o programa juntamente com Los Angeles, Oakland, Sacramento e San Diego.<\/li>\n<li>Na reuni\u00e3o de outubro do nosso comit\u00e9 diretivo contempl\u00e1mos o futuro de Santa Paula e o Projeto Isabella e recebemos um presente transformador do Citizens Business Bank.<\/li>\n<li>\u00a1Em 19 de outubro tivemos uma comemora\u00e7\u00e3o em nosso primeiro festival infantil, Todos Juntos Por Los Ni\u00f1os! Com mais de 680 participantes e 40 postos de informa\u00e7\u00e3o, este evento foi um enorme sucesso em honra das crian\u00e7as da nossa comunidade e para proporcionar recursos \u00e0s fam\u00edlias. Pueden revivir la alegr\u00eda del evento\u00a0<a href=\"https:\/\/vccf.org\/pt\/watch-the-video-todos-juntos-por-los-ninos-childrens-festival\/\" data-link-type=\"1\" data-href=\"https:\/\/vccf.org\/watch-the-video-todos-juntos-por-los-ninos-childrens-festival\/\" data-link-id=\"617E77F0-A3AF-4C6E-8FFE-261E95C9DF42\" data->vendo o nosso v\u00eddeo<\/a>\u00a0o\u00a0<a href=\"https:\/\/vccf.org\/pt\/todos-juntos-por-los-ninos-childrens-festival-photo-gallery\/\" data-link-type=\"1\" data-href=\"https:\/\/vccf.org\/todos-juntos-por-los-ninos-childrens-festival-photo-gallery\/\" data-link-id=\"5696F3E4-4B4C-4690-BD11-6A4327387B37\" data->vendo a nossa galeria de fotos<\/a>.<\/li>\n<li>Todos os meses ouvimos os membros do nosso comit\u00e9 de peritos a fazerem apresenta\u00e7\u00f5es nos nossos Almo\u00e7os de Aprendizagem do Projeto Isabella, comparando a forma como as suas organiza\u00e7\u00f5es apoiam as crian\u00e7as da nossa comunidade.<\/li>\n<\/ul>\n<p>Tenemos mucho de que enorgullecernos en 2024, y esperamos que eso los llene de energ\u00eda e inspiraci\u00f3n conforme entramos en 2025. No duden en traer todas sus resoluciones y objetivos a la primera reuni\u00f3n de nuestro comit\u00e9 diretivo el nuevo a\u00f1o, y hasta que volvamos a vernos, les deseamos a todos un periodo de fiestas feliz junto a las personas que aman.<\/p>\nCom os nossos melhores cumprimentos,<br \/>\nGabino e Elvia<br \/>\n<em>Dr. Gabino Aguirre, Copresidente<\/em><br \/>\n<em>Elvia Hern\u00e1ndez, Copresidente<\/em>\n<h2>\n\t\tVean el Video del Festival &#8220;Todos Juntos Por Los Ni\u00f1os&#8221;\n\t<\/h2>\n\t\t\t\t<a href=\"https:\/\/vccf.org\/pt\/watch-the-video-todos-juntos-por-los-ninos-childrens-festival\/\" target=\"_self\" itemprop=\"url\" rel=\"noopener\">\n\t\t\t\t<img loading=\"lazy\" decoding=\"async\" src=\"https:\/\/vccf.org\/wp-content\/uploads\/2024\/12\/video-thumbnail-768x490-1.png\" alt=\"video-thumbnail-768x490\" itemprop=\"image\" height=\"490\" width=\"768\" title=\"video-thumbnail-768x490\" onerror=\"this.style.display='none'\"  \/>\n\t\t\t\t<\/a>\n<h2>\n\t\tCobertura de not\u00edcias sobre o projeto Isabella\n\t<\/h2>\n\t\t\t\t<img loading=\"lazy\" decoding=\"async\" src=\"https:\/\/vccf.org\/wp-content\/uploads\/2024\/12\/2.png\" alt=\"2\" itemprop=\"image\" height=\"600\" width=\"600\" title=\"2\" onerror=\"this.style.display='none'\"  \/>\n<h3>\n\t\tLeia a Coluna do Pacific Coast Business Times sobre o Projeto Isabella\n\t<\/h3>\n\t\t\t<a href=\"https:\/\/vccf.org\/pt\/dubroff-october-surprises-add-up-for-central-coast-educators\/\" target=\"_self\" rel=\"noopener\">\n\t\t\t\t\t\t\tLer o artigo\n\t\t\t\t\t<\/a>\n\t\t\t\t<img loading=\"lazy\" decoding=\"async\" src=\"https:\/\/vccf.org\/wp-content\/uploads\/2024\/12\/1-1.png\" alt=\"1 (1)\" itemprop=\"image\" height=\"600\" width=\"600\" title=\"1 (1)\" onerror=\"this.style.display='none'\"  \/>\n<h3>\n\t\tLean la cobertura del Festival Infantil en Ventana Monthly\n\t<\/h3>\n\t\t\t<a href=\"https:\/\/vccf.org\/pt\/ventana-monthly-todos-juntos-por-los-ninos-childrens-festival\/\" target=\"_self\" rel=\"noopener\">\n\t\t\t\t\t\t\tLer o artigo\n\t\t\t\t\t<\/a>\n\t\t\t\t<img loading=\"lazy\" decoding=\"async\" src=\"https:\/\/vccf.org\/wp-content\/uploads\/2024\/12\/radio-lazer-interview-1.png\" alt=\"radio-lazer-interview-1\" itemprop=\"image\" height=\"600\" width=\"600\" title=\"r\u00e1dio-lazer-entrevista-1\" onerror=\"this.style.display='none'\"  \/>\n<h3>\n\t\tVeja a entrevista em espanhol do Dr. Aguirre com a Lazer Media\n\t<\/h3>\n\t\t\t<a href=\"https:\/\/vccf.org\/pt\/childrens-festival-radio-interview-with-dr-aguirre\/\" target=\"_self\" rel=\"noopener\">\n\t\t\t\t\t\t\tEscutar a entrevista\n\t\t\t\t\t<\/a>\n<h2>\n\t\tGrabaciones de los Almuerzos de Aprendizaje de Oto\u00f1o del Proyecto Isabella\n\t<\/h2>\n\t\t\t\t<img loading=\"lazy\" decoding=\"async\" src=\"https:\/\/vccf.org\/wp-content\/uploads\/2024\/12\/screenshot-2024-12-02-165051.png\" alt=\"screenshot-2024-12-02-165051\" itemprop=\"image\" height=\"555\" width=\"1079\" title=\"screenshot-2024-12-02-165051\" onerror=\"this.style.display='none'\"  \/>\n<h3>\n\t\tWomen&#8217;s Economic Ventures y la C\u00e1mara de Comercio de Santa Paula\n\t<\/h3>\n\t\t\t<a href=\"https:\/\/vimeo.com\/1013669773\" target=\"_blank\" rel=\"noopener\">\n\t\t\t\t\t\t\tVer a grava\u00e7\u00e3o\n\t\t\t\t\t<\/a>\n\t\t\t\t<img loading=\"lazy\" decoding=\"async\" src=\"https:\/\/vccf.org\/wp-content\/uploads\/2024\/12\/screenshot-2024-12-02-165100.png\" alt=\"screenshot-2024-12-02-165100\" itemprop=\"image\" height=\"556\" width=\"1078\" title=\"screenshot-2024-12-02-165100\" onerror=\"this.style.display='none'\"  \/>\n<h3>\n\t\tMuseu do Condado de Ventura\n\t<\/h3>\n\t\t\t<a href=\"https:\/\/vimeo.com\/1024459659\" target=\"_blank\" rel=\"noopener\">\n\t\t\t\t\t\t\tVer a grava\u00e7\u00e3o\n\t\t\t\t\t<\/a>","protected":false},"featured_media":0,"template":"","meta":{"_acf_changed":false,"give_campaign_id":0},"class_list":["post-22296","newsletters","type-newsletters","status-publish","hentry"],"acf":[],"_links":{"self":[{"href":"https:\/\/vccf.org\/pt\/wp-json\/wp\/v2\/newsletters\/22296","targetHints":{"allow":["GET"]}}],"collection":[{"href":"https:\/\/vccf.org\/pt\/wp-json\/wp\/v2\/newsletters"}],"about":[{"href":"https:\/\/vccf.org\/pt\/wp-json\/wp\/v2\/types\/newsletters"}],"wp:attachment":[{"href":"https:\/\/vccf.org\/pt\/wp-json\/wp\/v2\/media?parent=22296"}],"curies":[{"name":"wp","href":"https:\/\/api.w.org\/{rel}","templated":true}]}}