{"id":10051,"date":"2020-04-30T14:47:32","date_gmt":"2020-04-30T21:47:32","guid":{"rendered":"https:\/\/vccf.org\/?p=10051"},"modified":"2025-01-29T07:47:47","modified_gmt":"2025-01-29T07:47:47","slug":"ventura-county-rapid-response-fund-covid-19-receives-additional-400000-from-amgen-foundation","status":"publish","type":"post","link":"https:\/\/vccf.org\/pt\/ventura-county-rapid-response-fund-covid-19-receives-additional-400000-from-amgen-foundation\/","title":{"rendered":"O Fundo de Resposta R\u00e1pida do Condado de Ventura (COVID-19) recebe mais $400.000 da Funda\u00e7\u00e3o Amgen"},"content":{"rendered":"<p><b>Camarillo, CA - <\/b><span style=\"font-weight: 400;\">O Comit\u00e9 Especial de Supervis\u00e3o do <\/span><b>Fundo de Resposta R\u00e1pida do Condado de Ventura <\/b><span style=\"font-weight: 400;\">tinha acabado de atribuir os restantes $391.000 do fundo a organiza\u00e7\u00f5es locais sem fins lucrativos que prestam servi\u00e7os de apoio essenciais quando Vanessa Bechtel, Presidente e Diretora Executiva da Ventura County Community Foundation, recebeu uma chamada especial. Jessica Halloran, da Amgen Corporate Philanthropy, partilhou a espantosa not\u00edcia de que a Funda\u00e7\u00e3o Amgen estava a contribuir com mais $400.000 para o seu j\u00e1 generoso apoio ao esfor\u00e7o de ajuda \u00e0 COVID-19.\u00a0<\/span><\/p>\n<p><span style=\"font-weight: 400;\">\"Temos assistido a uma procura de apoio sem precedentes - milh\u00f5es de d\u00f3lares em necessidades locais - e foi extremamente dif\u00edcil restringir o \u00faltimo dos nossos fundos de subven\u00e7\u00e3o para a COVID-19\", partilhou Geoff Dean, copresidente do Comit\u00e9 de Supervis\u00e3o Especial. \"O momento deste apoio essencial da Funda\u00e7\u00e3o Amgen n\u00e3o poderia ter sido melhor.\"<\/span><\/p>\n<p><span style=\"font-weight: 400;\">Enquanto parceiro fundamental no lan\u00e7amento do <\/span><b>Fundo de Resposta R\u00e1pida do Condado de Ventura<\/b><span style=\"font-weight: 400;\">A Funda\u00e7\u00e3o Amgen tem estado presente, impulsionando este esfor\u00e7o vital para toda a comunidade desde o in\u00edcio. Este esfor\u00e7o de colabora\u00e7\u00e3o na Funda\u00e7\u00e3o Comunit\u00e1ria do Condado de Ventura tamb\u00e9m inclui o Condado de Ventura, a Aera Energy, a Southeast Ventura County YMCA, a Give An Hour e a Economic Development Collaborative.\u00a0<\/span><\/p>\n<p><span style=\"font-weight: 400;\">O Fundo de Resposta R\u00e1pida do Condado de Ventura da VCCF disponibiliza apoio financeiro \u00e0s organiza\u00e7\u00f5es que enfrentam dificuldades financeiras em resultado da COVID-19 e permite que estas organiza\u00e7\u00f5es mantenham e aumentem os seus servi\u00e7os.<\/span><\/p>\n<p><span style=\"font-weight: 400;\">Enquanto as autoridades de sa\u00fade p\u00fablica est\u00e3o a trabalhar diligentemente para se prepararem e darem resposta \u00e0 COVID-19, a VCCF's <\/span><b>Fundo de Resposta R\u00e1pida do Condado de Ventura<\/b><span style=\"font-weight: 400;\"> foi criado para apoiar financeiramente organiza\u00e7\u00f5es sem fins lucrativos que respondem \u00e0s necessidades de indiv\u00edduos e fam\u00edlias com apoio alimentar e habitacional, cuidados infantis, substitui\u00e7\u00e3o de sal\u00e1rios, sa\u00fade mental e muito mais. O Fundo permite que estas organiza\u00e7\u00f5es permane\u00e7am abertas e se expandam \u00e0 medida que a procura dos seus servi\u00e7os aumenta. Centenas de fam\u00edlias do Condado de Ventura receberam assist\u00eancia direta em dinheiro, com milhares a receberem apoio essencial adicional, como alimentos para as fam\u00edlias, acesso a servi\u00e7os de sa\u00fade mental, cuidados infantis e assist\u00eancia cr\u00edtica \u00e0 habita\u00e7\u00e3o e ao arrendamento. Foi tamb\u00e9m disponibilizado apoio aos propriet\u00e1rios de pequenas empresas atrav\u00e9s do Women's Economic Venture e do Economic Development Collaborative.<\/span><\/p>\n<p><span style=\"font-weight: 400;\">\"\u00c0 medida que os desafios associados \u00e0 COVID-19 continuam a evoluir, estamos empenhados em apoiar os nossos vizinhos, colegas, amigos e comunidades\", afirmou Eduardo Cetlin, Presidente da Funda\u00e7\u00e3o Amgen. \"Agradecemos \u00e0 Funda\u00e7\u00e3o Comunit\u00e1ria do Condado de Ventura por ter dado in\u00edcio a este Fundo de Resposta R\u00e1pida, que ser\u00e1 fundamental \u00e0 medida que as organiza\u00e7\u00f5es sem fins lucrativos do Condado de Ventura trabalham para responder \u00e0s necessidades das pessoas afectadas pelo v\u00edrus.\"<\/span><\/p>\n<p><span style=\"font-weight: 400;\">\"\u00c9 certo que, nos \u00faltimos dois meses, a nossa comunidade tem enfrentado grandes desafios\", afirmou Scott Hansen, Presidente do Conselho de Administra\u00e7\u00e3o da VCCF. \"A incr\u00edvel e imediata generosidade da Amgen serviu tamb\u00e9m para inspirar a generosidade de toda a comunidade, com milhares de pessoas a darem um passo em frente para ajudar os seus vizinhos durante este per\u00edodo dif\u00edcil.\"<\/span><\/p>\n<p><span style=\"font-weight: 400;\">\"<\/span><span style=\"font-weight: 400;\">O nosso objetivo \u00e9 fazer tudo o que for poss\u00edvel para angariar os milh\u00f5es de fundos necess\u00e1rios para servir os indiv\u00edduos e as fam\u00edlias locais, e apreciamos profundamente a manifesta\u00e7\u00e3o de apoio dos nossos parceiros e dos membros da comunidade\", disse Bechtel, \"Ainda h\u00e1 muito a fazer. O Condado de Ventura \u00e9 uma comunidade resiliente e generosa, e vamos ultrapassar isto juntos!\"<\/span><\/p>\n<p><b>Para apoiar o Fundo de Resposta R\u00e1pida do Condado de Ventura, <\/b><span style=\"font-weight: 400;\">A VCCF agradece contribui\u00e7\u00f5es financeiras de indiv\u00edduos, organiza\u00e7\u00f5es, empresas e institui\u00e7\u00f5es. Os donativos podem ser efectuados em VCCF.org.<\/span><\/p>\n<p><i><span style=\"font-weight: 400;\">A VCCF n\u00e3o cobrar\u00e1 quaisquer taxas administrativas deste fundo, 100% de donativos ser\u00e3o atribu\u00eddos com base nos crit\u00e9rios do fundo.<\/span><\/i><\/p>\n<p><span style=\"font-weight: 400;\">Para mais informa\u00e7\u00f5es, visite vccf.org ou contacte Vanessa Bechtel atrav\u00e9s do n\u00famero 805-330-6676 ou vbechtel@vccf.org.<\/span><\/p>\n<p><b>SOBRE A VENTURA COUNTY COMMUNITY FOUNDATION<\/b><span style=\"font-weight: 400;\">\u00a0<\/span><\/p>\n<p><span style=\"font-weight: 400;\">Criada em 1987, a Ventura County Community Foundation desenvolve a filantropia na regi\u00e3o, administrando legados atrav\u00e9s de uma gest\u00e3o cuidadosa do capital de caridade. A funda\u00e7\u00e3o honra a inten\u00e7\u00e3o dos doadores protegendo as dota\u00e7\u00f5es. A organiza\u00e7\u00e3o sem fins lucrativos especializa-se em ligar os recursos filantr\u00f3picos \u00e0s necessidades da comunidade para benef\u00edcio de todos. A organiza\u00e7\u00e3o tamb\u00e9m serve a comunidade atrav\u00e9s de bolsas de estudo, concess\u00e3o de subs\u00eddios e parcerias de colabora\u00e7\u00e3o. Para obter mais informa\u00e7\u00f5es, visite <\/span><a href=\"https:\/\/vccf.org\/pt\/\"><span style=\"font-weight: 400;\">www.vccf.org<\/span><\/a><span style=\"font-weight: 400;\">.<\/span><\/p>","protected":false},"excerpt":{"rendered":"<p>\"Temos assistido a uma procura de apoio sem precedentes - milh\u00f5es de d\u00f3lares em necessidades locais - e foi extremamente dif\u00edcil restringir o \u00faltimo dos nossos fundos de subven\u00e7\u00e3o para a COVID-19\", partilhou Geoff Dean, copresidente do Comit\u00e9 de Supervis\u00e3o Especial. \"O momento deste apoio essencial da Funda\u00e7\u00e3o Amgen n\u00e3o poderia ter sido melhor.\"<\/p>","protected":false},"author":3,"featured_media":10120,"comment_status":"closed","ping_status":"closed","sticky":false,"template":"","format":"standard","meta":{"_acf_changed":false,"give_campaign_id":0,"footnotes":""},"categories":[27],"tags":[],"class_list":["post-10051","post","type-post","status-publish","format-standard","has-post-thumbnail","hentry","category-blog-posts"],"acf":[],"_links":{"self":[{"href":"https:\/\/vccf.org\/pt\/wp-json\/wp\/v2\/posts\/10051","targetHints":{"allow":["GET"]}}],"collection":[{"href":"https:\/\/vccf.org\/pt\/wp-json\/wp\/v2\/posts"}],"about":[{"href":"https:\/\/vccf.org\/pt\/wp-json\/wp\/v2\/types\/post"}],"author":[{"embeddable":true,"href":"https:\/\/vccf.org\/pt\/wp-json\/wp\/v2\/users\/3"}],"replies":[{"embeddable":true,"href":"https:\/\/vccf.org\/pt\/wp-json\/wp\/v2\/comments?post=10051"}],"version-history":[{"count":0,"href":"https:\/\/vccf.org\/pt\/wp-json\/wp\/v2\/posts\/10051\/revisions"}],"wp:featuredmedia":[{"embeddable":true,"href":"https:\/\/vccf.org\/pt\/wp-json\/wp\/v2\/media\/10120"}],"wp:attachment":[{"href":"https:\/\/vccf.org\/pt\/wp-json\/wp\/v2\/media?parent=10051"}],"wp:term":[{"taxonomy":"category","embeddable":true,"href":"https:\/\/vccf.org\/pt\/wp-json\/wp\/v2\/categories?post=10051"},{"taxonomy":"post_tag","embeddable":true,"href":"https:\/\/vccf.org\/pt\/wp-json\/wp\/v2\/tags?post=10051"}],"curies":[{"name":"wp","href":"https:\/\/api.w.org\/{rel}","templated":true}]}}