{"id":10133,"date":"2020-05-29T14:14:20","date_gmt":"2020-05-29T21:14:20","guid":{"rendered":"https:\/\/vccf.org\/?p=10133"},"modified":"2025-01-29T07:47:47","modified_gmt":"2025-01-29T07:47:47","slug":"1-million-to-805-undocufund","status":"publish","type":"post","link":"https:\/\/vccf.org\/pt\/1-million-to-805-undocufund\/","title":{"rendered":"Doador an\u00f3nimo contribui com $1 milh\u00f5es para o 805 UndocuFund"},"content":{"rendered":"<p><img loading=\"lazy\" decoding=\"async\" class=\"wp-image-10134 aligncenter\" src=\"https:\/\/vccf.org\/wp-content\/uploads\/2020\/05\/cropped-805_undocufund_logo1-1024x205.png\" alt=\"\" width=\"600\" height=\"120\" srcset=\"https:\/\/vccf.org\/wp-content\/uploads\/2020\/05\/cropped-805_undocufund_logo1-1024x205.png 1024w, https:\/\/vccf.org\/wp-content\/uploads\/2020\/05\/cropped-805_undocufund_logo1-300x60.png 300w, https:\/\/vccf.org\/wp-content\/uploads\/2020\/05\/cropped-805_undocufund_logo1-768x154.png 768w, https:\/\/vccf.org\/wp-content\/uploads\/2020\/05\/cropped-805_undocufund_logo1-18x4.png 18w, https:\/\/vccf.org\/wp-content\/uploads\/2020\/05\/cropped-805_undocufund_logo1.png 1231w\" sizes=\"auto, (max-width: 600px) 100vw, 600px\" \/><\/p>\n<p>Uma doa\u00e7\u00e3o an\u00f3nima de $1 milh\u00e3o de euros para o 805 UndocuFund dar\u00e1 um grande impulso aos trabalhadores sem documentos que necessitem de ajuda financeira durante a pandemia. Mais de 7.000 pessoas nos condados de Santa Barbara e Ventura registaram-se para receber ajuda depois de terem perdido o emprego ou o hor\u00e1rio de trabalho.<\/p>\n<p>\"Estamos entusiasmados com este generoso presente que nos permitir\u00e1 ajudar mais de 800 fam\u00edlias\", disse Eder Gaona-Macedo, Diretor Executivo da Future Leaders of America - um dos v\u00e1rios grupos sem fins lucrativos que operam o fundo de ajuda. \"Esta \u00e9 a maior doa\u00e7\u00e3o para o Fundo desde que ele foi criado em 2018!\"<\/p>\n<p>Esta oferta an\u00f3nima eleva o total angariado para ajudar os imigrantes indocumentados na pandemia para $2,6 milh\u00f5es - sendo necess\u00e1rios mais $3,4 milh\u00f5es para atingir o objetivo de angaria\u00e7\u00e3o de fundos de $6 milh\u00f5es. Os candidatos ao Fundo perderam empregos em restaurantes, hot\u00e9is, bares, quintas e outras empresas locais. Muitos dos que ganham a vida a limpar casas tamb\u00e9m ficaram desempregados devido aos mandatos de distanciamento social.<\/p>\n<p>\"As fam\u00edlias n\u00e3o trabalham desde meados de mar\u00e7o, est\u00e3o com a renda atrasada e sentem-se desesperadas por terem de pagar o b\u00e1sico, incluindo as compras e as contas dos servi\u00e7os p\u00fablicos\", afirmou Eder. \"O UndocuFund est\u00e1 agora a enviar $1.200 cheques para aqueles que perderam o emprego.\"<\/p>\n<p>O 805 UndocuFund foi lan\u00e7ado em 2018 para ajudar os imigrantes na sequ\u00eancia do inc\u00eandio de Thomas e do fluxo de detritos de Montecito. O Fundo distribuiu cerca de $2 milh\u00f5es a 1300 fam\u00edlias, algumas das quais perderam casas, enquanto muitas outras perderam emprego ou sal\u00e1rios durante semanas. Desde ent\u00e3o, o Fundo apoiou imigrantes na sequ\u00eancia de outros inc\u00eandios na regi\u00e3o.<\/p>\n<p>O 805UndocuFund \u00e9 uma parceria entre organiza\u00e7\u00f5es conhecidas e de confian\u00e7a de muitos residentes indocumentados: Future Leaders of America (FLA), Mixteco\/Indigenous Community Organizing Project (MICOP), e Central Coast Alliance United for a Sustainable Economy (CAUSE). A Ventura County Community Foundation (VCCF) fornece apoio administrativo e de angaria\u00e7\u00e3o de fundos, enquanto a McCune Foundation fornece apoio de lideran\u00e7a.<br \/>\nO pessoal que fala espanhol e mais de 60 volunt\u00e1rios processam as candidaturas e verificam a perda de emprego dos candidatos. Os volunt\u00e1rios que falam l\u00ednguas ind\u00edgenas tamb\u00e9m s\u00e3o cruciais para o esfor\u00e7o.<\/p>\n<p>Mais de 700 pessoas fizeram donativos para o UndocuFund, incluindo v\u00e1rios membros proeminentes da comunidade que contribu\u00edram com os seus cheques de est\u00edmulo federal. Dezenas de funda\u00e7\u00f5es tamb\u00e9m financiaram o projeto, incluindo subs\u00eddios para cobrir todos os custos operacionais. As principais funda\u00e7\u00f5es que contribu\u00edram incluem a Funda\u00e7\u00e3o Robert Wood Johnson, a Funda\u00e7\u00e3o Libra e a Grantmakers Concerned with Immigrants and Refugees.<\/p>\n<p>Os donativos devem ser efectuados atrav\u00e9s da Ventura County Community Foundation e designados para o 805 UndocuFund. Mais informa\u00e7\u00f5es em www.805UndocuFund.<\/p>","protected":false},"excerpt":{"rendered":"<p>A $1 million anonymous gift to the 805 UndocuFund will provide a major boost for undocumented workers in need of financial help during the pandemic. More than 7,000 people in&hellip;<\/p>","protected":false},"author":3,"featured_media":10540,"comment_status":"closed","ping_status":"closed","sticky":false,"template":"","format":"standard","meta":{"_acf_changed":false,"give_campaign_id":0,"footnotes":""},"categories":[27],"tags":[],"class_list":["post-10133","post","type-post","status-publish","format-standard","has-post-thumbnail","hentry","category-blog-posts"],"acf":[],"_links":{"self":[{"href":"https:\/\/vccf.org\/pt\/wp-json\/wp\/v2\/posts\/10133","targetHints":{"allow":["GET"]}}],"collection":[{"href":"https:\/\/vccf.org\/pt\/wp-json\/wp\/v2\/posts"}],"about":[{"href":"https:\/\/vccf.org\/pt\/wp-json\/wp\/v2\/types\/post"}],"author":[{"embeddable":true,"href":"https:\/\/vccf.org\/pt\/wp-json\/wp\/v2\/users\/3"}],"replies":[{"embeddable":true,"href":"https:\/\/vccf.org\/pt\/wp-json\/wp\/v2\/comments?post=10133"}],"version-history":[{"count":0,"href":"https:\/\/vccf.org\/pt\/wp-json\/wp\/v2\/posts\/10133\/revisions"}],"wp:featuredmedia":[{"embeddable":true,"href":"https:\/\/vccf.org\/pt\/wp-json\/wp\/v2\/media\/10540"}],"wp:attachment":[{"href":"https:\/\/vccf.org\/pt\/wp-json\/wp\/v2\/media?parent=10133"}],"wp:term":[{"taxonomy":"category","embeddable":true,"href":"https:\/\/vccf.org\/pt\/wp-json\/wp\/v2\/categories?post=10133"},{"taxonomy":"post_tag","embeddable":true,"href":"https:\/\/vccf.org\/pt\/wp-json\/wp\/v2\/tags?post=10133"}],"curies":[{"name":"wp","href":"https:\/\/api.w.org\/{rel}","templated":true}]}}