{"id":14191,"date":"2021-11-29T09:27:20","date_gmt":"2021-11-29T17:27:20","guid":{"rendered":"https:\/\/vccf.org\/?p=14191"},"modified":"2025-01-29T07:47:16","modified_gmt":"2025-01-29T07:47:16","slug":"interview-with-sean-leonard-chair-of-the-vccf-board-of-directors","status":"publish","type":"post","link":"https:\/\/vccf.org\/pt\/interview-with-sean-leonard-chair-of-the-vccf-board-of-directors\/","title":{"rendered":"Entrevista com Sean Leonard, Presidente do Conselho de Administra\u00e7\u00e3o da VCCF"},"content":{"rendered":"<p><em><img loading=\"lazy\" decoding=\"async\" class=\"aligncenter size-large wp-image-14192\" src=\"https:\/\/vccf.org\/wp-content\/uploads\/2021\/11\/2017-sean-4-1024x683.jpg\" alt=\"\" width=\"1024\" height=\"683\" srcset=\"https:\/\/vccf.org\/wp-content\/uploads\/2021\/11\/2017-sean-4-1024x683.jpg 1024w, https:\/\/vccf.org\/wp-content\/uploads\/2021\/11\/2017-sean-4-300x200.jpg 300w, https:\/\/vccf.org\/wp-content\/uploads\/2021\/11\/2017-sean-4-768x512.jpg 768w, https:\/\/vccf.org\/wp-content\/uploads\/2021\/11\/2017-sean-4-1536x1024.jpg 1536w, https:\/\/vccf.org\/wp-content\/uploads\/2021\/11\/2017-sean-4-18x12.jpg 18w, https:\/\/vccf.org\/wp-content\/uploads\/2021\/11\/2017-sean-4.jpg 1800w\" sizes=\"auto, (max-width: 1024px) 100vw, 1024px\" \/><\/em><\/p>\n<p><em>Por Lauren Graf<\/em><\/p>\n<p>Conhe\u00e7a Sean Leonard, o novo Presidente do Conselho de Administra\u00e7\u00e3o da Funda\u00e7\u00e3o Comunit\u00e1ria do Condado de Ventura. Sean ingressou no Conselho em 2019 e atuou como secret\u00e1rio at\u00e9 ser selecionado para se tornar presidente do Conselho ap\u00f3s o ex-presidente imediato, Scott Hansen. Sean \u00e9 residente do condado de Ventura h\u00e1 mais de 30 anos, atualmente residindo em Oxnard com sua esposa Gwen. Os dois conheceram-se quando frequentavam a UCLA e est\u00e3o casados h\u00e1 42 anos, com tr\u00eas filhos, duas noras e dois netos.<\/p>\n<p>Sean nasceu e cresceu em Hong Kong e veio para os Estados Unidos como estudante estrangeiro e o primeiro da sua fam\u00edlia a frequentar a universidade. Durante a sua inf\u00e2ncia, Sean disse que os seus pais eram \"modelos de humildade e de ind\u00fastria\". O seu pai era membro do Regimento Real de Hong Kong \"Os Volunt\u00e1rios\" que lutou contra os invasores japoneses e esteve preso durante quatro anos, enquanto a sua m\u00e3e sobrevivia \u00e0 guerra numa Hong Kong ocupada.<\/p>\n<p>Sean \u00e9 inspirado a retribuir tanto no Conselho de Administra\u00e7\u00e3o como atrav\u00e9s da sua empresa. Ele dirige uma empresa de gest\u00e3o de projectos, a S.L. Leonard &amp; Associates, especializada em ajudar organiza\u00e7\u00f5es sem fins lucrativos com as suas necessidades de desenvolvimento imobili\u00e1rio. Alguns dos seus clientes locais incluem o Museum of Ventura County, Casa Pacifica, kidSTREAM e tr\u00eas Boys &amp; Girls Clubs. Para al\u00e9m disso, ajudou os seus clientes a desenvolver quase 6.000 unidades de habita\u00e7\u00e3o a pre\u00e7os acess\u00edveis. Ele diz que o seu projeto mais not\u00e1vel no Condado de Ventura \u00e9 a Biblioteca P\u00fablica de Camarillo, um local favorito para muitos residentes.<\/p>\n<p>Para al\u00e9m do seu trabalho incans\u00e1vel no Conselho de Administra\u00e7\u00e3o da VCCF, Sean tamb\u00e9m faz parte do Conselho de Administra\u00e7\u00e3o da Casa Pacifica e \u00e9 o anterior Presidente do Conselho de Administra\u00e7\u00e3o da A Community of Friends, que desenvolve e gere habita\u00e7\u00f5es econ\u00f3micas para pessoas com doen\u00e7as mentais.<\/p>\n<p>Sean falou com a VCCF sobre o seu percurso filantr\u00f3pico, o seu desejo de retribuir \u00e0 sua comunidade e a sua vis\u00e3o para o futuro da VCCF.<\/p>\n<p><strong>Qual foi a origem da sua paix\u00e3o pela filantropia?<\/strong><\/p>\n<p>\u00c9 uma quest\u00e3o de f\u00e9, pois ensinaram-me que dar incondicionalmente resultar\u00e1 na abertura das comportas do C\u00e9u com b\u00ean\u00e7\u00e3os. Consequentemente, nem sempre recebemos tudo o que quer\u00edamos, mas sempre nos foi dado o que precis\u00e1vamos.<\/p>\n<p>Como a nossa atividade nos exp\u00f4s a muitos clientes sem fins lucrativos, a Gwen e eu apercebemo-nos de quanta bondade existe na comunidade e tamb\u00e9m de como \u00e9 dif\u00edcil para eles financiar todo o seu trabalho vital.<\/p>\n<p><strong>O que o inspirou a juntar-se ao Conselho de Administra\u00e7\u00e3o da VCCF?<\/strong><\/p>\n<p>Quando eu era Presidente do Conselho de Administra\u00e7\u00e3o dos Boys &amp; Girls Clubs de Greater Oxnard e Port Hueneme, o Diretor Executivo e eu encontr\u00e1mo-nos v\u00e1rias vezes com Vanessa Bechtel, uma vez que t\u00ednhamos um fundo de dota\u00e7\u00e3o na VCCF e est\u00e1vamos tamb\u00e9m a procurar aconselhamento sobre angaria\u00e7\u00e3o de fundos. A partir da\u00ed, comecei a aprender e a admirar o alcance da VCCF e a sua capacidade de ligar pessoas e organiza\u00e7\u00f5es para um bem maior. Algum tempo depois, o Scott Hansen e a Vanessa contactaram-me para discutir a minha entrada no Conselho de Administra\u00e7\u00e3o da VCCF.<\/p>\n<p><strong>Faz parte do Conselho de Administra\u00e7\u00e3o desde 2019. Desde ent\u00e3o, como viu o Condado de Ventura mudar, seja na filantropia, no trabalho sem fins lucrativos ou em algum outro aspeto?<\/strong><\/p>\n<p>Quando entrei para a associa\u00e7\u00e3o, ainda est\u00e1vamos a reagir \u00e0 tr\u00e1gica crise de Borderline e a assumir um papel de lideran\u00e7a na liga\u00e7\u00e3o das v\u00edtimas e das fam\u00edlias com o apoio financeiro e outros apoios. Vimos mais de 10.000 doadores de primeira viagem darem um passo em frente nestes tempos; a comunidade \u00e9 extremamente generosa e a filantropia est\u00e1 a mudar e a prosperar no Condado de Ventura. Estou muito entusiasmado por fazer parte da promo\u00e7\u00e3o desta paix\u00e3o.<\/p>\n<p><strong>Quais s\u00e3o algumas das causas que mais lhe interessam apoiar atrav\u00e9s do seu trabalho no Conselho de Administra\u00e7\u00e3o?<\/strong><\/p>\n<p>O problema dos sem-abrigo \u00e9 um deles. Tenho a sorte de trabalhar com muitas ag\u00eancias, como a Many Mansions, a Housing Authority of the City of San Buenaventura, a Area Housing Authority, a Cabrillo Economic Development e a People's Self-Help Housing, que est\u00e3o a liderar a oferta de habita\u00e7\u00e3o de apoio permanente na nossa comunidade.<\/p>\n<p>A Gwen e eu tamb\u00e9m somos apaixonados por ajudar jovens carenciados e da\u00ed o nosso envolvimento com os Boys &amp; Girls Clubs e a Casa Pacifica, que servem alguns dos nossos vizinhos mais vulner\u00e1veis. Recentemente, presidi ao Comit\u00e9 de Doa\u00e7\u00f5es Principais da campanha $5,000,000 dos Boys &amp; Girls Clubs de Greater Oxnard &amp; Port Hueneme.<\/p>\n<p><strong>Na sua transi\u00e7\u00e3o para o cargo de novo Presidente do Conselho de Administra\u00e7\u00e3o, o que aprendeu sobre lideran\u00e7a?<\/strong><\/p>\n<p>Podem acontecer grandes coisas quando h\u00e1 vontade e abertura para colaborar. Lembro-me de a nossa diretora-geral, Vanessa Bechtel, ter falado sobre o recenseamento de 2020 em 2019, o que foi um verdadeiro choque para mim. \u00c0 medida que a conversa se transformou em a\u00e7\u00e3o, acredito que Vanessa foi um dos principais catalisadores, se n\u00e3o a for\u00e7a dominante por tr\u00e1s da convoca\u00e7\u00e3o de reuni\u00f5es, realizando divulga\u00e7\u00e3o e nos movendo de estar entre os 2% dos condados em risco de serem subestimados para o percentil 95 para alcan\u00e7ar uma contagem completa. Este esfor\u00e7o maci\u00e7o resultar\u00e1 em $1 mil milh\u00f5es a $2 mil milh\u00f5es em servi\u00e7os sociais adicionais para a nossa comunidade nos pr\u00f3ximos 10 anos. Isto \u00e9 que \u00e9 lideran\u00e7a efectiva.<\/p>\n<p><strong>Que conselhos lhe deu o anterior presidente Scott Hansen, que o ajudou a preparar-se para esta nova fun\u00e7\u00e3o?<\/strong><\/p>\n<p>O Scott tem sido uma cadeira fant\u00e1stica nos \u00faltimos seis anos e \u00e9 bastante intimidante segui-lo. Scott fala de solu\u00e7\u00f5es quando eu ainda estou a perceber as perguntas. Scott disse-me que n\u00e3o precisamos de outro Scott Hansen; precisamos de um Sean Leonard. Essencialmente, recebi autoriza\u00e7\u00e3o para ser eu pr\u00f3prio. Sob a lideran\u00e7a de Scott, adicion\u00e1mos um novo Diretor de Opera\u00e7\u00f5es e um Diretor de Conformidade. Temos uma equipa executiva muito forte e, com a forma\u00e7\u00e3o do Conselho de Administra\u00e7\u00e3o e a cria\u00e7\u00e3o de uma estrutura de comiss\u00f5es s\u00f3lida, tenho todo o apoio de que necessito para ser bem sucedido.<\/p>\n<p><strong>Olhando para o futuro, que vis\u00e3o tem para a Dire\u00e7\u00e3o e para a VCCF nos pr\u00f3ximos anos?<\/strong><\/p>\n<p>Uma vez que a mesa foi posta para o sucesso com o dimensionamento correto do pessoal e do Conselho de Administra\u00e7\u00e3o, podemos ser mais estrat\u00e9gicos e proactivos no nosso planeamento estrat\u00e9gico. Estamos atualmente a desenvolver um novo plano estrat\u00e9gico e temos um grupo incr\u00edvel de membros do Conselho de Administra\u00e7\u00e3o e funcion\u00e1rios superiores entusiasmados e talentosos a trabalhar nele.<\/p>\n<p>Gostaria que cheg\u00e1ssemos a ainda mais organiza\u00e7\u00f5es sem fins lucrativos e que as capacit\u00e1ssemos para cumprirem as suas miss\u00f5es. Estamos a organizar regularmente reuni\u00f5es \"Caf\u00e9 &amp; Liga\u00e7\u00e3o\" com organiza\u00e7\u00f5es sem fins lucrativos para nos conhecermos melhor e para as apresentarmos a parceiros estrat\u00e9gicos.<\/p>\n<p>Com a extraordin\u00e1ria efus\u00e3o de generosidade a que assistimos, gostaria de nos ver crescer para al\u00e9m do segredo mais bem guardado para os doadores e investidores. Atrav\u00e9s da VCCF, os investidores podem racionalizar as suas doa\u00e7\u00f5es, podemos ajud\u00e1-los a serem mais estrat\u00e9gicos e concentrados, ao mesmo tempo que potenciamos o seu dinheiro. Podemos mostrar-lhes v\u00e1rias vias com vantagens fiscais para a filantropia. Podemos facilitar fundos multigeracionais onde as crian\u00e7as podem ser expostas \u00e0 filantropia e os herdeiros podem ser capacitados para continuar o legado de doa\u00e7\u00e3o.<\/p>\n<p>Os problemas reais exigem, por vezes, solu\u00e7\u00f5es complexas; ao sermos convocadores e conectores, podemos fazer grandes coisas pela nossa comunidade. O futuro \u00e9 muito entusiasmante!<\/p>","protected":false},"excerpt":{"rendered":"<p>By Lauren Graf Meet Sean Leonard, the new Chair of the Ventura County Community Foundation Board of Directors. Sean joined the Board in 2019 and served as Secretary until being&hellip;<\/p>","protected":false},"author":3,"featured_media":14192,"comment_status":"closed","ping_status":"closed","sticky":false,"template":"","format":"standard","meta":{"_acf_changed":false,"give_campaign_id":0,"footnotes":""},"categories":[27],"tags":[],"class_list":["post-14191","post","type-post","status-publish","format-standard","has-post-thumbnail","hentry","category-blog-posts"],"acf":[],"_links":{"self":[{"href":"https:\/\/vccf.org\/pt\/wp-json\/wp\/v2\/posts\/14191","targetHints":{"allow":["GET"]}}],"collection":[{"href":"https:\/\/vccf.org\/pt\/wp-json\/wp\/v2\/posts"}],"about":[{"href":"https:\/\/vccf.org\/pt\/wp-json\/wp\/v2\/types\/post"}],"author":[{"embeddable":true,"href":"https:\/\/vccf.org\/pt\/wp-json\/wp\/v2\/users\/3"}],"replies":[{"embeddable":true,"href":"https:\/\/vccf.org\/pt\/wp-json\/wp\/v2\/comments?post=14191"}],"version-history":[{"count":0,"href":"https:\/\/vccf.org\/pt\/wp-json\/wp\/v2\/posts\/14191\/revisions"}],"wp:featuredmedia":[{"embeddable":true,"href":"https:\/\/vccf.org\/pt\/wp-json\/wp\/v2\/media\/14192"}],"wp:attachment":[{"href":"https:\/\/vccf.org\/pt\/wp-json\/wp\/v2\/media?parent=14191"}],"wp:term":[{"taxonomy":"category","embeddable":true,"href":"https:\/\/vccf.org\/pt\/wp-json\/wp\/v2\/categories?post=14191"},{"taxonomy":"post_tag","embeddable":true,"href":"https:\/\/vccf.org\/pt\/wp-json\/wp\/v2\/tags?post=14191"}],"curies":[{"name":"wp","href":"https:\/\/api.w.org\/{rel}","templated":true}]}}