{"id":14301,"date":"2021-11-30T12:08:11","date_gmt":"2021-11-30T20:08:11","guid":{"rendered":"https:\/\/vccf.org\/?p=14301"},"modified":"2025-03-05T01:04:25","modified_gmt":"2025-03-05T09:04:25","slug":"power-of-purpose-newsletter-november-30-2021","status":"publish","type":"post","link":"https:\/\/vccf.org\/pt\/power-of-purpose-newsletter-november-30-2021\/","title":{"rendered":"Boletim informativo Power of Purpose - 30 de novembro de 2021"},"content":{"rendered":"<p><img loading=\"lazy\" decoding=\"async\" class=\"aligncenter wp-image-14303 size-full\" src=\"https:\/\/vccf.org\/wp-content\/uploads\/2021\/12\/0ea2f070-926c-4b9e-fc28-bf93f02f9fe2.png\" alt=\"\" width=\"600\" height=\"301\" srcset=\"https:\/\/vccf.org\/wp-content\/uploads\/2021\/12\/0ea2f070-926c-4b9e-fc28-bf93f02f9fe2.png 600w, https:\/\/vccf.org\/wp-content\/uploads\/2021\/12\/0ea2f070-926c-4b9e-fc28-bf93f02f9fe2-300x151.png 300w, https:\/\/vccf.org\/wp-content\/uploads\/2021\/12\/0ea2f070-926c-4b9e-fc28-bf93f02f9fe2-18x9.png 18w\" sizes=\"auto, (max-width: 600px) 100vw, 600px\" \/><\/p>\n<p>Cara fam\u00edlia da Funda\u00e7\u00e3o Comunit\u00e1ria do Condado de Ventura,<\/p>\n<p>Tenho sonhado com este momento nos \u00faltimos doze meses e n\u00e3o podia estar mais entusiasmada por partilhar a not\u00edcia do nosso rebranding com cada um de v\u00f3s! O meu cora\u00e7\u00e3o est\u00e1 cheio de gratid\u00e3o para com todos os que participaram nesta jornada de colabora\u00e7\u00e3o e que honraram a nossa hist\u00f3ria de 34 anos de servi\u00e7o \u00e0 nossa comunidade, levando t\u00e3o a s\u00e9rio este processo de refor\u00e7o e clarifica\u00e7\u00e3o da nossa identidade. Quero agradecer especialmente a\u00a0<strong>Meryl Chase, membro da Dire\u00e7\u00e3o da VCCF,\u00a0<\/strong>e<strong>\u00a0Tim Gallagher, membro anterior imediato do Conselho de Administra\u00e7\u00e3o da VCCF<\/strong>O Conselho da Uni\u00e3o Europeia, por co-liderar este esfor\u00e7o, e\u00a0<strong>a nossa fant\u00e1stica equipa de marketing da Loacom<\/strong>. Estamos muito gratos e absolutamente encantados com os resultados do vosso trabalho e dedica\u00e7\u00e3o!<\/p>\n<p>A pr\u00f3xima fase do nosso rebranding ser\u00e1 a atualiza\u00e7\u00e3o do nosso s\u00edtio Web com mais conte\u00fados e informa\u00e7\u00f5es vitais que nos ajudar\u00e3o a cumprir\u00a0<strong>a nossa miss\u00e3o de ligar pessoas, recursos e solu\u00e7\u00f5es para criar um impacto duradouro no nosso mundo partilhado<\/strong>. Agradecemos os seus pensamentos e ideias ao longo do caminho. Se se aperceber de formas de melhorarmos as nossas comunica\u00e7\u00f5es e de o ajudarmos a realizar os seus sonhos filantr\u00f3picos, entre em contacto connosco! Estamos ansiosos por ouvir a sua opini\u00e3o! Calleen Pardinas \u00e9 a nossa chefe de projeto neste esfor\u00e7o e espera que lhe envie um e-mail em qualquer altura com as suas ideias e sugest\u00f5es para\u00a0<a href=\"mailto:cpardinas@vccf.org\">cpardinas@vccf.org<\/a>.<\/p>\n<p>Claro que n\u00e3o deve ser surpresa para si que eu adoro esta altura do ano - uma altura de dar e servir os outros. Mais uma vez, lembro-me todos os dias que o Condado de Ventura \u00e9 uma comunidade generosa! Nas \u00faltimas duas semanas, os nossos clientes concederam mais de $783.000 a dezenas de organiza\u00e7\u00f5es locais sem fins lucrativos. A vossa paix\u00e3o colectiva inspira-nos e ficamos comovidos com a diferen\u00e7a que est\u00e3o a fazer - desde o apoio \u00e0 educa\u00e7\u00e3o, ao ambiente, \u00e0s artes e \u00e0 m\u00fasica, at\u00e9 \u00e0 disponibiliza\u00e7\u00e3o de alojamento para fam\u00edlias e \u00e0 retribui\u00e7\u00e3o aos veteranos da nossa comunidade que serviram t\u00e3o desinteressadamente a nossa na\u00e7\u00e3o - estamos muito gratos a cada um de v\u00f3s!<\/p>\n<p>Por \u00faltimo, espero que cada um de v\u00f3s nos ajude a contactar os estudantes da vossa vida que prosseguem estudos superiores e forma\u00e7\u00e3o profissional e lhes d\u00ea a conhecer o\u00a0<strong>Programa de bolsas de estudo da VCCF<\/strong>. Gra\u00e7as \u00e0 generosidade de milhares de doadores, este ano planeamos atribuir mais de $1,5 milh\u00f5es a estudantes locais. Candidaturas apresentadas\u00a0<strong>at\u00e9 10 de dezembro\u00a0<\/strong>ser\u00e3o analisadas para verificar a sua exatid\u00e3o e os estudantes ter\u00e3o a oportunidade de corrigir eventuais erros e voltar a apresentar as suas candidaturas at\u00e9 \u00e0 data limite de janeiro, altura em que as candidaturas ser\u00e3o analisadas pelo Comit\u00e9 de Sele\u00e7\u00e3o de Bolsas de Estudo da VCCF.<\/p>\n<p>Muito obrigado a todos v\u00f3s,<br \/>\nFelicidades para si,<br \/>\nVanessa<\/p>\n<p>Vanessa Bechtel, Presidente e Diretora Executiva<\/p>\n<h3 style=\"text-align: center;\">Mud\u00e1mos a nossa marca! Conhe\u00e7a a sua Funda\u00e7\u00e3o Comunit\u00e1ria do Condado de Ventura<\/h3>\n<h3 style=\"text-align: center;\"><img loading=\"lazy\" decoding=\"async\" class=\"aligncenter wp-image-14304\" src=\"https:\/\/vccf.org\/wp-content\/uploads\/2021\/12\/cfedf732-c4d6-21e3-83a5-32ebec92182e.png\" alt=\"\" width=\"700\" height=\"447\" srcset=\"https:\/\/vccf.org\/wp-content\/uploads\/2021\/12\/cfedf732-c4d6-21e3-83a5-32ebec92182e.png 940w, https:\/\/vccf.org\/wp-content\/uploads\/2021\/12\/cfedf732-c4d6-21e3-83a5-32ebec92182e-300x191.png 300w, https:\/\/vccf.org\/wp-content\/uploads\/2021\/12\/cfedf732-c4d6-21e3-83a5-32ebec92182e-768x490.png 768w, https:\/\/vccf.org\/wp-content\/uploads\/2021\/12\/cfedf732-c4d6-21e3-83a5-32ebec92182e-18x12.png 18w\" sizes=\"auto, (max-width: 700px) 100vw, 700px\" \/><\/h3>\n<p data-uw-styling-context=\"true\">Desde 1987, a VCCF tem vindo a desenvolver a filantropia na regi\u00e3o de Ventura County e n\u00e3o s\u00f3. Temos servido a comunidade atrav\u00e9s da salvaguarda e aconselhamento dos investimentos dos doadores, trabalhando em parcerias de colabora\u00e7\u00e3o com organiza\u00e7\u00f5es sem fins lucrativos da \u00e1rea e ligando os recursos \u00e0s necessidades da comunidade para obter o maior impacto.<\/p>\n<p data-uw-styling-context=\"true\">Nos nossos 34 anos de hist\u00f3ria, vimos muitas itera\u00e7\u00f5es deste servi\u00e7o comunicadas atrav\u00e9s da nossa marca - log\u00f3tipos, cores, declara\u00e7\u00f5es e outros elementos da marca evolu\u00edram juntamente com a funda\u00e7\u00e3o.\u00a0<strong>A escolha de uma nova marca foi vista como uma oportunidade para refor\u00e7ar e clarificar a nossa identidade<\/strong>\u00a0- tanto interna como publicamente - a fim de alargar o nosso alcance a novas gera\u00e7\u00f5es de filantropos e criar um sentimento mais profundo de perten\u00e7a, inclus\u00e3o e comunidade.<\/p>\n<p>Ler mais<\/p>\n<h3 style=\"text-align: center;\">Entrevista com o Presidente do Conselho de Administra\u00e7\u00e3o, Sean Leonard<\/h3>\n<p style=\"text-align: center;\"><em><img loading=\"lazy\" decoding=\"async\" class=\"aligncenter wp-image-14192\" src=\"https:\/\/vccf.org\/wp-content\/uploads\/2021\/11\/2017-sean-4.jpg\" alt=\"Sean Leonard smiles standing in front of trees and a building\" width=\"600\" height=\"400\" srcset=\"https:\/\/vccf.org\/wp-content\/uploads\/2021\/11\/2017-sean-4.jpg 1800w, https:\/\/vccf.org\/wp-content\/uploads\/2021\/11\/2017-sean-4-300x200.jpg 300w, https:\/\/vccf.org\/wp-content\/uploads\/2021\/11\/2017-sean-4-1024x683.jpg 1024w, https:\/\/vccf.org\/wp-content\/uploads\/2021\/11\/2017-sean-4-768x512.jpg 768w, https:\/\/vccf.org\/wp-content\/uploads\/2021\/11\/2017-sean-4-1536x1024.jpg 1536w, https:\/\/vccf.org\/wp-content\/uploads\/2021\/11\/2017-sean-4-18x12.jpg 18w\" sizes=\"auto, (max-width: 600px) 100vw, 600px\" \/>\"A comunidade \u00e9 extremamente generosa e a filantropia est\u00e1 a mudar e a prosperar em Ventura County. Estou muito entusiasmado por fazer parte da facilita\u00e7\u00e3o dessa paix\u00e3o.\"<\/em><\/p>\n<p>O novo presidente do Conselho de Administra\u00e7\u00e3o da VCCF foi recentemente entrevistado por Lauren Graf, da VCCF, sobre a sua nova posi\u00e7\u00e3o de lideran\u00e7a, o seu percurso filantr\u00f3pico e a sua vis\u00e3o para a VCCF e o futuro do Condado de Ventura.<\/p>\n<h3 style=\"text-align: center;\">Coffee &amp; Connections - Trabalho em rede para profissionais sem fins lucrativos do Condado de Ventura<\/h3>\n<p><a href=\"https:\/\/vccf.org\/pt\/events\/virtual-coffee-and-connections\/\"><img loading=\"lazy\" decoding=\"async\" class=\"aligncenter wp-image-14307\" src=\"https:\/\/vccf.org\/wp-content\/uploads\/2021\/12\/a1240753-86de-a372-b590-ee1c5a5297ae-1024x574.jpeg\" alt=\"\" width=\"800\" height=\"448\" srcset=\"https:\/\/vccf.org\/wp-content\/uploads\/2021\/12\/a1240753-86de-a372-b590-ee1c5a5297ae-1024x574.jpeg 1024w, https:\/\/vccf.org\/wp-content\/uploads\/2021\/12\/a1240753-86de-a372-b590-ee1c5a5297ae-300x168.jpeg 300w, https:\/\/vccf.org\/wp-content\/uploads\/2021\/12\/a1240753-86de-a372-b590-ee1c5a5297ae-768x431.jpeg 768w, https:\/\/vccf.org\/wp-content\/uploads\/2021\/12\/a1240753-86de-a372-b590-ee1c5a5297ae-1536x861.jpeg 1536w, https:\/\/vccf.org\/wp-content\/uploads\/2021\/12\/a1240753-86de-a372-b590-ee1c5a5297ae-18x10.jpeg 18w, https:\/\/vccf.org\/wp-content\/uploads\/2021\/12\/a1240753-86de-a372-b590-ee1c5a5297ae.jpeg 1791w\" sizes=\"auto, (max-width: 800px) 100vw, 800px\" \/><\/a>A VCCF e o Center for Nonprofit Leadership convidam-no a tomar uma ch\u00e1vena de caf\u00e9 e a juntar-se a n\u00f3s para\u00a0<strong>Caf\u00e9 e contactos<\/strong>! Coffee &amp; Connections \u00e9 um programa piloto de networking para profissionais de organiza\u00e7\u00f5es sem fins lucrativos, concebido para\u00a0<strong>cultivar rela\u00e7\u00f5es baseadas na comunidade e mutuamente ben\u00e9ficas entre si em torno de objectivos e miss\u00f5es partilhados<\/strong>.<\/p>\n<p>Estes eventos virtuais mensais come\u00e7ar\u00e3o com breves orienta\u00e7\u00f5es sobre a Ventura County Community Foundation e o Center for Nonprofit Leadership, e passar\u00e3o a conversas facilitadas com organiza\u00e7\u00f5es sem fins lucrativos locais para partilhar miss\u00f5es, falar sobre os desafios e sucessos, e proporcionar uma compreens\u00e3o mais profunda da nossa comunidade e das suas necessidades.<\/p>\n<p>A nossa primeira sess\u00e3o realizar-se-\u00e1 em\u00a0<strong>Quinta-feira, 9 de dezembro, das 9 \u00e0s 10h30.<\/strong>\u00a0e ser\u00e1 uma sess\u00e3o informativa virtual para explicar melhor o formato e o objetivo destes eventos. Clique no bot\u00e3o abaixo para se inscrever (formul\u00e1rios dispon\u00edveis em ingl\u00eas e espanhol).Saiba mais<\/p>\n<h3 style=\"text-align: center;\">Entrevista da Dra. Cristina Miranda sobre as Bolsas de Estudo VCCF<\/h3>\n<p><\/p>\n<p style=\"text-align: center;\"><em>A Dra. Cristina Miranda fala com Sandra Siepak sobre o programa de bolsas de estudo da Ventura County Community Foundation.<\/em><\/p>\n<p><strong>A Diretora de Bolsas de Estudo da VCCF, Dra. Cristina Miranda, foi entrevistada pela Our Ventura TV sobre o programa de bolsas de estudo da VCCF<\/strong>O programa de bolsas de estudo da Funda\u00e7\u00e3o, atualmente a aceitar candidaturas de todos os estudantes do Condado de Ventura at\u00e9 21 de janeiro de 2022. Cristina falou sobre algumas das diferentes bolsas de estudo dispon\u00edveis para estudantes desde o ensino secund\u00e1rio at\u00e9 estudantes de direito e medicina de todas as idades. Se estiver interessado em candidatar-se a bolsas de estudo, participar num workshop sobre bolsas de estudo ou contribuir como doador, veja o v\u00eddeo ou clique no bot\u00e3o abaixo para visitar o nosso s\u00edtio Web.<\/p>\n<h3 style=\"text-align: center;\">Programa de assist\u00eancia aos agregados familiares de trabalhadores agr\u00edcolas<\/h3>\n<p><img loading=\"lazy\" decoding=\"async\" class=\"alignright wp-image-14308 size-medium\" src=\"https:\/\/vccf.org\/wp-content\/uploads\/2021\/12\/93e78d7f-982f-524a-71f1-8e39d670c982-300x150.jpeg\" alt=\"\" width=\"300\" height=\"150\" srcset=\"https:\/\/vccf.org\/wp-content\/uploads\/2021\/12\/93e78d7f-982f-524a-71f1-8e39d670c982-300x150.jpeg 300w, https:\/\/vccf.org\/wp-content\/uploads\/2021\/12\/93e78d7f-982f-524a-71f1-8e39d670c982-768x384.jpeg 768w, https:\/\/vccf.org\/wp-content\/uploads\/2021\/12\/93e78d7f-982f-524a-71f1-8e39d670c982-18x9.jpeg 18w, https:\/\/vccf.org\/wp-content\/uploads\/2021\/12\/93e78d7f-982f-524a-71f1-8e39d670c982.jpeg 1024w\" sizes=\"auto, (max-width: 300px) 100vw, 300px\" \/><br \/>\nEm mar\u00e7o de 2020, o\u00a0<strong>Programa de assist\u00eancia aos agregados familiares de trabalhadores agr\u00edcolas (FHAP)<\/strong>\u00a0foi criada para prestar ajuda de emerg\u00eancia aos milhares de trabalhadores agr\u00edcolas do Condado de Ventura que enfrentam dificuldades econ\u00f3micas devastadoras devido \u00e0 pandemia de COVID-19. Gra\u00e7as \u00e0 generosidade dos doadores e ao trabalho \u00e1rduo da equipa da FHAP,\u00a0<strong>3.465 fam\u00edlias de trabalhadores agr\u00edcolas em dificuldades receberam $1.000 subs\u00eddios em dinheiro em 2020.<\/strong>\u00a0Em 2021, mais de 187 fam\u00edlias de trabalhadores agr\u00edcolas receberam subs\u00eddios em dinheiro.<\/p>\n<p><strong><a href=\"https:\/\/www.dropbox.com\/s\/dm42gtqtqw7o8am\/FHAP2%20Final.mp4?dl=0\" target=\"_blank\" rel=\"noopener\">Clique aqui para ver um v\u00eddeo dos trabalhadores agr\u00edcolas cujas vidas e fam\u00edlias foram diretamente apoiadas gra\u00e7as \u00e0 sua generosidade.<\/a>\u00a0<\/strong>Os trabalhadores agr\u00edcolas que aparecem no v\u00eddeo partilham a forma como este fundo os tem apoiado em tudo, desde o pagamento de contas hospitalares relacionadas com a Covid at\u00e9 \u00e0 renda da casa e \u00e0 compra de fraldas para os seus filhos.<\/p>\n<p>\u00c0 medida que a devasta\u00e7\u00e3o da pandemia prossegue, as dificuldades dos trabalhadores agr\u00edcolas t\u00eam-se agravado e aumentado \u00e0 medida que as d\u00edvidas se acumulam e as fam\u00edlias ficam cada vez mais desesperadas. Mais\u00a0<strong>2 800 fam\u00edlias adicionais de trabalhadores agr\u00edcolas registaram-se e qualificaram-se para assist\u00eancia financeira<\/strong>. Com mais pedidos a chegar, precisamos da vossa ajuda mais do que nunca! Por favor, d\u00eaem o que puderem, assim que puderem.<strong>\u00a0Cada d\u00f3lar faz a diferen\u00e7a.<\/strong>Fazer um donativo<\/p>\n<h3 style=\"text-align: center;\">Estado da Regi\u00e3o 2021<\/h3>\n<p><img loading=\"lazy\" decoding=\"async\" class=\"aligncenter wp-image-14309\" src=\"https:\/\/vccf.org\/wp-content\/uploads\/2021\/12\/4758230e-1d1f-97f2-9f90-caea8c7b9807-1024x698.jpeg\" alt=\"\" width=\"800\" height=\"545\" srcset=\"https:\/\/vccf.org\/wp-content\/uploads\/2021\/12\/4758230e-1d1f-97f2-9f90-caea8c7b9807-1024x698.jpeg 1024w, https:\/\/vccf.org\/wp-content\/uploads\/2021\/12\/4758230e-1d1f-97f2-9f90-caea8c7b9807-300x205.jpeg 300w, https:\/\/vccf.org\/wp-content\/uploads\/2021\/12\/4758230e-1d1f-97f2-9f90-caea8c7b9807-768x524.jpeg 768w, https:\/\/vccf.org\/wp-content\/uploads\/2021\/12\/4758230e-1d1f-97f2-9f90-caea8c7b9807-18x12.jpeg 18w, https:\/\/vccf.org\/wp-content\/uploads\/2021\/12\/4758230e-1d1f-97f2-9f90-caea8c7b9807.jpeg 1200w\" sizes=\"auto, (max-width: 800px) 100vw, 800px\" \/><\/p>\n<p>O<strong>\u00a0O Estado da Regi\u00e3o 2021 foi publicado em 15 de novembro<\/strong>O relat\u00f3rio do munic\u00edpio de Ventura, que fornece actualiza\u00e7\u00f5es estat\u00edsticas sobre temas como o emprego, a educa\u00e7\u00e3o, o turismo, a agricultura, a habita\u00e7\u00e3o e muito mais. O relat\u00f3rio deste ano \u00e9 particularmente importante dado o impacto da pandemia de Covid-19 em quase todos os aspectos da vida local, bem como uma sec\u00e7\u00e3o de sa\u00fade local aprofundada que se destaca dos anos anteriores.\u00a0<strong>A VCCF foi o principal patrocinador da investiga\u00e7\u00e3o deste ano<\/strong>Vanessa Bechtel, Presidente e Diretora Executiva da VCCF, falou no evento de lan\u00e7amento sobre a necessidade dos esfor\u00e7os de recenseamento no Condado de Ventura para ajudar a realizar um estudo significativo como este.<\/p>\n<p><strong>A VCCF gostaria de felicitar todos os que contribu\u00edram para a realiza\u00e7\u00e3o do estudo deste ano!<\/strong>\u00a0Se estiver interessado em obter uma c\u00f3pia f\u00edsica, envie um e-mail para Lauren Graf em\u00a0<a href=\"mailto:\" target=\"_blank\" rel=\"noopener\">lgraf@vccf.org<\/a>, ou pode\u00a0<a href=\"https:\/\/civicalliance.org\/2021-state-of-the-region-report\/\" target=\"_blank\" rel=\"noopener\" data-t-l=\":b|e|inline click|${u}\">solicitar uma c\u00f3pia digital gratuita do relat\u00f3rio de 2021\u00a0<\/a>\u00a0da Ventura County Civic Alliance em\u00a0<a href=\"https:\/\/civicalliance.org\/\" target=\"_blank\" rel=\"noopener\" data-t-l=\":b|e|inline click|${u}\">civicalliance.org<\/a>.<\/p>\n<h3 style=\"text-align: center;\">Asm. Irwin e DA Nasarenko An\u00fancio do $1M em<br \/>\nFinanciamento do Centro de Justi\u00e7a Familiar de Oxnard<\/h3>\n<p style=\"text-align: center;\"><img loading=\"lazy\" decoding=\"async\" class=\"wp-image-14310 size-medium alignnone\" src=\"https:\/\/vccf.org\/wp-content\/uploads\/2021\/12\/b7d3ad95-1d0c-56cb-8e96-501c4c90d4f0-300x225.jpeg\" alt=\"\" width=\"300\" height=\"225\" srcset=\"https:\/\/vccf.org\/wp-content\/uploads\/2021\/12\/b7d3ad95-1d0c-56cb-8e96-501c4c90d4f0-300x225.jpeg 300w, https:\/\/vccf.org\/wp-content\/uploads\/2021\/12\/b7d3ad95-1d0c-56cb-8e96-501c4c90d4f0-1024x768.jpeg 1024w, https:\/\/vccf.org\/wp-content\/uploads\/2021\/12\/b7d3ad95-1d0c-56cb-8e96-501c4c90d4f0-768x576.jpeg 768w, https:\/\/vccf.org\/wp-content\/uploads\/2021\/12\/b7d3ad95-1d0c-56cb-8e96-501c4c90d4f0-16x12.jpeg 16w, https:\/\/vccf.org\/wp-content\/uploads\/2021\/12\/b7d3ad95-1d0c-56cb-8e96-501c4c90d4f0.jpeg 1200w\" sizes=\"auto, (max-width: 300px) 100vw, 300px\" \/> <img loading=\"lazy\" decoding=\"async\" class=\"wp-image-14311 size-medium alignnone\" src=\"https:\/\/vccf.org\/wp-content\/uploads\/2021\/12\/e6f94bf9-f795-ac97-e199-b2d124e97e9d-300x225.jpeg\" alt=\"\" width=\"300\" height=\"225\" srcset=\"https:\/\/vccf.org\/wp-content\/uploads\/2021\/12\/e6f94bf9-f795-ac97-e199-b2d124e97e9d-300x225.jpeg 300w, https:\/\/vccf.org\/wp-content\/uploads\/2021\/12\/e6f94bf9-f795-ac97-e199-b2d124e97e9d-1024x768.jpeg 1024w, https:\/\/vccf.org\/wp-content\/uploads\/2021\/12\/e6f94bf9-f795-ac97-e199-b2d124e97e9d-768x576.jpeg 768w, https:\/\/vccf.org\/wp-content\/uploads\/2021\/12\/e6f94bf9-f795-ac97-e199-b2d124e97e9d-16x12.jpeg 16w, https:\/\/vccf.org\/wp-content\/uploads\/2021\/12\/e6f94bf9-f795-ac97-e199-b2d124e97e9d.jpeg 1200w\" sizes=\"auto, (max-width: 300px) 100vw, 300px\" \/><\/p>\n<p>Quando as v\u00edtimas de viol\u00eancia dom\u00e9stica e de outras causas de trauma de Oxnard procuram ajuda, muitas delas t\u00eam de utilizar os transportes p\u00fablicos para chegar ao centro de sa\u00fade.\u00a0<strong>Centro de Justi\u00e7a Familiar do Condado de Ventura<\/strong>\u00a0em Ventura.<\/p>\n<p><strong>O financiamento estatal de $1 milh\u00f5es ajudar\u00e1 o centro de justi\u00e7a a criar um gabinete sat\u00e9lite em Oxnard<\/strong>disse a deputada Jacqui Irwin numa apresenta\u00e7\u00e3o realizada na sexta-feira, 5 de novembro, nas instala\u00e7\u00f5es do centro, na 3170 Loma Vista Road, em Ventura, perante uma multid\u00e3o de cerca de 50 pessoas.<\/p>\n<p>O Procurador Distrital do Condado de Ventura, Eric Nasarenko, disse que das 4.000 v\u00edtimas que o centro de justi\u00e7a ajudou desde a sua funda\u00e7\u00e3o em janeiro de 2020, 38% eram residentes em Oxnard. Al\u00e9m disso, cerca de um quarto dessas v\u00edtimas s\u00f3 falava espanhol ou se identificava como Mixteco, disse Irwin.<\/p>\n<p>O centro de justi\u00e7a ajuda as v\u00edtimas a navegar pelos v\u00e1rios recursos e organiza\u00e7\u00f5es dispon\u00edveis para elas. As v\u00edtimas podem procurar ajuda para obter medidas cautelares, obter respostas a perguntas sobre direito da fam\u00edlia e solicitar o reembolso de contas hospitalares, disse Nasarenko. O centro de justi\u00e7a tamb\u00e9m pode conectar as v\u00edtimas com servi\u00e7os de terapia, aconselhamento e interven\u00e7\u00e3o.Read More<\/p>\n<h3 style=\"text-align: center;\">A VCCF visita a Ojai Valley Land Conservancy<br \/>\ne Greyfoot Cat Rescue Shelter<\/h3>\n<p>A VCCF visitou recentemente duas organiza\u00e7\u00f5es sem fins lucrativos locais centradas no ambiente e no bem-estar dos animais, a\u00a0<strong>Conserva\u00e7\u00e3o de terras do vale do Ojai<\/strong>\u00a0e\u00a0<strong>Abrigo de Salvamento para Gatos Greyfoot<\/strong>.\u00a0<a href=\"https:\/\/vccf.org\/pt\/vccf-visits-ojai-valley-land-conservancy-and-greyfoot-cat-rescue-and-sanctuary\/\" target=\"_blank\" rel=\"noopener\">Alyssa Torkelson, respons\u00e1vel pelo impacto, escreveu sobre as suas experi\u00eancias<\/a>\u00a0e o que aprendeu durante as visitas aos s\u00edtios.<\/p>\n<p style=\"text-align: center;\"><img loading=\"lazy\" decoding=\"async\" class=\"alignnone wp-image-14319 size-medium\" src=\"https:\/\/vccf.org\/wp-content\/uploads\/2021\/12\/08fb4a06-d5b4-9c44-507c-7eb9ee641637-1-300x225.jpeg\" alt=\"\" width=\"300\" height=\"225\" srcset=\"https:\/\/vccf.org\/wp-content\/uploads\/2021\/12\/08fb4a06-d5b4-9c44-507c-7eb9ee641637-1-300x225.jpeg 300w, https:\/\/vccf.org\/wp-content\/uploads\/2021\/12\/08fb4a06-d5b4-9c44-507c-7eb9ee641637-1-16x12.jpeg 16w, https:\/\/vccf.org\/wp-content\/uploads\/2021\/12\/08fb4a06-d5b4-9c44-507c-7eb9ee641637-1.jpeg 730w\" sizes=\"auto, (max-width: 300px) 100vw, 300px\" \/> <img loading=\"lazy\" decoding=\"async\" class=\"wp-image-14321 size-medium alignnone\" src=\"https:\/\/vccf.org\/wp-content\/uploads\/2021\/12\/12bf4790-ab07-56e0-f307-cffeeb4c9d6c-1-300x226.jpeg\" alt=\"\" width=\"300\" height=\"226\" srcset=\"https:\/\/vccf.org\/wp-content\/uploads\/2021\/12\/12bf4790-ab07-56e0-f307-cffeeb4c9d6c-1-300x226.jpeg 300w, https:\/\/vccf.org\/wp-content\/uploads\/2021\/12\/12bf4790-ab07-56e0-f307-cffeeb4c9d6c-1-16x12.jpeg 16w, https:\/\/vccf.org\/wp-content\/uploads\/2021\/12\/12bf4790-ab07-56e0-f307-cffeeb4c9d6c-1.jpeg 730w\" sizes=\"auto, (max-width: 300px) 100vw, 300px\" \/><\/p>\n<p style=\"text-align: center;\"><img loading=\"lazy\" decoding=\"async\" class=\"alignnone wp-image-14325\" src=\"https:\/\/vccf.org\/wp-content\/uploads\/2021\/12\/38f6b20f-a497-97b1-cd75-855b698e7cd6-1-300x225.jpeg\" alt=\"\" width=\"274\" height=\"206\" srcset=\"https:\/\/vccf.org\/wp-content\/uploads\/2021\/12\/38f6b20f-a497-97b1-cd75-855b698e7cd6-1-300x225.jpeg 300w, https:\/\/vccf.org\/wp-content\/uploads\/2021\/12\/38f6b20f-a497-97b1-cd75-855b698e7cd6-1-16x12.jpeg 16w, https:\/\/vccf.org\/wp-content\/uploads\/2021\/12\/38f6b20f-a497-97b1-cd75-855b698e7cd6-1.jpeg 550w\" sizes=\"auto, (max-width: 274px) 100vw, 274px\" \/><img loading=\"lazy\" decoding=\"async\" class=\"wp-image-14326 size-medium alignnone\" src=\"https:\/\/vccf.org\/wp-content\/uploads\/2021\/12\/5fbedfc4-dc04-3661-91bf-2a0560c9d46f-1-300x206.jpeg\" alt=\"\" width=\"300\" height=\"206\" srcset=\"https:\/\/vccf.org\/wp-content\/uploads\/2021\/12\/5fbedfc4-dc04-3661-91bf-2a0560c9d46f-1-300x206.jpeg 300w, https:\/\/vccf.org\/wp-content\/uploads\/2021\/12\/5fbedfc4-dc04-3661-91bf-2a0560c9d46f-1-1024x702.jpeg 1024w, https:\/\/vccf.org\/wp-content\/uploads\/2021\/12\/5fbedfc4-dc04-3661-91bf-2a0560c9d46f-1-768x527.jpeg 768w, https:\/\/vccf.org\/wp-content\/uploads\/2021\/12\/5fbedfc4-dc04-3661-91bf-2a0560c9d46f-1-18x12.jpeg 18w, https:\/\/vccf.org\/wp-content\/uploads\/2021\/12\/5fbedfc4-dc04-3661-91bf-2a0560c9d46f-1.jpeg 1168w\" sizes=\"auto, (max-width: 300px) 100vw, 300px\" \/><\/p>\n<p>Ler mais<\/p>\n<h3 style=\"text-align: center;\">Veronica Quintana e Vanessa Bechtel distinguidas como as 50 melhores mulheres de neg\u00f3cios<\/h3>\n<p>O Pacific Coast Business Times nomeou\u00a0<strong>Veronica Quintana, tesoureira do Conselho de Administra\u00e7\u00e3o da VCCF, e Vanessa Bechtel, presidente e diretora executiva da VCCF, para a sua lista das 50 melhores mulheres nos neg\u00f3cios de 2021<\/strong>. O Business Times homenageia 50 das principais mulheres l\u00edderes da regi\u00e3o em v\u00e1rios sectores de empregadores privados, incluindo finan\u00e7as, servi\u00e7os profissionais, CRE, cuidados de sa\u00fade, tecnologia e organiza\u00e7\u00f5es sem fins lucrativos. Para ler a lista completa,\u00a0<a href=\"https:\/\/www.pacbiztimes.com\/tw-view\/\" data-uw-styling-context=\"true\" target=\"_blank\" rel=\"noopener\">clique aqui<\/a>. Parab\u00e9ns, Vanessa e Ver\u00f3nica!<\/p>\n<p><img loading=\"lazy\" decoding=\"async\" class=\"aligncenter wp-image-14327\" src=\"https:\/\/vccf.org\/wp-content\/uploads\/2021\/12\/0bc9aed8-b84e-1776-0ee5-5f9b5d9d2c34-1024x624.jpeg\" alt=\"\" width=\"600\" height=\"366\" srcset=\"https:\/\/vccf.org\/wp-content\/uploads\/2021\/12\/0bc9aed8-b84e-1776-0ee5-5f9b5d9d2c34-1024x624.jpeg 1024w, https:\/\/vccf.org\/wp-content\/uploads\/2021\/12\/0bc9aed8-b84e-1776-0ee5-5f9b5d9d2c34-300x183.jpeg 300w, https:\/\/vccf.org\/wp-content\/uploads\/2021\/12\/0bc9aed8-b84e-1776-0ee5-5f9b5d9d2c34-768x468.jpeg 768w, https:\/\/vccf.org\/wp-content\/uploads\/2021\/12\/0bc9aed8-b84e-1776-0ee5-5f9b5d9d2c34-18x12.jpeg 18w, https:\/\/vccf.org\/wp-content\/uploads\/2021\/12\/0bc9aed8-b84e-1776-0ee5-5f9b5d9d2c34.jpeg 1062w\" sizes=\"auto, (max-width: 600px) 100vw, 600px\" \/><img loading=\"lazy\" decoding=\"async\" class=\"aligncenter wp-image-14328\" src=\"https:\/\/vccf.org\/wp-content\/uploads\/2021\/12\/705368a3-e5e3-df2a-c471-88065dfb64be-1024x612.jpeg\" alt=\"\" width=\"600\" height=\"359\" srcset=\"https:\/\/vccf.org\/wp-content\/uploads\/2021\/12\/705368a3-e5e3-df2a-c471-88065dfb64be-1024x612.jpeg 1024w, https:\/\/vccf.org\/wp-content\/uploads\/2021\/12\/705368a3-e5e3-df2a-c471-88065dfb64be-300x179.jpeg 300w, https:\/\/vccf.org\/wp-content\/uploads\/2021\/12\/705368a3-e5e3-df2a-c471-88065dfb64be-768x459.jpeg 768w, https:\/\/vccf.org\/wp-content\/uploads\/2021\/12\/705368a3-e5e3-df2a-c471-88065dfb64be-18x12.jpeg 18w, https:\/\/vccf.org\/wp-content\/uploads\/2021\/12\/705368a3-e5e3-df2a-c471-88065dfb64be.jpeg 1089w\" sizes=\"auto, (max-width: 600px) 100vw, 600px\" \/><\/p>\n<h3 style=\"text-align: center;\">O poder da comunidade<\/h3>\n<h4 style=\"text-align: center;\">Boas not\u00edcias da SUA comunidade do Condado de Ventura<\/h4>\n<p><img loading=\"lazy\" decoding=\"async\" class=\"aligncenter size-full wp-image-14098\" src=\"https:\/\/vccf.org\/wp-content\/uploads\/2021\/11\/a8a7a15d-201e-3e08-418e-101ef2dbf09d.png\" alt=\"\" width=\"820\" height=\"312\" srcset=\"https:\/\/vccf.org\/wp-content\/uploads\/2021\/11\/a8a7a15d-201e-3e08-418e-101ef2dbf09d.png 820w, https:\/\/vccf.org\/wp-content\/uploads\/2021\/11\/a8a7a15d-201e-3e08-418e-101ef2dbf09d-300x114.png 300w, https:\/\/vccf.org\/wp-content\/uploads\/2021\/11\/a8a7a15d-201e-3e08-418e-101ef2dbf09d-768x292.png 768w, https:\/\/vccf.org\/wp-content\/uploads\/2021\/11\/a8a7a15d-201e-3e08-418e-101ef2dbf09d-18x7.png 18w\" sizes=\"auto, (max-width: 820px) 100vw, 820px\" \/><\/p>\n<h3><\/h3>\n<h3 style=\"text-align: center;\">Recordando os inc\u00eandios de Thomas, Woolsey e Hill<\/h3>\n<p style=\"text-align: center;\"><strong><br \/>\nUm caminho para a recupera\u00e7\u00e3o<\/strong><\/p>\n<p>Quando o inc\u00eandio Woolsey atingiu o leste do condado de Ventura em novembro de 2018, queimou pouco menos de 100 000 acres de terra, destruiu 1643 estruturas e danificou centenas de outras. Deixou Lina, uma vi\u00fava e residente h\u00e1 27 anos no condado de Ventura, sem casa aos 81 anos de idade. Apesar de n\u00e3o ter sofrido ferimentos, Lina teve uma longa recupera\u00e7\u00e3o pela frente, vivendo num hotel durante algum tempo e depois alugando um quarto a um amigo enquanto tentava reconstruir a sua vida.<\/p>\n<p>Com a ajuda do seu gestor de caso, Lina recorreu \u00e0 FEMA nove vezes e acabou por conseguir receber alguma compensa\u00e7\u00e3o, um processo stressante que, segundo ela, nunca teria conseguido fazer sem toda a ajuda. Com os fundos combinados que recebeu, Lina conseguiu comprar uma casa pr\u00e9-fabricada e, com\u00a0<strong>Assist\u00eancia direta da VCCF<\/strong>\u00a0conseguiu resolver v\u00e1rias necessidades importantes que ainda lhe restavam. O apoio financeiro permitiu-lhe construir uma rampa para a ajudar a entrar e a sair da sua nova casa. Lina tamb\u00e9m conseguiu comprar uma cama ajust\u00e1vel, que ajuda as suas costas, que ficaram tensas durante os anos em que cuidou do seu filho com necessidades especiais.<\/p>\n<p>Embora Lina tenha passado por muitos desgostos ao longo da sua vida, continua otimista e feliz. Adora fazer jardinagem em casa e encontra paz ao certificar-se de que todas as suas plantas est\u00e3o a prosperar. Lina espera um dia poder agradecer-lhe pessoalmente, se a oportunidade surgir.<\/p>\n<p style=\"text-align: center;\"><img loading=\"lazy\" decoding=\"async\" class=\"alignnone wp-image-14330\" src=\"https:\/\/vccf.org\/wp-content\/uploads\/2021\/12\/dc7319cb-516e-cd55-129f-34c730d794b8-237x300.jpeg\" alt=\"\" width=\"300\" height=\"380\" srcset=\"https:\/\/vccf.org\/wp-content\/uploads\/2021\/12\/dc7319cb-516e-cd55-129f-34c730d794b8-237x300.jpeg 237w, https:\/\/vccf.org\/wp-content\/uploads\/2021\/12\/dc7319cb-516e-cd55-129f-34c730d794b8-9x12.jpeg 9w, https:\/\/vccf.org\/wp-content\/uploads\/2021\/12\/dc7319cb-516e-cd55-129f-34c730d794b8.jpeg 546w\" sizes=\"auto, (max-width: 300px) 100vw, 300px\" \/><img loading=\"lazy\" decoding=\"async\" class=\"alignnone wp-image-14331\" src=\"https:\/\/vccf.org\/wp-content\/uploads\/2021\/12\/e043658c-c6ff-695d-af57-145a5c1dd451-238x300.jpeg\" alt=\"\" width=\"300\" height=\"378\" srcset=\"https:\/\/vccf.org\/wp-content\/uploads\/2021\/12\/e043658c-c6ff-695d-af57-145a5c1dd451-238x300.jpeg 238w, https:\/\/vccf.org\/wp-content\/uploads\/2021\/12\/e043658c-c6ff-695d-af57-145a5c1dd451-10x12.jpeg 10w, https:\/\/vccf.org\/wp-content\/uploads\/2021\/12\/e043658c-c6ff-695d-af57-145a5c1dd451.jpeg 623w\" sizes=\"auto, (max-width: 300px) 100vw, 300px\" \/><\/p>\n<p><\/p>","protected":false},"excerpt":{"rendered":"<p>Dear Ventura County Community Foundation Family, I\u2019ve been dreaming about this moment for the past twelve\u00a0months, and couldn\u2019t be more excited to share the news of our rebranding with each&hellip;<\/p>","protected":false},"author":3,"featured_media":14304,"comment_status":"closed","ping_status":"closed","sticky":false,"template":"","format":"standard","meta":{"_acf_changed":false,"give_campaign_id":0,"footnotes":""},"categories":[24],"tags":[],"class_list":["post-14301","post","type-post","status-publish","format-standard","has-post-thumbnail","hentry","category-newsletters"],"acf":[],"_links":{"self":[{"href":"https:\/\/vccf.org\/pt\/wp-json\/wp\/v2\/posts\/14301","targetHints":{"allow":["GET"]}}],"collection":[{"href":"https:\/\/vccf.org\/pt\/wp-json\/wp\/v2\/posts"}],"about":[{"href":"https:\/\/vccf.org\/pt\/wp-json\/wp\/v2\/types\/post"}],"author":[{"embeddable":true,"href":"https:\/\/vccf.org\/pt\/wp-json\/wp\/v2\/users\/3"}],"replies":[{"embeddable":true,"href":"https:\/\/vccf.org\/pt\/wp-json\/wp\/v2\/comments?post=14301"}],"version-history":[{"count":0,"href":"https:\/\/vccf.org\/pt\/wp-json\/wp\/v2\/posts\/14301\/revisions"}],"wp:featuredmedia":[{"embeddable":true,"href":"https:\/\/vccf.org\/pt\/wp-json\/wp\/v2\/media\/14304"}],"wp:attachment":[{"href":"https:\/\/vccf.org\/pt\/wp-json\/wp\/v2\/media?parent=14301"}],"wp:term":[{"taxonomy":"category","embeddable":true,"href":"https:\/\/vccf.org\/pt\/wp-json\/wp\/v2\/categories?post=14301"},{"taxonomy":"post_tag","embeddable":true,"href":"https:\/\/vccf.org\/pt\/wp-json\/wp\/v2\/tags?post=14301"}],"curies":[{"name":"wp","href":"https:\/\/api.w.org\/{rel}","templated":true}]}}