{"id":14823,"date":"2022-02-25T12:04:44","date_gmt":"2022-02-25T20:04:44","guid":{"rendered":"https:\/\/vccf.org\/?p=14823"},"modified":"2025-01-29T07:47:15","modified_gmt":"2025-01-29T07:47:15","slug":"press-release-jeffrey-lambert-faicp-named-to-prestigious-planning-college-of-fellows","status":"publish","type":"post","link":"https:\/\/vccf.org\/pt\/press-release-jeffrey-lambert-faicp-named-to-prestigious-planning-college-of-fellows\/","title":{"rendered":"Comunicado de imprensa - Jeffrey Lambert, FAICP - Nomeado para o prestigiado Col\u00e9gio de Companheiros de Planeamento"},"content":{"rendered":"<p><strong>Ventura, CA <\/strong>- Jeffrey Lambert, de Ventura, alcan\u00e7ou a mais alta honra da profiss\u00e3o de planeamento ao ser nomeado para o prestigiado American Institute of Certified Planners (AICP) College of Fellows pelos seus feitos not\u00e1veis no planeamento urbano.<\/p>\n<p>A bolsa \u00e9 concedida a planeadores que tenham obtido certifica\u00e7\u00e3o atrav\u00e9s do instituto profissional da Associa\u00e7\u00e3o Americana de Planeamento, o <a href=\"https:\/\/planning.org\/faicp\/\" target=\"_blank\" rel=\"noopener\">Instituto Americano de Planeadores Certificados<\/a>e que tenham alcan\u00e7ado a excel\u00eancia na pr\u00e1tica profissional, no ensino e orienta\u00e7\u00e3o, na investiga\u00e7\u00e3o, no servi\u00e7o p\u00fablico e comunit\u00e1rio e na lideran\u00e7a. Os convites para integrar o College of Fellows s\u00e3o feitos ap\u00f3s um processo minucioso de nomea\u00e7\u00e3o e an\u00e1lise, que garante que o candidato teve um impacto positivo e duradouro na profiss\u00e3o de planeamento.<\/p>\n<p>\"Os indiv\u00edduos que comp\u00f5em o College of Fellows s\u00e3o os verdadeiros l\u00edderes da profiss\u00e3o de planeamento\", afirmou a anterior Presidente do AICP, Valerie Hubbard, FAICP. \"Estes indiv\u00edduos fizeram contribui\u00e7\u00f5es duradouras para a profiss\u00e3o e inspiraram gera\u00e7\u00f5es de novos planeadores. S\u00e3o verdadeiramente inspiradores.\"<\/p>\n<p>Lambert \u00e9 Diretor de Opera\u00e7\u00f5es da Ventura County Community Foundation. Como Diretor de Opera\u00e7\u00f5es, Jeffrey lidera a divis\u00e3o de desenvolvimento e administra\u00e7\u00e3o, o departamento de programas e subs\u00eddios, marketing e comunica\u00e7\u00f5es, e iniciativas estrat\u00e9gicas. Antes de assumir este cargo, foi Diretor de Desenvolvimento Comunit\u00e1rio nas cidades de Oxnard, Ventura e Santa Clarita, na Calif\u00f3rnia, e trabalhou como consultor independente e na Kaiser Permanente.<\/p>\n<p>Jeffrey \u00e9 um dos 53 membros do College of Fellows deste ano. As indu\u00e7\u00f5es s\u00e3o efectuadas de dois em dois anos. A indu\u00e7\u00e3o formal deste ano ter\u00e1 lugar durante a Confer\u00eancia Nacional de Planeamento da APA em San Diego, no domingo, 1 de maio de 2022.<\/p>\n<p><em>A APA e o seu instituto profissional, o American Institute of Certified Planners, dedicam-se a promover a arte, a ci\u00eancia e a profiss\u00e3o de um bom planeamento - f\u00edsico, econ\u00f3mico e social - de modo a criar comunidades que ofere\u00e7am melhores op\u00e7\u00f5es para onde e como as pessoas trabalham e vivem. O American Institute of Certified Planners oferece lideran\u00e7a reconhecida a n\u00edvel nacional na certifica\u00e7\u00e3o de planeadores profissionais, \u00e9tica, desenvolvimento profissional, educa\u00e7\u00e3o em planeamento e normas de pr\u00e1tica de planeamento. Para mais informa\u00e7\u00f5es, visite <a href=\"http:\/\/www.planning.org\" target=\"_blank\" rel=\"noopener\">www.planning.org<\/a>.\u00a0<\/em><\/p>\n<p><strong>SOBRE A VENTURA COUNTY COMMUNITY FOUNDATION\u00a0<\/strong><br \/>\nFundada em 1987, a Ventura County Community Foundation tem-se concentrado na constru\u00e7\u00e3o da filantropia na nossa regi\u00e3o, administrando legados atrav\u00e9s de uma gest\u00e3o cuidadosa do capital de caridade que nos foi confiado. Estamos empenhados numa perspetiva a longo prazo para o Condado de Ventura. Honramos a inten\u00e7\u00e3o dos doadores protegendo as dota\u00e7\u00f5es para sempre e especializamo-nos em ligar os recursos filantr\u00f3picos \u00e0s necessidades da comunidade para benef\u00edcio de todos. Investimos no futuro atrav\u00e9s de bolsas de estudo, concess\u00e3o de subs\u00eddios e parcerias de colabora\u00e7\u00e3o. Saiba mais em: <a href=\"https:\/\/vccf.org\/pt\/\">www.vccf.org<\/a>.<\/p>","protected":false},"excerpt":{"rendered":"<p>Ventura, CA - Jeffrey Lambert, de Ventura, alcan\u00e7ou a mais alta honra da profiss\u00e3o de planeamento ao ser nomeado para o prestigiado American Institute of Certified Planners (AICP) College of Fellows pelo seu...<\/p>","protected":false},"author":3,"featured_media":14824,"comment_status":"closed","ping_status":"closed","sticky":false,"template":"","format":"standard","meta":{"_acf_changed":false,"give_campaign_id":0,"footnotes":""},"categories":[27],"tags":[],"class_list":["post-14823","post","type-post","status-publish","format-standard","has-post-thumbnail","hentry","category-blog-posts"],"acf":[],"_links":{"self":[{"href":"https:\/\/vccf.org\/pt\/wp-json\/wp\/v2\/posts\/14823","targetHints":{"allow":["GET"]}}],"collection":[{"href":"https:\/\/vccf.org\/pt\/wp-json\/wp\/v2\/posts"}],"about":[{"href":"https:\/\/vccf.org\/pt\/wp-json\/wp\/v2\/types\/post"}],"author":[{"embeddable":true,"href":"https:\/\/vccf.org\/pt\/wp-json\/wp\/v2\/users\/3"}],"replies":[{"embeddable":true,"href":"https:\/\/vccf.org\/pt\/wp-json\/wp\/v2\/comments?post=14823"}],"version-history":[{"count":0,"href":"https:\/\/vccf.org\/pt\/wp-json\/wp\/v2\/posts\/14823\/revisions"}],"wp:featuredmedia":[{"embeddable":true,"href":"https:\/\/vccf.org\/pt\/wp-json\/wp\/v2\/media\/14824"}],"wp:attachment":[{"href":"https:\/\/vccf.org\/pt\/wp-json\/wp\/v2\/media?parent=14823"}],"wp:term":[{"taxonomy":"category","embeddable":true,"href":"https:\/\/vccf.org\/pt\/wp-json\/wp\/v2\/categories?post=14823"},{"taxonomy":"post_tag","embeddable":true,"href":"https:\/\/vccf.org\/pt\/wp-json\/wp\/v2\/tags?post=14823"}],"curies":[{"name":"wp","href":"https:\/\/api.w.org\/{rel}","templated":true}]}}