{"id":15819,"date":"2022-06-23T09:53:05","date_gmt":"2022-06-23T16:53:05","guid":{"rendered":"https:\/\/vccf.org\/?p=15819"},"modified":"2025-03-03T05:48:54","modified_gmt":"2025-03-03T13:48:54","slug":"vccf-donor-spotlight-interview-with-kim-engberg","status":"publish","type":"post","link":"https:\/\/vccf.org\/pt\/vccf-donor-spotlight-interview-with-kim-engberg\/","title":{"rendered":"Destaque para o doador da VCCF: Entrevista com Kim Engberg"},"content":{"rendered":"<p><img loading=\"lazy\" decoding=\"async\" class=\"alignleft wp-image-22642 size-medium\" src=\"https:\/\/vccf.org\/wp-content\/uploads\/2022\/06\/kim-engberg-scaled-2-300x169.jpg\" alt=\"\" width=\"300\" height=\"169\" srcset=\"https:\/\/vccf.org\/wp-content\/uploads\/2022\/06\/kim-engberg-scaled-2-300x169.jpg 300w, https:\/\/vccf.org\/wp-content\/uploads\/2022\/06\/kim-engberg-scaled-2-1024x576.jpg 1024w, https:\/\/vccf.org\/wp-content\/uploads\/2022\/06\/kim-engberg-scaled-2-768x432.jpg 768w, https:\/\/vccf.org\/wp-content\/uploads\/2022\/06\/kim-engberg-scaled-2-1536x864.jpg 1536w, https:\/\/vccf.org\/wp-content\/uploads\/2022\/06\/kim-engberg-scaled-2-18x10.jpg 18w, https:\/\/vccf.org\/wp-content\/uploads\/2022\/06\/kim-engberg-scaled-2.jpg 1920w\" sizes=\"auto, (max-width: 300px) 100vw, 300px\" \/><\/p>\n<p><em>Por Lauren Graf<\/em><\/p>\n<p>Para celebrar o M\u00eas do Orgulho, a VCCF entrevistou Kim Engberg, fundadora do Fundo Kimberly J. Engberg para a Igualdade LGBTQ+ e uma apoiante dedicada da comunidade queer local.<\/p>\n<p>O fundo de Kim completou seu primeiro ciclo de doa\u00e7\u00f5es em 2021 e ela espera seu crescimento tanto no n\u00famero de organiza\u00e7\u00f5es sem fins lucrativos quanto nas comunidades atendidas. Um grupo que ela se orgulha de apoiar por meio de seu fundo foi <a href=\"https:\/\/www.getloudmovement.org\/org\" target=\"_blank\" rel=\"noopener\">Falar alto<\/a>organizada por Mo Gonzalez. Get Loud \u00e9 \"um movimento de artistas queer que celebra a criatividade para capacitar a comunidade LGBTQIA+ a resistir \u00e0 conformidade atrav\u00e9s da express\u00e3o\", de acordo com a sua p\u00e1gina no Facebook. O grupo organiza eventos locais com artistas visuais e performativos queer locais, com organiza\u00e7\u00f5es comunit\u00e1rias, vendedores e muitos participantes alegres. \"Senti-me muito orgulhosa por ter apoiado uma pequena parte disso\", disse Kim, a prop\u00f3sito da sua presen\u00e7a num dos seus eventos no Oxnard Performing Arts Center.<\/p>\n<p>Kim nasceu e cresceu no Midwest, mas mudou-se para o Condado de Ventura depois de se apaixonar pela Costa Oeste durante as f\u00e9rias. Depois de trabalhar para a Marinha dos EUA em Port Hueneme desde 1983, reformou-se h\u00e1 cerca de seis anos e procurou preencher o seu tempo com voluntariado.<\/p>\n<p>Assumiu-se como transg\u00e9nero pouco depois de se reformar, o que influenciou a sua orienta\u00e7\u00e3o para o voluntariado. Envolveu-se em v\u00e1rios grupos de autoajuda e de apoio na zona, o que a introduziu na comunidade filantr\u00f3pica e sem fins lucrativos local. Apoiou a organiza\u00e7\u00e3o sem fins lucrativos LGBTQ+ <a href=\"https:\/\/www.diversitycollectivevc.org\/\" target=\"_blank\" rel=\"noopener\">Coletivo da Diversidade<\/a>especialmente na eleva\u00e7\u00e3o do seu grupo de jovens, <a href=\"https:\/\/www.diversitycollectivevc.org\/services\/#youth-services\" target=\"_blank\" rel=\"noopener\">Guarda-chuva arco-\u00edris<\/a>.<\/p>\n<p>Um projeto local com o qual Kim se envolveu apaixonadamente \u00e9 <a href=\"https:\/\/www.conejovalleypride.com\/\" target=\"_blank\" rel=\"noopener\">Orgulho de Conejo Valley<\/a>. Depois de participar num dos seus eventos de angaria\u00e7\u00e3o de fundos, inscreveu-se como ajudante e o grupo acolheu-a de bom grado, atribuindo-lhe diferentes tarefas. Sem dar por isso, deu por si a fazer parte do Conselho de Administra\u00e7\u00e3o. Dedicando grande parte do seu tempo e energia a trabalhar nas celebra\u00e7\u00f5es de 2018 e 2019, conheceu pessoas incr\u00edveis e adorou a experi\u00eancia.<\/p>\n<p>Como o Conejo Valley Pride, tal como muitos projectos comunit\u00e1rios, foi colocado em pausa devido \u00e0 pandemia da COVID-19, Kim espera poder voltar a ser volunt\u00e1ria em breve. Para al\u00e9m das quest\u00f5es LGBTQ+, tamb\u00e9m \u00e9 apaixonada pelo apoio ao ambiente, ao bem-estar dos animais e a grupos marginalizados, como a comunidade afro-americana.<\/p>\n<p><strong>Quando \u00e9 que decidiu criar o Fundo Kimberly J. Engberg para a Igualdade LGBTQ+ e como foi o processo de cria\u00e7\u00e3o do fundo?<\/strong><\/p>\n<p>Estava sempre a pensar qual seria o meu legado, o que deixaria depois de ter morrido, e queria ter a certeza de que o mundo estaria um pouco melhor por eu ter estado aqui. E como provavelmente n\u00e3o vou ter filhos, decidi deixar o meu dinheiro num fundo que ajudasse as pessoas perpetuamente. Por isso, andei \u00e0 pesca, perguntando \u00e0s pessoas como poderia criar uma organiza\u00e7\u00e3o sem fins lucrativos, e falei com a minha amiga Narissa Jimenez-Petchumrus, com quem trabalhei no Conejo Valley Pride, e ela indicou-me que a VCCF estava nessa \u00e1rea e que me ajudaria a organizar as coisas.<\/p>\n<p>Ent\u00e3o, deram-me o endere\u00e7o de correio eletr\u00f3nico do Jim Rivera e escrevi-lhe, e o Jim e a Vanessa s\u00e3o simplesmente fant\u00e1sticos. Fizeram com que fosse t\u00e3o f\u00e1cil como um vidro tentar organizar isto. Foi muito f\u00e1cil trabalhar com eles. Tive algumas conversas com eles, discutimos o que eu queria e analis\u00e1mos um acordo de financiamento. Voltei com algumas sugest\u00f5es e perguntas, e marc\u00e1mos o acordo, eles reviram-no e voltaram a enviar-mo. Por fim, cheg\u00e1mos a um acordo e eles tornaram o processo muito f\u00e1cil. Tiraram todo o trabalho e todo o stress do processo. Tiraram muitas das minhas d\u00favidas e preocupa\u00e7\u00f5es, e n\u00e3o posso dizer o suficiente sobre isso!<\/p>\n<p><strong>Como \u00e9 que tem visto a filantropia a ajudar a comunidade LGBTQ+?<\/strong><\/p>\n<p>As pessoas queer podem sentir-se muito sozinhas. Podem n\u00e3o ser aceites na fam\u00edlia, no emprego ou pelos amigos, pelo que s\u00e3o necess\u00e1rios muitos sistemas de apoio. \u00c9 realmente \u00fatil encontrar pessoas como tu com quem se possa falar e que nos ajudem e encorajem. Eu sei que me ajudou muito conhecer outras pessoas transg\u00e9nero, principalmente online. E n\u00f3s precisamos deste tipo de apoio e precisamos de visibilidade para que as pessoas possam ver que n\u00e3o est\u00e3o sozinhas. Podem ver outras pessoas a expressarem-se; os artistas, por exemplo, expressam coisas para as quais podem n\u00e3o ter palavras. S\u00f3 precisam de pessoas que os ajudem a compreenderem-se a si pr\u00f3prios, a compreenderem aquilo por que est\u00e3o a passar, grupos de apoio, grupos de terapia, coisas desse g\u00e9nero. E s\u00f3 precisamos de nos juntar e aumentar a visibilidade, porque penso que com a visibilidade vem a aceita\u00e7\u00e3o, e precisamos tanto de apoio p\u00fablico sob a forma de artes e defesa, como tamb\u00e9m de apoio privado e pessoal em coisas como terapia de grupo e aconselhamento. H\u00e1 muitos grupos que apoiam e fornecem estas coisas, mas n\u00e3o s\u00e3o suficientes para satisfazer a necessidade atual.<\/p>\n<p><strong>Tem alguma hist\u00f3ria favorita relacionada com a sua experi\u00eancia em filantropia? <\/strong><\/p>\n<p>Quando estava a trabalhar no Conejo Valley Pride, estava a representar o festival para v\u00e1rias organiza\u00e7\u00f5es e a ajudar a divulg\u00e1-lo, e lembro-me de um grupo a que me dirigi foi o Clube Democr\u00e1tico de Conejo Valley e fiz l\u00e1 um discurso. Est\u00e1vamos em 2018; era um ano de elei\u00e7\u00f5es. Estavam l\u00e1 alguns candidatos muito importantes que tamb\u00e9m estavam em campanha na altura, alguns deles sentados \u00e0 mesa com Kevin de Le\u00f3n, que estava a concorrer ao Senado dos EUA, e Henry Stern, que era o representante do Senado Estadual para a \u00e1rea. Achei espantoso estar sentada, eu, uma velhinha, mesmo ao lado destas pessoas t\u00e3o importantes, tendo acesso a elas para discutir estes assuntos. E o facto de ser um representante da minha comunidade em frente a pessoas t\u00e3o importantes fez-me sentir: \"Uau, sou eu, cheguei mesmo!\"<\/p>\n<p><strong>H\u00e1 algu\u00e9m em quem se inspire na forma como apoia a sua comunidade?<\/strong><\/p>\n<p>Na verdade, h\u00e1 bastantes pessoas e, ao trabalhar com grupos e fazer voluntariado, tive a sorte de conhecer uma s\u00e9rie de pessoas fant\u00e1sticas. Sinto que o que estou a fazer n\u00e3o \u00e9 nada comparado com estas pessoas, que est\u00e3o a fazer o trabalho \u00e1rduo de organizar os grupos, de juntar tudo, e \u00e9 realmente muito mais trabalho do que eu gostaria de fazer. H\u00e1 pessoas como Narissa Jimenez-Petchumrus, que organizou o Conejo Valley Pride, que estavam a lamentar a situa\u00e7\u00e3o um dia depois das elei\u00e7\u00f5es de 2016, a pensar como as coisas estavam a ficar m\u00e1s, e diziam: \"Porque n\u00e3o temos um festival do orgulho aqui?\" Em vez de dizerem \"Porque \u00e9 que ningu\u00e9m faz isso?\", diziam \"Porque \u00e9 que n\u00e3o <em>I<\/em> fazer alguma coisa em rela\u00e7\u00e3o a isso?\" Eles foram l\u00e1 e fizeram alguma coisa! E juntaram tudo e organizaram o grupo, e estou realmente espantado com o facto de terem sido capazes de o fazer.<\/p>\n<p>Mo Gonzalez, que tamb\u00e9m mencionei, que criou o movimento Get Loud, \u00e9 outro grande espa\u00e7o de express\u00e3o queer na comunidade. H\u00e1 pessoas como Joseph Summers, antigo presidente do Diversity Collective, que fez um trabalho fant\u00e1stico na gest\u00e3o de todos os programas que l\u00e1 existem. Anne Blakeley, que dirigiu um dos primeiros grupos de apoio a transg\u00e9neros em que participei, foi uma das primeiras pessoas que conheci na comunidade e fez tanto por toda a gente. N\u00e3o havia limites para o que ela podia fazer por n\u00f3s se precis\u00e1ssemos de ajuda. Infelizmente, ela deixou a comunidade, por isso j\u00e1 n\u00e3o est\u00e1 na zona, mas continuo a admir\u00e1-la muito. Algu\u00e9m como a Audrey Ford, que conheci num grupo de apoio, e que trabalha com a Rainbow Umbrella no \u00e2mbito do Diversity Collective. S\u00e3o muito activas nessa \u00e1rea. H\u00e1 tantas pessoas por a\u00ed e estou sempre a encontr\u00e1-las por todo o lado, que fico espantada, onde \u00e9 que se vai buscar a energia para fazer isto? Porque n\u00e3o \u00e9 algo que eu tenha paci\u00eancia para fazer sozinho, por isso fico contente por poder apoiar estas pessoas e ser o vento nas suas costas, se n\u00e3o puder fazer mais nada.<\/p>\n<p><strong>Tem alguma mensagem para os nossos leitores quando estamos a chegar ao fim do M\u00eas do Orgulho? <\/strong><\/p>\n<p>Gostaria de chamar a aten\u00e7\u00e3o para o facto de <a href=\"https:\/\/www.facebook.com\/OxnardLGBTQ\/posts\/pfbid02RDdNeV3RFr2sQTKRTFKmRyqYwKQT6ypePiXDdozFfqe74oNqscn9ztmQB53GSoqfl\" target=\"_blank\" rel=\"noopener\">O Orgulho de Oxnard est\u00e1 a chegar (no s\u00e1bado, 25 de junho)<\/a>e estou a planear ir a isso.<\/p>\n<p>E h\u00e1 muito trabalho que precisa de ser feito. Se puderem contribuir com o vosso tempo ou dinheiro, sugiro que contactem estas organiza\u00e7\u00f5es e vejam de que ajuda precisam. Tudo o que puderem fazer, h\u00e1 muitas organiza\u00e7\u00f5es na comunidade que precisam da vossa ajuda. Precisamos de todos os aliados que conseguirmos arranjar. Se tamb\u00e9m fores LGBTQ, estas organiza\u00e7\u00f5es podem ajudar-te. N\u00e3o est\u00e1s sozinho.<\/p>\n<p><strong>H\u00e1 mais alguma coisa que gostaria de dizer?<\/strong><\/p>\n<p>Parece que percorremos um longo caminho, e percorremos. Tenho 60 anos, por isso j\u00e1 vi tempos em que as pessoas queer n\u00e3o eram aceites de todo. Podemos facilmente ser despedidos do nosso emprego por sermos queer. E agora, parece que temos muita aceita\u00e7\u00e3o, temos igualdade no casamento, temos leis anti-discrimina\u00e7\u00e3o. Mas estamos a ser t\u00e3o atacados de tantos cantos diferentes, tanto neste pa\u00eds como no mundo. E ainda h\u00e1 muito trabalho que precisa de ser feito. A luta ainda n\u00e3o terminou. Ainda precisamos de obter direitos plenos; ainda precisamos de obter aceita\u00e7\u00e3o plena. Ouvimos falar de actos de viol\u00eancia que s\u00e3o cometidos a toda a hora, por isso nem a nossa seguran\u00e7a pode ser garantida. Ainda temos muito trabalho pela frente, apesar de parecer que j\u00e1 conseguimos muito.<\/p>\n<p><em>Se quiser saber mais sobre como abrir um fundo na VCCF, envie um e-mail para Calleen Pardinas em <a href=\"mailto:cpardinas@vccf.org\">cpardinas@vccf.org<\/a>.<\/em><\/p>","protected":false},"excerpt":{"rendered":"<p>Por Lauren Graf Para comemorar o M\u00eas do Orgulho, a VCCF entrevistou Kim Engberg, fundadora do Fundo Kimberly J. Engberg para a Igualdade LGBTQ+ e uma apoiante dedicada da comunidade queer local...<\/p>","protected":false},"author":3,"featured_media":15820,"comment_status":"closed","ping_status":"closed","sticky":false,"template":"","format":"standard","meta":{"_acf_changed":false,"give_campaign_id":0,"footnotes":""},"categories":[27],"tags":[],"class_list":["post-15819","post","type-post","status-publish","format-standard","has-post-thumbnail","hentry","category-blog-posts"],"acf":[],"_links":{"self":[{"href":"https:\/\/vccf.org\/pt\/wp-json\/wp\/v2\/posts\/15819","targetHints":{"allow":["GET"]}}],"collection":[{"href":"https:\/\/vccf.org\/pt\/wp-json\/wp\/v2\/posts"}],"about":[{"href":"https:\/\/vccf.org\/pt\/wp-json\/wp\/v2\/types\/post"}],"author":[{"embeddable":true,"href":"https:\/\/vccf.org\/pt\/wp-json\/wp\/v2\/users\/3"}],"replies":[{"embeddable":true,"href":"https:\/\/vccf.org\/pt\/wp-json\/wp\/v2\/comments?post=15819"}],"version-history":[{"count":0,"href":"https:\/\/vccf.org\/pt\/wp-json\/wp\/v2\/posts\/15819\/revisions"}],"wp:featuredmedia":[{"embeddable":true,"href":"https:\/\/vccf.org\/pt\/wp-json\/wp\/v2\/media\/15820"}],"wp:attachment":[{"href":"https:\/\/vccf.org\/pt\/wp-json\/wp\/v2\/media?parent=15819"}],"wp:term":[{"taxonomy":"category","embeddable":true,"href":"https:\/\/vccf.org\/pt\/wp-json\/wp\/v2\/categories?post=15819"},{"taxonomy":"post_tag","embeddable":true,"href":"https:\/\/vccf.org\/pt\/wp-json\/wp\/v2\/tags?post=15819"}],"curies":[{"name":"wp","href":"https:\/\/api.w.org\/{rel}","templated":true}]}}