{"id":15862,"date":"2022-06-30T15:33:34","date_gmt":"2022-06-30T22:33:34","guid":{"rendered":"https:\/\/vccf.org\/?p=15862"},"modified":"2025-03-03T03:49:36","modified_gmt":"2025-03-03T11:49:36","slug":"power-of-purpose-june-30-2022","status":"publish","type":"post","link":"https:\/\/vccf.org\/pt\/power-of-purpose-june-30-2022\/","title":{"rendered":"Power of Purpose - 30 de junho de 2022"},"content":{"rendered":"<p><\/p>\n<p style=\"text-align: center;\"><img loading=\"lazy\" decoding=\"async\" class=\"aligncenter wp-image-14303 size-full\" src=\"https:\/\/vccf.org\/wp-content\/uploads\/2021\/12\/0ea2f070-926c-4b9e-fc28-bf93f02f9fe2.png\" alt=\"\" width=\"600\" height=\"301\" srcset=\"https:\/\/vccf.org\/wp-content\/uploads\/2021\/12\/0ea2f070-926c-4b9e-fc28-bf93f02f9fe2.png 600w, https:\/\/vccf.org\/wp-content\/uploads\/2021\/12\/0ea2f070-926c-4b9e-fc28-bf93f02f9fe2-300x151.png 300w, https:\/\/vccf.org\/wp-content\/uploads\/2021\/12\/0ea2f070-926c-4b9e-fc28-bf93f02f9fe2-18x9.png 18w\" sizes=\"auto, (max-width: 600px) 100vw, 600px\" \/><\/p>\n<p>Cara fam\u00edlia da Funda\u00e7\u00e3o Comunit\u00e1ria do Condado de Ventura,<\/p>\n<p>Na passada segunda-feira, celebr\u00e1mos o trabalho \u00e1rduo e os esfor\u00e7os consistentes de\u00a0<strong>mais de uma centena de volunt\u00e1rios activos<\/strong>\u00a0e\u00a0<strong>dezenas de organiza\u00e7\u00f5es sem fins lucrativos<\/strong>\u00a0trabalhar em parceria com o Condado de Ventura em\u00a0<strong>divulga\u00e7\u00e3o e educa\u00e7\u00e3o sobre vacinas na nossa comunidade<\/strong>.<\/p>\n<p>Gostar\u00edamos de agradecer especificamente aos\u00a0<strong>Boys &amp; Girls Club of Santa Clara Valley, Buen Vecino, Child Development Resources, Conejo Free Clinic, Council on American-Islamic Relations, Faith Mission Christian Fellowship, Food Share, LUCHA, Inlakech, Nyeland Promise, Oxnard Alano Club, Oxnard Performing Arts Center Corporation, Poder Popular, Proyecto Esperanza e Our Lady Guadalupe Church, Revive Community Church, Santa Paula Chamber of Commerce, Ventura County Taxpayers Association, Vista Real Charter High School e Westminster Free Clinic pela sua a\u00e7\u00e3o inovadora.\u00a0<\/strong>e<strong>\u00a0servi\u00e7o que salva vidas<\/strong>.<\/p>\n<p>Ao analisar o relat\u00f3rio final do Dr. Gabino Aguirre, consultor estrat\u00e9gico da VCCF para esta iniciativa, fiquei profundamente comovido com os resultados do nosso trabalho coletivo. Ao analisar os dados, com base no c\u00e1lculo do Washington Post, aproximadamente\u00a0<strong>300 vidas foram salvas<\/strong>ou seja, um pouco menos de\u00a0<strong>3.000 familiares n\u00e3o est\u00e3o a sofrer a perda de um ente querido devido \u00e0 Covid-19 neste momento.<\/strong><\/p>\n<div id=\"attachment_15863\" style=\"width: 310px\" class=\"wp-caption alignleft\"><img loading=\"lazy\" decoding=\"async\" aria-describedby=\"caption-attachment-15863\" class=\"wp-image-15863 size-medium\" src=\"https:\/\/vccf.org\/wp-content\/uploads\/2022\/06\/vcoe-photo-e1656531707714-300x238.jpg\" alt=\"\" width=\"300\" height=\"238\" srcset=\"https:\/\/vccf.org\/wp-content\/uploads\/2022\/06\/vcoe-photo-e1656531707714-300x238.jpg 300w, https:\/\/vccf.org\/wp-content\/uploads\/2022\/06\/vcoe-photo-e1656531707714-15x12.jpg 15w, https:\/\/vccf.org\/wp-content\/uploads\/2022\/06\/vcoe-photo-e1656531707714.jpg 424w\" sizes=\"auto, (max-width: 300px) 100vw, 300px\" \/><p id=\"caption-attachment-15863\" class=\"wp-caption-text\"><em>O Dr. Gabino Aguirre, Vanessa Bechtel e Jeffrey Lambert visitaram recentemente o Gabinete de Educa\u00e7\u00e3o do Condado de Ventura e o Dr. C\u00e9sar Morales<\/em><em>O Presidente da C\u00e2mara Municipal de Ventura, o Sr. Henderson, \u00e9 um grande defensor da educa\u00e7\u00e3o infantil de alta qualidade no Condado de Ventura. Juntos, podemos e devemos abordar o facto de mais de metade das crian\u00e7as em idade pr\u00e9-escolar n\u00e3o terem acesso a qualquer educa\u00e7\u00e3o infantil na nossa comunidade.<span style=\"color: #ff6600;\"><strong> <a style=\"color: #ff6600;\" href=\"https:\/\/vccf.org\/pt\/vccf-initiatives\/isabella-project-early-childhood-education\/\">Saiba mais<\/a><\/strong><\/span><\/em><\/p><\/div>\n<p>As actividades variaram entre\u00a0<strong>distribui\u00e7\u00e3o de informa\u00e7\u00f5es nas caixas de alimentos da Food Share e das suas 150 ag\u00eancias parceiras<\/strong>, para\u00a0<strong>acolhimento de cl\u00ednicas de vacina\u00e7\u00e3o<\/strong>\u00a0e\u00a0<strong>contacto com os residentes porta a porta<\/strong>.\u00a0<strong>Cl\u00ednica gratuita de Westminister<\/strong>\u00a0chegou perto de\u00a0<strong>23.000 pessoas<\/strong>\u00a0atrav\u00e9s dos seus esfor\u00e7os de sensibiliza\u00e7\u00e3o, com\u00a0<strong>Poder Popular<\/strong>\u00a0com um enorme sucesso gra\u00e7as \u00e0 lideran\u00e7a de\u00a0<strong>26 promotores<\/strong>\u00a0e\u00a0<strong>60 volunt\u00e1rios<\/strong>.<\/p>\n<p>Nesta ronda de financiamento mais recente, as nossas organiza\u00e7\u00f5es sem fins lucrativos locais estabeleceram contactos com\u00a0<strong>55.122 fam\u00edlias<\/strong>, servindo\u00a0<strong>150.119 residentes no condado de Ventura<\/strong>.<\/p>\n<p>Convido-vos a desfrutar\u00a0<strong><a href=\"https:\/\/www.youtube.com\/watch?v=jUGHgZunmxQ\" target=\"_blank\" rel=\"noopener\">Rap de vacas<\/a><\/strong>com a participa\u00e7\u00e3o de Jade, uma rapper local, e espero que se juntem a mim num momento de gratid\u00e3o para com\u00a0<strong>Dr. Robert Levin, Dr. John Fankhauser, Rigoberto Vargas<\/strong>e\u00a0<strong>muitos dos grandes l\u00edderes do condado de Ventura<\/strong>\u00a0por tornarem poss\u00edvel este esfor\u00e7o. Gostaria tamb\u00e9m de agradecer a\u00a0<strong>Dr. Gabino Aguirre, Jeff Lambert,\u00a0<\/strong>e\u00a0<strong>Nathan Hickling<\/strong>\u00a0pelos seus esfor\u00e7os constantes para manter o grupo ligado e facilitar as parcerias e a colabora\u00e7\u00e3o.<\/p>\n<p>As minhas melhores felicidades para si,<br \/>\nVanessa<br \/>\n<em>Vanessa Bechtel, Presidente e Diretora Executiva da VCCF<\/em><\/p>\n<h2 style=\"text-align: center;\">Celebra\u00e7\u00e3o das bolsas de estudo do TEACh<\/h2>\n<p><img loading=\"lazy\" decoding=\"async\" class=\"wp-image-15921 aligncenter\" src=\"https:\/\/vccf.org\/wp-content\/uploads\/2022\/06\/teach-fund-e1656627541303.jpg\" alt=\"\" width=\"600\" height=\"284\" srcset=\"https:\/\/vccf.org\/wp-content\/uploads\/2022\/06\/teach-fund-e1656627541303.jpg 1000w, https:\/\/vccf.org\/wp-content\/uploads\/2022\/06\/teach-fund-e1656627541303-300x142.jpg 300w, https:\/\/vccf.org\/wp-content\/uploads\/2022\/06\/teach-fund-e1656627541303-768x363.jpg 768w, https:\/\/vccf.org\/wp-content\/uploads\/2022\/06\/teach-fund-e1656627541303-18x9.jpg 18w\" sizes=\"auto, (max-width: 600px) 100vw, 600px\" \/><\/p>\n<p>Em 2 de junho, o\u00a0<strong>Gabinete de Educa\u00e7\u00e3o do Condado de Ventura\u00a0<\/strong>e o\u00a0<strong>Comit\u00e9 de Bolsas de Estudo do TEACh<\/strong>\u00a0organizou um evento comovente\u00a0<strong>celebra\u00e7\u00e3o\u00a0<\/strong><strong>atribui\u00e7\u00e3o de bolsas de estudo a estudantes locais que tenham estado em fam\u00edlias de acolhimento.<\/strong>\u00a0Estes prestigiados pr\u00e9mios reconhecem as realiza\u00e7\u00f5es extraordin\u00e1rias destes estudantes e ajudam a tornar os seus sonhos poss\u00edveis.<\/p>\n<p>Na foto est\u00e3o v\u00e1rios l\u00edderes locais cujo trabalho tem ajudado estes estudantes. Queremos reconhecer especificamente\u00a0<strong>Lynda Bowman<\/strong>\u00a0pela sua enorme lideran\u00e7a e servi\u00e7o prestado a estes estudantes extremamente trabalhadores e merecedores.Bolsas de estudo VCCF<\/p>\n<h2 class=\"null\" style=\"text-align: center;\">Grava\u00e7\u00e3o do Almo\u00e7o e Aprendizagem Virtual de junho<\/h2>\n<p><\/p>\n<div style=\"text-align: center;\">\n<p><iframe loading=\"lazy\" src=\"https:\/\/player.vimeo.com\/video\/721209072?h=48caa9723e\" width=\"640\" height=\"427\" frameborder=\"0\" allowfullscreen=\"allowfullscreen\"><\/iframe>.<\/p>\n<\/div>\n<p>Dador virtual de junho da VCCF\u00a0<strong>Almo\u00e7o e aprendizagem<\/strong>\u00a0em destaque\u00a0<strong>Supervisora Linda Parks<\/strong>, apresentando o trabalho transformador do\u00a0<strong>Viveiro de plantas<\/strong>\u00a0no condado de Ventura, e Calleen Pardinas, respons\u00e1vel pelos servi\u00e7os filantr\u00f3picos, para uma atualiza\u00e7\u00e3o sobre o\u00a0<strong>Iniciativa ambiental da VCCF<\/strong>. A Growing Works Nursery oferece forma\u00e7\u00e3o profissional, emprego e terapia hort\u00edcola a pessoas com problemas de sa\u00fade mental na nossa comunidade. Clique no v\u00eddeo acima para assistir a esta apresenta\u00e7\u00e3o envolvente, ou clique no link abaixo para ver os nossos pr\u00f3ximos oradores.Calend\u00e1rio de Almo\u00e7os e Aprendizagens<\/p>\n<h2 class=\"null\" style=\"text-align: center;\"><strong>Ao servi\u00e7o das comunidades sem documentos<br \/>\nem caso de cat\u00e1strofe e para al\u00e9m dela<\/strong><\/h2>\n<p>https:\/\/www.youtube.com\/watch?v=7C43OHDsxUQ<\/p>\n<p>Esperamos que se sinta inspirado por\u00a0<strong>\"Servir as comunidades de imigrantes indocumentados em caso de cat\u00e1strofe e mais al\u00e9m\"<\/strong>\u00a0apresentado por\u00a0<strong>805 Fundo n\u00e3o documentado<\/strong><strong>.\u00a0<\/strong>Saiba como\u00a0<strong>desastres\u00a0<\/strong><strong>factores socioecon\u00f3micos subjacentes compostos<\/strong>\u00a0e\u00a0<strong>barreiras sist\u00e9micas que devem ser abordadas antes, durante e depois da cat\u00e1strofe<\/strong><strong>.\u00a0<\/strong>Entre os especialistas especiais contam-se Future Leaders of America, CAUSE, MICOP e muito mais.Ver v\u00eddeo<\/p>\n<h2 class=\"null\" style=\"text-align: center;\"><strong>Conhe\u00e7a Kim Engberg<\/strong><\/h2>\n<p><img loading=\"lazy\" decoding=\"async\" class=\"aligncenter wp-image-22642 size-full\" src=\"https:\/\/vccf.org\/wp-content\/uploads\/2022\/06\/kim-engberg-scaled-2.jpg\" alt=\"\" width=\"1920\" height=\"1080\" srcset=\"https:\/\/vccf.org\/wp-content\/uploads\/2022\/06\/kim-engberg-scaled-2.jpg 1920w, https:\/\/vccf.org\/wp-content\/uploads\/2022\/06\/kim-engberg-scaled-2-300x169.jpg 300w, https:\/\/vccf.org\/wp-content\/uploads\/2022\/06\/kim-engberg-scaled-2-1024x576.jpg 1024w, https:\/\/vccf.org\/wp-content\/uploads\/2022\/06\/kim-engberg-scaled-2-768x432.jpg 768w, https:\/\/vccf.org\/wp-content\/uploads\/2022\/06\/kim-engberg-scaled-2-1536x864.jpg 1536w, https:\/\/vccf.org\/wp-content\/uploads\/2022\/06\/kim-engberg-scaled-2-18x10.jpg 18w\" sizes=\"auto, (max-width: 1920px) 100vw, 1920px\" \/><\/p>\n<p>Para celebrar o M\u00eas do Orgulho, a VCCF falou com\u00a0<strong>Kim Engberg<\/strong>\u00a0para o m\u00eas de junho\u00a0<strong>entrevista dador-cliente<\/strong>. Leia sobre a sua experi\u00eancia na cria\u00e7\u00e3o do\u00a0<strong>Fundo Kimberly J. Engberg para a Igualdade LGBTQ+<\/strong>\u00a0no VCCF, os seus pensamentos sobre\u00a0<strong>M\u00eas do Orgulho<\/strong>e o\u00a0<strong>defensores locais que apoiam a comunidade LGBTQ+<\/strong>\u00a0que a inspiram.Ler mais<\/p>\n<h2 class=\"null\" style=\"text-align: center;\"><strong>Actualiza\u00e7\u00f5es da equipa VCCF<\/strong><\/h2>\n<p><img loading=\"lazy\" decoding=\"async\" class=\"alignright wp-image-15896\" src=\"https:\/\/vccf.org\/wp-content\/uploads\/2022\/06\/robin-bissett.jpg\" alt=\"\" width=\"250\" height=\"393\" srcset=\"https:\/\/vccf.org\/wp-content\/uploads\/2022\/06\/robin-bissett.jpg 527w, https:\/\/vccf.org\/wp-content\/uploads\/2022\/06\/robin-bissett-191x300.jpg 191w, https:\/\/vccf.org\/wp-content\/uploads\/2022\/06\/robin-bissett-8x12.jpg 8w\" sizes=\"auto, (max-width: 250px) 100vw, 250px\" \/><\/p>\n<p><strong>Bem-vinda, Robin!<\/strong> Robin Bissett \u00e9 a nova Assistente Executiva do Gabinete do Presidente. Mudou-se para o condado de Ventura em 2021 e est\u00e1 a desfrutar da sua beleza natural de cortar a respira\u00e7\u00e3o e do seu clima temperado. Nascida e criada no condado de Los Angeles, Robin trabalhou principalmente no campo da educa\u00e7\u00e3o infantil como professora e administradora por 25 anos. Tem um diploma AS (equivalente) em Educa\u00e7\u00e3o Infantil e obteve uma Licen\u00e7a de Supervisor de Local da Comiss\u00e3o de Credenciamento de Professores da Calif\u00f3rnia. Ela valoriza os benef\u00edcios incr\u00edveis que uma educa\u00e7\u00e3o de qualidade traz para a vida de uma crian\u00e7a durante os seus primeiros cinco anos e o impacto positivo que pode ter em toda a fam\u00edlia.<strong><img loading=\"lazy\" decoding=\"async\" class=\"alignright wp-image-15897\" src=\"https:\/\/vccf.org\/wp-content\/uploads\/2022\/06\/lauren-nathan-post-1.png\" alt=\"\" width=\"450\" height=\"335\" srcset=\"https:\/\/vccf.org\/wp-content\/uploads\/2022\/06\/lauren-nathan-post-1.png 1450w, https:\/\/vccf.org\/wp-content\/uploads\/2022\/06\/lauren-nathan-post-1-300x223.png 300w, https:\/\/vccf.org\/wp-content\/uploads\/2022\/06\/lauren-nathan-post-1-1024x763.png 1024w, https:\/\/vccf.org\/wp-content\/uploads\/2022\/06\/lauren-nathan-post-1-768x572.png 768w, https:\/\/vccf.org\/wp-content\/uploads\/2022\/06\/lauren-nathan-post-1-16x12.png 16w\" sizes=\"auto, (max-width: 450px) 100vw, 450px\" \/>Parab\u00e9ns, Nathan e Lauren! <\/strong>Dois dos membros da nossa equipa, Nathan Hickling e Lauren Graf, est\u00e3o a assumir novos cargos na VCCF! Nathan \u00e9 agora o Oficial de Impacto Comunit\u00e1rio, al\u00e9m de servir como nosso Assistente Executivo do Diretor de Opera\u00e7\u00f5es, e Lauren, anteriormente Assistente Administrativa do Gabinete do Presidente, \u00e9 o Oficial de Marketing e Comunica\u00e7\u00f5es. Ambos ir\u00e3o fazer um trabalho incr\u00edvel nas vossas novas fun\u00e7\u00f5es!<\/p>\n<h2 class=\"null\" style=\"text-align: center;\"><strong>Santa Monica Mountain Fund abre a ponte do trilho de Zuma Canyon<\/strong><\/h2>\n<p><img loading=\"lazy\" decoding=\"async\" class=\"aligncenter wp-image-15898\" src=\"https:\/\/vccf.org\/wp-content\/uploads\/2022\/06\/52143428642_40a1f08bb9_o.jpg\" alt=\"\" width=\"600\" height=\"338\" srcset=\"https:\/\/vccf.org\/wp-content\/uploads\/2022\/06\/52143428642_40a1f08bb9_o.jpg 1280w, https:\/\/vccf.org\/wp-content\/uploads\/2022\/06\/52143428642_40a1f08bb9_o-300x169.jpg 300w, https:\/\/vccf.org\/wp-content\/uploads\/2022\/06\/52143428642_40a1f08bb9_o-1024x576.jpg 1024w, https:\/\/vccf.org\/wp-content\/uploads\/2022\/06\/52143428642_40a1f08bb9_o-768x432.jpg 768w, https:\/\/vccf.org\/wp-content\/uploads\/2022\/06\/52143428642_40a1f08bb9_o-18x10.jpg 18w\" sizes=\"auto, (max-width: 600px) 100vw, 600px\" \/><\/p>\n<p>A VCCF tem a honra de apoiar a\u00a0<strong>Fundo para as Montanhas de Santa M\u00f3nica<\/strong>\u00a0e o Servi\u00e7o Nacional de Parques no financiamento da reabertura do\u00a0<strong>Ponte de Zuma Creek<\/strong>\u00a0em 13 de junho. O Diretor de Opera\u00e7\u00f5es da VCCF, Jeff Lambert, participou no corte da fita no in\u00edcio desta semana.<\/p>\n<p><br data-text=\"true\" \/>A ponte Zuma foi originalmente danificada no inc\u00eandio de Woolsey de 2018, ao lado de 112 milhas de trilhas, 30 estruturas e 88% das terras do parque federal nas montanhas de Santa Monica. A ponte rec\u00e9m-reconstru\u00edda oferece uma passagem segura do riacho, bem como prote\u00e7\u00e3o para recursos importantes, como anf\u00edbios nativos.Saiba mais<\/p>\n<h2 class=\"null\" style=\"text-align: center;\"><strong>O poder da comunidade<\/strong><\/h2>\n<h3 style=\"text-align: center;\"><strong>Boas not\u00edcias da vossa comunidade de Ventura<\/strong><\/h3>\n<p><\/p>\n<h3 style=\"text-align: center;\"><img loading=\"lazy\" decoding=\"async\" class=\"wp-image-14498 aligncenter\" src=\"https:\/\/vccf.org\/wp-content\/uploads\/2021\/12\/power-of-community.png\" alt=\"\" width=\"600\" height=\"228\" srcset=\"https:\/\/vccf.org\/wp-content\/uploads\/2021\/12\/power-of-community.png 820w, https:\/\/vccf.org\/wp-content\/uploads\/2021\/12\/power-of-community-300x114.png 300w, https:\/\/vccf.org\/wp-content\/uploads\/2021\/12\/power-of-community-768x292.png 768w, https:\/\/vccf.org\/wp-content\/uploads\/2021\/12\/power-of-community-18x7.png 18w\" sizes=\"auto, (max-width: 600px) 100vw, 600px\" \/><\/h3>\n<h3 style=\"text-align: center;\"><strong>Comemore o M\u00eas do Orgulho com estes<br \/>\nOrganiza\u00e7\u00f5es sem fins lucrativos LGBTQ+ do Condado de Ventura!<\/strong><\/h3>\n<p><img loading=\"lazy\" decoding=\"async\" class=\"wp-image-15901 alignleft\" src=\"https:\/\/vccf.org\/wp-content\/uploads\/2022\/06\/diversity-collective.jpg\" alt=\"\" width=\"400\" height=\"300\" srcset=\"https:\/\/vccf.org\/wp-content\/uploads\/2022\/06\/diversity-collective.jpg 1440w, https:\/\/vccf.org\/wp-content\/uploads\/2022\/06\/diversity-collective-300x225.jpg 300w, https:\/\/vccf.org\/wp-content\/uploads\/2022\/06\/diversity-collective-1024x768.jpg 1024w, https:\/\/vccf.org\/wp-content\/uploads\/2022\/06\/diversity-collective-768x576.jpg 768w, https:\/\/vccf.org\/wp-content\/uploads\/2022\/06\/diversity-collective-16x12.jpg 16w\" sizes=\"auto, (max-width: 400px) 100vw, 400px\" \/><a href=\"https:\/\/www.diversitycollectivevc.org\/\" target=\"_blank\" rel=\"noopener\"><strong>Coletivo da Diversidade<\/strong><\/a>\u00a0\u00e9 uma organiza\u00e7\u00e3o comunit\u00e1ria sem fins lucrativos com a miss\u00e3o de proporcionar apoio, visibilidade, seguran\u00e7a e bem-estar \u00e0 comunidade LGBTQ+. Conseguem-no atrav\u00e9s do seu centro de recursos comunit\u00e1rios, programas e eventos de constru\u00e7\u00e3o da comunidade. Eles imaginam uma comunidade do Condado de Ventura onde os indiv\u00edduos LGBTQ+, incluindo todas as identidades que se cruzam, t\u00eam acesso imediato aos servi\u00e7os necess\u00e1rios, s\u00e3o celebrados e tratados com equidade e respeito.<\/p>\n<p>Esta organiza\u00e7\u00e3o sem fins lucrativos tamb\u00e9m acolhe\u00a0<a href=\"https:\/\/www.diversitycollectivevc.org\/lgbtq-youth-group\/\" target=\"_blank\" rel=\"noopener\">Guarda-chuva arco-\u00edris<\/a>, um grupo de apoio baseado em pares para jovens LGBTQ com idades compreendidas entre os 13 e os 23 anos, que oferece uma variedade de actividades educativas divertidas, apresenta\u00e7\u00f5es e encontros de controlo destinados a dar aos nossos jovens ferramentas para enriquecer a sua sa\u00fade mental e f\u00edsica geral.<img loading=\"lazy\" decoding=\"async\" class=\"wp-image-15902 alignleft\" src=\"https:\/\/vccf.org\/wp-content\/uploads\/2022\/06\/pflag.png\" alt=\"\" width=\"450\" height=\"216\" srcset=\"https:\/\/vccf.org\/wp-content\/uploads\/2022\/06\/pflag.png 960w, https:\/\/vccf.org\/wp-content\/uploads\/2022\/06\/pflag-300x144.png 300w, https:\/\/vccf.org\/wp-content\/uploads\/2022\/06\/pflag-768x368.png 768w, https:\/\/vccf.org\/wp-content\/uploads\/2022\/06\/pflag-18x9.png 18w\" sizes=\"auto, (max-width: 450px) 100vw, 450px\" \/>Fundada em 1973,\u00a0<a href=\"https:\/\/pflag.org\/\" target=\"_blank\" rel=\"noopener\"><strong>PFLAG<\/strong>\u00a0<\/a>\u00e9 a primeira e maior organiza\u00e7\u00e3o dedicada a apoiar, educar e defender as pessoas LGBTQ+ e as suas fam\u00edlias. A rede da PFLAG, com mais de 400 sec\u00e7\u00f5es em todo o pa\u00eds e mais de 250.000 membros e apoiantes em todos os estados, trabalha para criar um mundo solid\u00e1rio, justo e afirmativo para as pessoas LGBTQ+ e para aqueles que as amam.\u00a0<a href=\"https:\/\/pflagventura.wordpress.com\/\" target=\"_blank\" rel=\"noopener\">Sec\u00e7\u00e3o de Ventura da PFLAG\u00a0<\/a>realiza reuni\u00f5es na terceira quinta-feira de cada m\u00eas e pode enviar um e-mail para\u00a0<a href=\"mailto:pflag.ventura.ca@gmail.com\" target=\"_blank\" rel=\"noopener\">pflag.ventura.ca@gmail.com<\/a>\u00a0para saber mais sobre as pr\u00f3ximas reuni\u00f5es e eventos comunit\u00e1rios.<img loading=\"lazy\" decoding=\"async\" class=\"wp-image-15903 alignleft\" src=\"https:\/\/vccf.org\/wp-content\/uploads\/2022\/06\/ffluid.jpg\" alt=\"\" width=\"500\" height=\"375\" srcset=\"https:\/\/vccf.org\/wp-content\/uploads\/2022\/06\/ffluid.jpg 960w, https:\/\/vccf.org\/wp-content\/uploads\/2022\/06\/ffluid-300x225.jpg 300w, https:\/\/vccf.org\/wp-content\/uploads\/2022\/06\/ffluid-768x576.jpg 768w, https:\/\/vccf.org\/wp-content\/uploads\/2022\/06\/ffluid-16x12.jpg 16w\" sizes=\"auto, (max-width: 500px) 100vw, 500px\" \/><a href=\"http:\/\/ffluid.org\/\" target=\"_blank\" rel=\"noopener\"><strong>FFLUID<\/strong> <\/a>(Family &amp; Friends Living United in Diversity) \u00e9 um grupo sediado em Simi Valley que se dedica a oferecer \"streams\" de amor incondicional, apoio sincero e recursos de qualidade aos membros da comunidade LGBTQIA+, \u00e0s suas fam\u00edlias e amigos. Oferecem reuni\u00f5es mensais de apoio a pessoas LGBTQIA+, \u00e0s suas fam\u00edlias, amigos e aliados. Frequentemente, o grupo \u00e9 frequentado por pessoas transg\u00e9nero, em transi\u00e7\u00e3o ou com fluidez de g\u00e9nero. A FFLUID tamb\u00e9m participa no ativismo local e na constru\u00e7\u00e3o da comunidade. Receberam a primeira Proclama\u00e7\u00e3o de Orgulho de Simi Valley na hist\u00f3ria da cidade e foram os principais participantes no lan\u00e7amento do Festival de Orgulho de Conejo Valley. O FFLUID tamb\u00e9m oferece workshops, apresenta\u00e7\u00f5es e eventos peri\u00f3dicos que proporcionam \u00e0 comunidade LGBTQIA+ e aos seus apoiantes um espa\u00e7o seguro para aprender, ouvir e crescer.<\/p>\n<h2 style=\"text-align: center;\">Calend\u00e1rio de eventos<\/h2>\n<p><strong>Transfer\u00eancia de riqueza no Condado de Ventura - Parte II<\/strong><br \/>\n<em>Quinta-feira, 21 de julho, das 11h30 \u00e0s 13h30 (Virtual)<\/em><br \/>\nCom base na apresenta\u00e7\u00e3o do trabalho vital encomendado pela VCCF, que analisa a Transfer\u00eancia de Riqueza no Condado de Ventura, a reuni\u00e3o de julho do Conselho de Lideran\u00e7a Sem Fins Lucrativos centrar-se-\u00e1 em estrat\u00e9gias pr\u00e1ticas para construir, reavivar e reenergizar os esfor\u00e7os de doa\u00e7\u00e3o planeada da sua organiza\u00e7\u00e3o. O evento incluir\u00e1 um painel de pr\u00e1tica dos nossos pares que partilhar\u00e3o hist\u00f3rias da comunidade local relacionadas com as li\u00e7\u00f5es aprendidas e os sucessos e desafios das doa\u00e7\u00f5es planeadas.\u00a0<a href=\"https:\/\/www.callutheran.edu\/centers\/nonprofit\/workshops\/event\/2022-07-21-nonprofit-leadership-council-transfer-of-wealth-in-ventura-county-part-ii\" target=\"_blank\" rel=\"noopener\">Clique aqui para se registar.<\/a><\/p>\n<p><strong><img loading=\"lazy\" decoding=\"async\" class=\"alignnone wp-image-15923\" src=\"https:\/\/vccf.org\/wp-content\/uploads\/2022\/06\/nonprofit-leadership-council-transfer-of-wealth-in-ventura-county-part-ii.jpg\" alt=\"\" width=\"350\" height=\"270\" srcset=\"https:\/\/vccf.org\/wp-content\/uploads\/2022\/06\/nonprofit-leadership-council-transfer-of-wealth-in-ventura-county-part-ii.jpg 1650w, https:\/\/vccf.org\/wp-content\/uploads\/2022\/06\/nonprofit-leadership-council-transfer-of-wealth-in-ventura-county-part-ii-300x232.jpg 300w, https:\/\/vccf.org\/wp-content\/uploads\/2022\/06\/nonprofit-leadership-council-transfer-of-wealth-in-ventura-county-part-ii-1024x791.jpg 1024w, https:\/\/vccf.org\/wp-content\/uploads\/2022\/06\/nonprofit-leadership-council-transfer-of-wealth-in-ventura-county-part-ii-768x593.jpg 768w, https:\/\/vccf.org\/wp-content\/uploads\/2022\/06\/nonprofit-leadership-council-transfer-of-wealth-in-ventura-county-part-ii-1536x1187.jpg 1536w, https:\/\/vccf.org\/wp-content\/uploads\/2022\/06\/nonprofit-leadership-council-transfer-of-wealth-in-ventura-county-part-ii-16x12.jpg 16w\" sizes=\"auto, (max-width: 350px) 100vw, 350px\" \/><\/strong><\/p>\n<p><strong>Almo\u00e7o e aprendizagem com doadores virtuais da VCCF: Canterbury Consulting<\/strong><br \/>\n<em>Quinta-feira, 28 de julho, das 12h00 \u00e0s 13h00 (Virtual)<\/em><br \/>\nJunte-se a n\u00f3s em nosso almo\u00e7o e aprendizado mensal do VCCF Virtual Donor. Essas chamadas informativas s\u00e3o gratuitas e come\u00e7aram no in\u00edcio do COVID-19 para entender melhor as necessidades das organiza\u00e7\u00f5es sem fins lucrativos do Condado de Ventura. O t\u00f3pico de julho contar\u00e1 com uma apresenta\u00e7\u00e3o da Canterbury Consulting sobre o mercado financeiro, bem como uma revis\u00e3o do portf\u00f3lio VCCF.\u00a0<a href=\"https:\/\/us02web.zoom.us\/meeting\/register\/tZwuce6urjgjEtT6JO768CQ98t0PZHvsnEZY%20\" target=\"_blank\" rel=\"noopener\">Clique aqui para se registar.<\/a><\/p>","protected":false},"excerpt":{"rendered":"<p>Cara fam\u00edlia da Funda\u00e7\u00e3o Comunit\u00e1ria do Condado de Ventura, Na passada segunda-feira celebr\u00e1mos o trabalho \u00e1rduo e os esfor\u00e7os consistentes de mais de uma centena de volunt\u00e1rios activos e de dezenas de organiza\u00e7\u00f5es sem fins lucrativos que trabalham em parceria com a...<\/p>","protected":false},"author":3,"featured_media":15901,"comment_status":"closed","ping_status":"closed","sticky":false,"template":"","format":"standard","meta":{"_acf_changed":false,"give_campaign_id":0,"footnotes":""},"categories":[24],"tags":[],"class_list":["post-15862","post","type-post","status-publish","format-standard","has-post-thumbnail","hentry","category-newsletters"],"acf":[],"_links":{"self":[{"href":"https:\/\/vccf.org\/pt\/wp-json\/wp\/v2\/posts\/15862","targetHints":{"allow":["GET"]}}],"collection":[{"href":"https:\/\/vccf.org\/pt\/wp-json\/wp\/v2\/posts"}],"about":[{"href":"https:\/\/vccf.org\/pt\/wp-json\/wp\/v2\/types\/post"}],"author":[{"embeddable":true,"href":"https:\/\/vccf.org\/pt\/wp-json\/wp\/v2\/users\/3"}],"replies":[{"embeddable":true,"href":"https:\/\/vccf.org\/pt\/wp-json\/wp\/v2\/comments?post=15862"}],"version-history":[{"count":0,"href":"https:\/\/vccf.org\/pt\/wp-json\/wp\/v2\/posts\/15862\/revisions"}],"wp:featuredmedia":[{"embeddable":true,"href":"https:\/\/vccf.org\/pt\/wp-json\/wp\/v2\/media\/15901"}],"wp:attachment":[{"href":"https:\/\/vccf.org\/pt\/wp-json\/wp\/v2\/media?parent=15862"}],"wp:term":[{"taxonomy":"category","embeddable":true,"href":"https:\/\/vccf.org\/pt\/wp-json\/wp\/v2\/categories?post=15862"},{"taxonomy":"post_tag","embeddable":true,"href":"https:\/\/vccf.org\/pt\/wp-json\/wp\/v2\/tags?post=15862"}],"curies":[{"name":"wp","href":"https:\/\/api.w.org\/{rel}","templated":true}]}}