{"id":16229,"date":"2022-07-25T11:18:16","date_gmt":"2022-07-25T18:18:16","guid":{"rendered":"https:\/\/vccf.org\/?p=16229"},"modified":"2025-01-29T07:47:13","modified_gmt":"2025-01-29T07:47:13","slug":"vccf-donor-spotlight-interview-with-terri-lisagor","status":"publish","type":"post","link":"https:\/\/vccf.org\/pt\/vccf-donor-spotlight-interview-with-terri-lisagor\/","title":{"rendered":"Destaque para o doador da VCCF: Entrevista com Terri Lisagor"},"content":{"rendered":"<p><\/p>\n<div id=\"attachment_16230\" style=\"width: 410px\" class=\"wp-caption alignleft\"><img loading=\"lazy\" decoding=\"async\" aria-describedby=\"caption-attachment-16230\" class=\"wp-image-16230\" src=\"https:\/\/vccf.org\/wp-content\/uploads\/2022\/07\/terri-lisagor-1.jpg\" alt=\"VCCF Donor Client Terri Lisagor pictured with young women from the village in Guatemala where she teaches nutrition education\" width=\"400\" height=\"300\" srcset=\"https:\/\/vccf.org\/wp-content\/uploads\/2022\/07\/terri-lisagor-1.jpg 639w, https:\/\/vccf.org\/wp-content\/uploads\/2022\/07\/terri-lisagor-1-300x225.jpg 300w, https:\/\/vccf.org\/wp-content\/uploads\/2022\/07\/terri-lisagor-1-16x12.jpg 16w\" sizes=\"auto, (max-width: 400px) 100vw, 400px\" \/><p id=\"caption-attachment-16230\" class=\"wp-caption-text\">Terri Lisagor (\u00e0 direita) fotografada com Herminia e Milagro (duas \u00e0 esquerda) numa aldeia da Guatemala onde Terri \u00e9 volunt\u00e1ria. As irm\u00e3s vieram pela primeira vez \u00e0 cl\u00ednica quando eram jovens e agora ajudam a equipa de Terri a ajudar a comunidade durante todo o ano. As duas t\u00eam forma\u00e7\u00e3o universit\u00e1ria e Milagro \u00e9 licenciada em Direito numa comunidade que raramente recebe educa\u00e7\u00e3o para al\u00e9m do sexto ano.<\/p><\/div>\n<p><em>Por Lauren Graf<\/em><\/p>\n<p>Honrando o M\u00eas Nacional de Fazer a Diferen\u00e7a para as Crian\u00e7as, a Dra. Terri Lisagor, cliente doador da VCCF e membro do comit\u00ea do Projeto Isabella, falou sobre sua filantropia cheia de amor centrada nas crian\u00e7as e seu trabalho generoso ensinando nutri\u00e7\u00e3o e higiene bucal para as fam\u00edlias Q\u02bceqchi\u02bc na Guatemala nos \u00faltimos 25 anos.<\/p>\n<p>Terri \"nasceu para ser professora\" e, aos 7 anos, juntava as crian\u00e7as da vizinhan\u00e7a durante o ver\u00e3o para organizar um acampamento de artes e of\u00edcios no seu quintal. Este amor pela educa\u00e7\u00e3o acompanhou-a ao longo da vida e, quando as profiss\u00f5es femininas tinham uma esfera limitada na d\u00e9cada de 1960, descobriu que ensinar na escola prim\u00e1ria se encaixava perfeitamente. Terri tamb\u00e9m incorporou o seu interesse pela nutri\u00e7\u00e3o ao longo da vida e educava os alunos sobre este t\u00f3pico vital.<\/p>\n<p>Terri e o marido Mark casaram-se quando eram estudantes universit\u00e1rios. Ao longo das suas vidas, foram activistas de muitas causas, como protestar contra a Guerra do Vietname ou marchar pelos direitos das mulheres. Depois de completarem a resid\u00eancia dent\u00e1ria de Mark, mudaram-se para Camarillo para estabelecer o seu consult\u00f3rio dent\u00e1rio, onde Terri desenvolveu um programa de preven\u00e7\u00e3o de c\u00e1ries e nutri\u00e7\u00e3o para as fam\u00edlias e crian\u00e7as do consult\u00f3rio. Para melhor facilitar este programa, regressou \u00e0 escola para obter o seu mestrado em nutri\u00e7\u00e3o e ci\u00eancia alimentar na Universidade Estatal da Calif\u00f3rnia, Northridge. A sua paix\u00e3o pelo ensino foi novamente despertada depois de ter dado uma aula durante a licen\u00e7a sab\u00e1tica do seu professor, e prosseguiu o seu doutoramento em educa\u00e7\u00e3o na Universidade de Pepperdine para lecionar um curso de titularidade.<\/p>\n<p>Terri partilhou a sua filosofia de amor para retribuir atrav\u00e9s da sua vida,<\/p>\n<blockquote><p>Nunca quis realmente receber qualquer pagamento. Era apenas: \"Como \u00e9 que posso amar, como \u00e9 que posso abra\u00e7ar, como \u00e9 que posso ajudar a fazer com que as outras pessoas se sintam importantes?\" Quer se trate de educa\u00e7\u00e3o e ensino, quer se trate de dirigir o pequeno acampamento no meu quintal quando eu era pequena, o que aprendi \u00e9 que a coisa mais f\u00e1cil de dar a uma pessoa \u00e9 um sorriso. Se olharmos olhos nos olhos e sorrirmos para essa pessoa, \u00e9 absolutamente fant\u00e1stico. Para al\u00e9m das barreiras lingu\u00edsticas, essa \u00e9 a linguagem universal.<\/p><\/blockquote>\n<p><strong>Por favor, partilhe o seu trabalho com as fam\u00edlias Q\u02bceqchi\u02bc na Guatemala.<\/strong><\/p>\n<p>No in\u00edcio dos anos 90, um amigo do Mark conheceu uma mulher na Guatemala, a Irma. E ele disse: \"Sou dentista de crian\u00e7as, precisa de alguma coisa?\" A Irma respondeu: \"Oh, sim!\" Ent\u00e3o, come\u00e7ou a envolver o Mark neste projeto que trabalhava em pequenas aldeias na Guatemala. Aqui temos estas crian\u00e7as com c\u00e1ries galopantes, muitas das m\u00e3es morrem durante o parto devido a s\u00e9psis causada por infec\u00e7\u00f5es. A esperan\u00e7a m\u00e9dia de vida \u00e9 de cerca de 30 anos e a maioria das crian\u00e7as n\u00e3o tem mais do que o sexto ano de escolaridade. Come\u00e7\u00e1mos a ir para l\u00e1 para ajudar a prevenir as infec\u00e7\u00f5es. Se olharmos para a causa da infe\u00e7\u00e3o que os leva \u00e0 morte, se houver bact\u00e9rias na boca, estas v\u00e3o para a corrente sangu\u00ednea, para o cora\u00e7\u00e3o e para o c\u00e9rebro. Mesmo antes de as crian\u00e7as terem dentes, se as ensinarmos a limpar, mesmo com um pano, estamos a diminuir as bact\u00e9rias.<\/p>\n<p>Sendo eu insistente, pensei: \"Se temos estas crian\u00e7as que n\u00e3o t\u00eam nada e est\u00e3o a morrer, e estamos a tentar limpar a infe\u00e7\u00e3o na boca, \u00e9 melhor ensinar-lhes como evitar isso\". Criei um programa educativo no meio da selva, mas havia l\u00e1 uma igreja que tinha uma \u00e1rea perfeita para o fazer. Recebemos todos os donativos para escovas de dentes, e depois a outra coisa importante foi: como convencer estas fam\u00edlias de que estamos l\u00e1 para as ajudar, como \u00e9 que elas v\u00e3o confiar em n\u00f3s ao longo das suas gera\u00e7\u00f5es? \u00c9 aqui que entra a Irma. Ela faz parte do grupo de guatemaltecos ricos, e normalmente os ricos e os <em>pobrecitos<\/em> mas a Irma tem um cora\u00e7\u00e3o enorme. Ela queria proteger estas crian\u00e7as.<\/p>\n<p><img loading=\"lazy\" decoding=\"async\" class=\"alignright wp-image-16231\" src=\"https:\/\/vccf.org\/wp-content\/uploads\/2022\/07\/terri-lisagor-2.jpg\" alt=\"VCCF Donor Client Terri Lisagor teaching a class of Q\u02bceqchi\u02bc villagers in Guatemala about nutrition and oral hygiene\" width=\"400\" height=\"300\" srcset=\"https:\/\/vccf.org\/wp-content\/uploads\/2022\/07\/terri-lisagor-2.jpg 640w, https:\/\/vccf.org\/wp-content\/uploads\/2022\/07\/terri-lisagor-2-300x225.jpg 300w, https:\/\/vccf.org\/wp-content\/uploads\/2022\/07\/terri-lisagor-2-16x12.jpg 16w\" sizes=\"auto, (max-width: 400px) 100vw, 400px\" \/><\/p>\n<p>Se algu\u00e9m for \u00e0s aldeias para convencer os pais de que estamos aqui porque os amamos, de que estamos aqui para os ajudar, de que n\u00e3o precisam de ter medo de ir ao dentista, isso \u00e9 suficiente. O facto de voltarmos ano ap\u00f3s ano, de a Irma ser a nossa liga\u00e7\u00e3o, de criarmos esta cl\u00ednica e este espa\u00e7o onde eu podia ensinar, e depois termos estas crian\u00e7as que cresceram connosco, \u00e9 aquele velho ditado: \"D\u00eaem peixe a um homem e ele come por um dia. Ensina um homem a pescar e ele come para toda a vida\".<\/p>\n<p>Expandimos o que fizemos na Guatemala para angariar fundos para bolsas de estudo para as crian\u00e7as que querem ir al\u00e9m do sexto ano. Temos funda\u00e7\u00f5es criadas atrav\u00e9s dos Emiss\u00e1rios Internacionais de Sa\u00fade, atrav\u00e9s da Global Dental Relief.<\/p>\n<p><strong>Fale-nos do Fundo da Fam\u00edlia Lisagor na VCCF e de algumas causas que tem apoiado.<\/strong><\/p>\n<p>O Mark e eu est\u00e1vamos falidos quando crescemos, e o que mais gosto no meu marido e nos meus filhos \u00e9 o facto de terem a mesma filosofia: n\u00e3o precisamos de muito. Temos as nossas necessidades satisfeitas e, caramba, temos tido sorte. Portanto, na mesma casa, a minha casa longe de casa em Vancouver, os nossos filhos t\u00eam uma educa\u00e7\u00e3o completa e s\u00e3o totalmente independentes financeiramente com as suas fam\u00edlias. \u00c9 do g\u00e9nero, \"Ok, o que podemos fazer? Como \u00e9 que podemos fazer a diferen\u00e7a?\"<\/p>\n<p>Desde o in\u00edcio, conseguimos encontrar causas que nos tocavam o cora\u00e7\u00e3o. Adoramos a Interface Children &amp; Family Services devido ao seu grande alcance. Fui maltratada em crian\u00e7a, mas agora vejam onde estou, \u00e9 como se isso fizesse parte do meu passado, como sou aben\u00e7oada por estar onde estou e por ter a vida que tenho. O Boys &amp; Girls Club, claro, o que faz pelas crian\u00e7as da nossa comunidade, o que faz em todo o mundo. Os clubes com que estamos realmente envolvidos s\u00e3o os de Port Hueneme e Camarillo, e tudo o que fazem \u00e9 extremamente importante para as crian\u00e7as e as fam\u00edlias. Apoi\u00e1mos v\u00e1rias campanhas anuais e fazemos doa\u00e7\u00f5es anuais para elas.<\/p>\n<p>Kidspace Children's Museum, estivemos envolvidos na campanha de capital e no apoio cont\u00ednuo ao seu museu infantil. Guatemala e FoodShare. Juntei-me ao conselho consultivo da FoodShare. A inseguran\u00e7a alimentar est\u00e1 relacionada com: \"Meu Deus, se algu\u00e9m n\u00e3o tem os nutrientes certos, como \u00e9 que um beb\u00e9 pode crescer? Como \u00e9 que uma c\u00e9lula cerebral se pode desenvolver, especialmente no primeiro ano de vida?\"<\/p>\n<p>Cal State University, Channel Islands, os seus programas de educa\u00e7\u00e3o na primeira inf\u00e2ncia, formando uma for\u00e7a de trabalho em crescimento. Podem reparar que, especialmente para mim e para o Mark, os temas est\u00e3o relacionados com as crian\u00e7as, come\u00e7ando cedo e fazendo-as saber que algu\u00e9m se preocupa com elas, que algu\u00e9m as ama incondicionalmente.<\/p>\n<p><strong>Partilhe uma hist\u00f3ria favorita relacionada com a sua filantropia. <\/strong><\/p>\n<p>Acredito nisto do fundo do cora\u00e7\u00e3o e da alma, que se obt\u00e9m um <em>todo<\/em> muito mais do que damos. \u00c9 uma loucura porque as pessoas est\u00e3o sempre a dizer obrigado, e isso n\u00e3o est\u00e1 certo. Eu agrade\u00e7o <em>eles<\/em>. Agrade\u00e7o-lhes a oportunidade, agrade\u00e7o \u00e0 minha vida o facto de estar numa posi\u00e7\u00e3o em que posso fazer isto, e pelo caminho conhecemos pessoas maravilhosas. N\u00e3o consigo entender as pessoas m\u00e1s; n\u00e3o consigo entender porque \u00e9 que as pessoas n\u00e3o d\u00e3o.<\/p>\n<p>Vou contar-vos um exemplo maravilhoso disto: um dos meus netos, Wes, tem agora 14 anos e vem \u00e0 Guatemala desde os 7. Wes \u00e9 bilingue e, da primeira vez que veio connosco, ajudou-me a ensinar. Deviam ver o pequeno Wes de 7 anos a lavar os dentes aos mi\u00fados\".<em>Circulitos, circulitos, circulitos<\/em>.\"<\/p>\n<p>Depois de termos estado a trabalhar na cl\u00ednica durante uma semana, apanhamos um autocarro de volta a Ant\u00edgua, onde temos alguns dias antes de regressarmos \u00e0 Calif\u00f3rnia. Eu estava a passear com o Wes em Ant\u00edgua, e est\u00e1vamos a falar sobre esta experi\u00eancia, e eu perguntei-lhe: \"O que achaste disto, Wes?\" E ele disse: \"Gostei muito.\" Perguntei-lhe: \"Sabes que h\u00e1 pessoas que acham que n\u00e3o dev\u00edamos estar a dar isto, que n\u00e3o dev\u00edamos estar a fazer isto?\" Ele segurou a minha m\u00e3o, olhou para cima e disse: \"Porque \u00e9 que algu\u00e9m se sentiria assim?\" Algumas pessoas consideram que dar \u00e9 tornar as pessoas dependentes de n\u00f3s, e essa \u00e9 uma filosofia que a minha fam\u00edlia certamente n\u00e3o adopta, mas foi algo que um mi\u00fado de 7 anos teve de ouvir para saber que nem toda a gente sente o mesmo. Foi uma oportunidade para o ensinar sobre a import\u00e2ncia de dar com o cora\u00e7\u00e3o.<\/p>\n<p><em>Se quiser saber mais sobre como abrir um fundo na VCCF, envie um e-mail para Jim Rivera em <a href=\"mailto:jrivera@vccf.org\">jrivera@vccf.org<\/a>.<\/em><\/p>","protected":false},"excerpt":{"rendered":"<p>By Lauren Graf Honoring National Make a Difference to Children Month, Dr. Terri Lisagor, VCCF donor client and Isabella Project committee member, spoke about her love-filled philanthropy centered around children&hellip;<\/p>","protected":false},"author":3,"featured_media":16231,"comment_status":"closed","ping_status":"closed","sticky":false,"template":"","format":"standard","meta":{"_acf_changed":false,"give_campaign_id":0,"footnotes":""},"categories":[27],"tags":[],"class_list":["post-16229","post","type-post","status-publish","format-standard","has-post-thumbnail","hentry","category-blog-posts"],"acf":[],"_links":{"self":[{"href":"https:\/\/vccf.org\/pt\/wp-json\/wp\/v2\/posts\/16229","targetHints":{"allow":["GET"]}}],"collection":[{"href":"https:\/\/vccf.org\/pt\/wp-json\/wp\/v2\/posts"}],"about":[{"href":"https:\/\/vccf.org\/pt\/wp-json\/wp\/v2\/types\/post"}],"author":[{"embeddable":true,"href":"https:\/\/vccf.org\/pt\/wp-json\/wp\/v2\/users\/3"}],"replies":[{"embeddable":true,"href":"https:\/\/vccf.org\/pt\/wp-json\/wp\/v2\/comments?post=16229"}],"version-history":[{"count":0,"href":"https:\/\/vccf.org\/pt\/wp-json\/wp\/v2\/posts\/16229\/revisions"}],"wp:featuredmedia":[{"embeddable":true,"href":"https:\/\/vccf.org\/pt\/wp-json\/wp\/v2\/media\/16231"}],"wp:attachment":[{"href":"https:\/\/vccf.org\/pt\/wp-json\/wp\/v2\/media?parent=16229"}],"wp:term":[{"taxonomy":"category","embeddable":true,"href":"https:\/\/vccf.org\/pt\/wp-json\/wp\/v2\/categories?post=16229"},{"taxonomy":"post_tag","embeddable":true,"href":"https:\/\/vccf.org\/pt\/wp-json\/wp\/v2\/tags?post=16229"}],"curies":[{"name":"wp","href":"https:\/\/api.w.org\/{rel}","templated":true}]}}