{"id":17137,"date":"2022-12-19T15:58:17","date_gmt":"2022-12-19T23:58:17","guid":{"rendered":"https:\/\/vccf.org\/?p=17137"},"modified":"2025-03-03T06:20:41","modified_gmt":"2025-03-03T14:20:41","slug":"vccf-end-of-year-letter-2022","status":"publish","type":"post","link":"https:\/\/vccf.org\/pt\/vccf-end-of-year-letter-2022\/","title":{"rendered":"Carta de fim de ano da VCCF 2022"},"content":{"rendered":"<div id=\"attachment_17139\" style=\"width: 810px\" class=\"wp-caption aligncenter\"><img loading=\"lazy\" decoding=\"async\" aria-describedby=\"caption-attachment-17139\" class=\"wp-image-17139\" src=\"https:\/\/vccf.org\/wp-content\/uploads\/2022\/12\/vccf12-5-22-lr-052-scaled-2.jpg\" alt=\"\" width=\"800\" height=\"533\" \/><p id=\"caption-attachment-17139\" class=\"wp-caption-text\">Happy holidays and a happy new year from the VCCF team!<\/p><\/div>\n\n\n<p class=\"already_translated\">Cara fam\u00edlia da Funda\u00e7\u00e3o Comunit\u00e1ria do Condado de Ventura,<\/p>\n<p class=\"already_translated\"><strong>We have witnessed such generosity throughout our region this past year<\/strong>\u00a0and it fills our hearts with gratitude. We are in awe of your compassion and commitment to our community and cannot thank you enough for all you are doing to create lasting impact in our shared world.<\/p>\n<p class=\"already_translated\">We recall the\u00a0<strong>first grant made in 2022<\/strong>, which helped a local nonprofit purchase essential household items for\u00a0<strong>women, children, and family pets fleeing domestic violence situations<\/strong>\u00a0and needing a safe place to stay while permanent housing is secured.<\/p>\n<p class=\"already_translated\">This year, you have helped support those receiving care at\u00a0<strong>Mary Health of the Sick Convalescent and Nursing Hospital<\/strong>, and you\u2019ve awarded\u00a0<strong>scholarships to hundreds of local students<\/strong>\u00a0pursuing their dreams of higher education and career training.<\/p>\n<p class=\"already_translated\">Together, you\u2019ve sponsored the wishes of children undergoing cancer treatment through grants made to\u00a0<strong>Make-A-Wish Tr\u00eas Condados<\/strong>, and you\u2019ve helped cover the costs of training at the\u00a0<strong>Funda\u00e7\u00e3o Nacional de C\u00e3es de Busca em Cat\u00e1strofes<\/strong>. You\u2019ve provided critical funding for\u00a0<strong>pancreatic cancer research<\/strong>\u00a0and have\u00a0<strong>helped local wildfire victims finally secure permanent housing<\/strong>\u00a0after experiencing devastation in the Thomas, Hill, and Woolsey wildfires.<\/p>\n<p class=\"already_translated\">Because of you, <strong>middle schoolers in Oxnard are attending science camp<\/strong>\u00a0for the first time and a\u00a0<strong>local high school is getting a new library<\/strong>. You have afforded\u00a0<strong>swimming lessons to low-income children<\/strong>\u00a0and have sponsored dozens of\u00a0<strong>arts and cultural experiences<\/strong>\u00a0throughout our ten-city region. Together, you\u2019ve underwritten the costs associated with\u00a0<strong>local wildfire risk reduction efforts<\/strong>\u00a0and have helped protect\u00a0<strong>monarch butterflies<\/strong>\u00a0from becoming extinct through a meaningful grant made to\u00a0<strong>Escuteiras da Costa Central da Calif\u00f3rnia<\/strong>\u2026the list goes on and on!<\/p>\n<p><img loading=\"lazy\" decoding=\"async\" class=\"wp-image-22698 size-medium alignleft\" src=\"https:\/\/vccf.org\/wp-content\/uploads\/2022\/12\/vccf12-5-22-lr-057-scaled-e1671487578720-300x294.jpg\" sizes=\"auto, (max-width: 485px) 100vw, 485px\" srcset=\"https:\/\/vccf.org\/wp-content\/uploads\/2022\/12\/vccf12-5-22-lr-057-scaled-e1671487578720.jpg 1296w, https:\/\/vccf.org\/wp-content\/uploads\/2022\/12\/vccf12-5-22-lr-057-scaled-e1671487578720-300x294.jpg 300w, https:\/\/vccf.org\/wp-content\/uploads\/2022\/12\/vccf12-5-22-lr-057-scaled-e1671487578720-1024x1005.jpg 1024w, https:\/\/vccf.org\/wp-content\/uploads\/2022\/12\/vccf12-5-22-lr-057-scaled-e1671487578720-768x754.jpg 768w, https:\/\/vccf.org\/wp-content\/uploads\/2022\/12\/vccf12-5-22-lr-057-scaled-e1671487578720-265x260.jpg 265w, https:\/\/vccf.org\/wp-content\/uploads\/2022\/12\/vccf12-5-22-lr-057-scaled-e1671487578720-782x768.jpg 782w, https:\/\/vccf.org\/wp-content\/uploads\/2022\/12\/vccf12-5-22-lr-057-scaled-e1671487578720-422x414.jpg 422w, https:\/\/vccf.org\/wp-content\/uploads\/2022\/12\/vccf12-5-22-lr-057-scaled-e1671487578720-1280x1256.jpg 1280w, https:\/\/vccf.org\/wp-content\/uploads\/2022\/12\/vccf12-5-22-lr-057-scaled-e1671487578720-414x406.jpg 414w\" alt=\"\" width=\"300\" height=\"294\" \/><\/p>\n<p>Collectively,\u00a0<strong>you have granted over $20 million this year\u00a0<\/strong>and your generosity continues, with your most recent grant signed this morning going to help the\u00a0<strong>Boys &amp; Girls Club of Camarillo\u2019s<\/strong>\u00a0capital expansion, a vital community program that serves up to 500 children per day.<\/p>\n<p class=\"already_translated\">Through it all, you continue to ask what else is needed and what more can be done. You fill us with hope and make our world brighter.<\/p>\n<p>From the bottom of our hearts,<br \/>Sean Leonard, Chair of the VCCF Board of Directors &amp; Vanessa Bechtel, VCCF President &amp; CEO<\/p>","protected":false},"excerpt":{"rendered":"<p>Dear Ventura County Community Foundation Family, We have witnessed such generosity throughout our region this past year\u00a0and it fills our hearts with gratitude. We are in awe of your compassion&hellip;<\/p>","protected":false},"author":3,"featured_media":17139,"comment_status":"closed","ping_status":"closed","sticky":false,"template":"","format":"standard","meta":{"_acf_changed":false,"give_campaign_id":0,"footnotes":""},"categories":[27],"tags":[],"class_list":["post-17137","post","type-post","status-publish","format-standard","has-post-thumbnail","hentry","category-blog-posts"],"acf":[],"_links":{"self":[{"href":"https:\/\/vccf.org\/pt\/wp-json\/wp\/v2\/posts\/17137","targetHints":{"allow":["GET"]}}],"collection":[{"href":"https:\/\/vccf.org\/pt\/wp-json\/wp\/v2\/posts"}],"about":[{"href":"https:\/\/vccf.org\/pt\/wp-json\/wp\/v2\/types\/post"}],"author":[{"embeddable":true,"href":"https:\/\/vccf.org\/pt\/wp-json\/wp\/v2\/users\/3"}],"replies":[{"embeddable":true,"href":"https:\/\/vccf.org\/pt\/wp-json\/wp\/v2\/comments?post=17137"}],"version-history":[{"count":0,"href":"https:\/\/vccf.org\/pt\/wp-json\/wp\/v2\/posts\/17137\/revisions"}],"wp:featuredmedia":[{"embeddable":true,"href":"https:\/\/vccf.org\/pt\/wp-json\/wp\/v2\/media\/17139"}],"wp:attachment":[{"href":"https:\/\/vccf.org\/pt\/wp-json\/wp\/v2\/media?parent=17137"}],"wp:term":[{"taxonomy":"category","embeddable":true,"href":"https:\/\/vccf.org\/pt\/wp-json\/wp\/v2\/categories?post=17137"},{"taxonomy":"post_tag","embeddable":true,"href":"https:\/\/vccf.org\/pt\/wp-json\/wp\/v2\/tags?post=17137"}],"curies":[{"name":"wp","href":"https:\/\/api.w.org\/{rel}","templated":true}]}}