{"id":18221,"date":"2023-06-08T10:38:29","date_gmt":"2023-06-08T17:38:29","guid":{"rendered":"https:\/\/vccflegacy.wpenginepowered.com\/?p=18221"},"modified":"2025-02-11T17:00:39","modified_gmt":"2025-02-12T01:00:39","slug":"vccfs-first-ever-legacy-magazine-out-now","status":"publish","type":"post","link":"https:\/\/vccf.org\/pt\/vccfs-first-ever-legacy-magazine-out-now\/","title":{"rendered":"A primeira revista de sempre da VCCF sobre o legado, j\u00e1 dispon\u00edvel!"},"content":{"rendered":"<p><\/p>\n<p class=\"already_translated\"><img loading=\"lazy\" decoding=\"async\" class=\"alignleft wp-image-18016\" src=\"https:\/\/vccf.org\/wp-content\/uploads\/2023\/05\/legacy-mag-cover.jpg\" alt=\"\" width=\"855\" height=\"1114\" srcset=\"https:\/\/vccf.org\/wp-content\/uploads\/2023\/05\/legacy-mag-cover.jpg 855w, https:\/\/vccf.org\/wp-content\/uploads\/2023\/05\/legacy-mag-cover-230x300.jpg 230w, https:\/\/vccf.org\/wp-content\/uploads\/2023\/05\/legacy-mag-cover-786x1024.jpg 786w, https:\/\/vccf.org\/wp-content\/uploads\/2023\/05\/legacy-mag-cover-768x1001.jpg 768w, https:\/\/vccf.org\/wp-content\/uploads\/2023\/05\/legacy-mag-cover-9x12.jpg 9w\" sizes=\"auto, (max-width: 855px) 100vw, 855px\" \/>A Funda\u00e7\u00e3o Comunit\u00e1ria do Condado de Ventura orgulha-se de lan\u00e7ar <a href=\"https:\/\/vccf.org\/SMPA_VCCF_5-24\/mobile\/index.html\">a nossa primeira revista de legado, \"Um Legado de Generosidade\".<\/a> Esta publica\u00e7\u00e3o de 42 p\u00e1ginas capta o esp\u00edrito e o cora\u00e7\u00e3o dos nossos doadores, membros da comunidade, benefici\u00e1rios de subs\u00eddios e l\u00edderes de organiza\u00e7\u00f5es sem fins lucrativos, \u00e0 medida que vivem os valores da VCCF de confian\u00e7a, transpar\u00eancia, compaix\u00e3o, equidade, tenacidade, excel\u00eancia e liga\u00e7\u00e3o aut\u00eantica.<\/p>\n<p class=\"already_translated\">\"Um Legado de Generosidade\" conta a hist\u00f3ria da sua funda\u00e7\u00e3o comunit\u00e1ria e o papel que ela desempenha nas hist\u00f3rias do Condado de Ventura atrav\u00e9s da sua consultoria filantr\u00f3pica e lideran\u00e7a comunit\u00e1ria. Convidamo-lo a ler esta carta de amor \u00e0 nossa comunidade, \u00e0 medida que levamos por diante a mensagem \"Somos Vecinos y Todos Contamos\" - somos\u00a0<em>todos<\/em>\u00a0vizinhos e n\u00f3s\u00a0<em>todos<\/em> contar! Esta revista apresenta 17 entrevistas comoventes e belas fotografias da nossa comunidade e dos seus membros inspiradores.<\/p>\n<p>Esta revista inclui tamb\u00e9m uma <a href=\"https:\/\/vccf.org\/SMPA_VCCF_financial_insert\/mobile\/index.html\">relat\u00f3rio financeiro de acompanhamento da revista para 2023, que pode ser lido aqui<\/a>.<\/p>\n<p>Estamos muito gratos pelo trabalho da Stacy Miller Public Affairs, uma empresa local de rela\u00e7\u00f5es p\u00fablicas, que trabalhou incansavelmente para elaborar esta publica\u00e7\u00e3o espetacular.<\/p>","protected":false},"excerpt":{"rendered":"<p>The Ventura County Community Foundation is proud to release our first-ever legacy magazine, \u201cA Legacy of Generosity.\u201d This 42-page publication captures the spirit and heart of our donors, community members,&hellip;<\/p>","protected":false},"author":5,"featured_media":18054,"comment_status":"closed","ping_status":"closed","sticky":false,"template":"","format":"standard","meta":{"_acf_changed":false,"give_campaign_id":0,"footnotes":""},"categories":[27],"tags":[],"class_list":["post-18221","post","type-post","status-publish","format-standard","has-post-thumbnail","hentry","category-blog-posts"],"acf":[],"_links":{"self":[{"href":"https:\/\/vccf.org\/pt\/wp-json\/wp\/v2\/posts\/18221","targetHints":{"allow":["GET"]}}],"collection":[{"href":"https:\/\/vccf.org\/pt\/wp-json\/wp\/v2\/posts"}],"about":[{"href":"https:\/\/vccf.org\/pt\/wp-json\/wp\/v2\/types\/post"}],"author":[{"embeddable":true,"href":"https:\/\/vccf.org\/pt\/wp-json\/wp\/v2\/users\/5"}],"replies":[{"embeddable":true,"href":"https:\/\/vccf.org\/pt\/wp-json\/wp\/v2\/comments?post=18221"}],"version-history":[{"count":0,"href":"https:\/\/vccf.org\/pt\/wp-json\/wp\/v2\/posts\/18221\/revisions"}],"wp:featuredmedia":[{"embeddable":true,"href":"https:\/\/vccf.org\/pt\/wp-json\/wp\/v2\/media\/18054"}],"wp:attachment":[{"href":"https:\/\/vccf.org\/pt\/wp-json\/wp\/v2\/media?parent=18221"}],"wp:term":[{"taxonomy":"category","embeddable":true,"href":"https:\/\/vccf.org\/pt\/wp-json\/wp\/v2\/categories?post=18221"},{"taxonomy":"post_tag","embeddable":true,"href":"https:\/\/vccf.org\/pt\/wp-json\/wp\/v2\/tags?post=18221"}],"curies":[{"name":"wp","href":"https:\/\/api.w.org\/{rel}","templated":true}]}}