{"id":19308,"date":"2023-09-25T14:22:43","date_gmt":"2023-09-25T21:22:43","guid":{"rendered":"https:\/\/vccf.org\/?p=19308"},"modified":"2025-03-04T00:41:58","modified_gmt":"2025-03-04T08:41:58","slug":"vccf-power-of-purpose-newsletter-september-22-2023","status":"publish","type":"post","link":"https:\/\/vccf.org\/pt\/vccf-power-of-purpose-newsletter-september-22-2023\/","title":{"rendered":"Boletim informativo do Poder da Finalidade da FCV - 22 de setembro de 2023"},"content":{"rendered":"<p><img loading=\"lazy\" decoding=\"async\" class=\"alignnone size-full wp-image-14303 aligncenter\" src=\"https:\/\/vccf.org\/wp-content\/uploads\/2021\/12\/0ea2f070-926c-4b9e-fc28-bf93f02f9fe2.png\" alt=\"\" width=\"600\" height=\"301\" srcset=\"https:\/\/vccf.org\/wp-content\/uploads\/2021\/12\/0ea2f070-926c-4b9e-fc28-bf93f02f9fe2.png 600w, https:\/\/vccf.org\/wp-content\/uploads\/2021\/12\/0ea2f070-926c-4b9e-fc28-bf93f02f9fe2-300x151.png 300w, https:\/\/vccf.org\/wp-content\/uploads\/2021\/12\/0ea2f070-926c-4b9e-fc28-bf93f02f9fe2-18x9.png 18w\" sizes=\"auto, (max-width: 600px) 100vw, 600px\" \/>Cara fam\u00edlia da Funda\u00e7\u00e3o Comunit\u00e1ria do Condado de Ventura,<\/p>\n<p>This month we remember all those who were taken from us that terrible morning of September 11, 2001. We also remember the courage and bravery demonstrated by thousands of volunteers and first responders.<\/p>\n<p>I\u2019ll personally never forget reading that more than <strong>57,000 Red Crossers<\/strong> from across the country served more than <strong>14 million meals and snacks<\/strong>, opened <strong>dozens of shelters<\/strong> for people who were left stranded, and <strong>connected some 374,000 times with people<\/strong> to provide emotional support and health services.<\/p>\n<p>Over several years, <strong>billions of dollars were contributed<\/strong> to fund massive relief and recovery efforts, helping tens of thousands of families impacted by the terrorist attacks and our nation as it worked to rebuild. The solidarity felt around the world was so palpable that it still moves me to tears.<\/p>\n<p>What we witnessed together was the enduring power of hope. A few years ago, as we responded to local disasters, I memorized one of the most beautiful and beloved poems by Emily Dickenson, \u201c<strong>Hope is the thing with feathers<\/strong>.\u201d I repeat it quite often as it helps remind me that hope persists, regardless of the circumstances. It is a force of impressive power and something that each of you, through your acts of courage and generosity, continues to bring to our shared world.<\/p>\n<p>Em solidariedade,<\/p>\n<p>Vanessa<\/p>\n<p><em>Vanessa Bechtel, Presidente e Diretora Executiva da VCCF<\/em><\/p>\n<h1 style=\"text-align: center;\"><strong>VCCF Board of Directors Approves $1,202,763.61 in Grants<\/strong><\/h1>\n<p><img loading=\"lazy\" decoding=\"async\" class=\"size-full wp-image-19310 alignright\" src=\"https:\/\/vccf.org\/wp-content\/uploads\/2023\/09\/1.png\" alt=\"A student in a graduation cap and gown smiles forward among other students\" width=\"300\" height=\"300\" srcset=\"https:\/\/vccf.org\/wp-content\/uploads\/2023\/09\/1.png 300w, https:\/\/vccf.org\/wp-content\/uploads\/2023\/09\/1-150x150.png 150w, https:\/\/vccf.org\/wp-content\/uploads\/2023\/09\/1-12x12.png 12w\" sizes=\"auto, (max-width: 300px) 100vw, 300px\" \/><img loading=\"lazy\" decoding=\"async\" class=\"aligncenter wp-image-19309 size-full\" src=\"https:\/\/vccf.org\/wp-content\/uploads\/2023\/09\/2.png\" alt=\"An emergency responder calmly treats a patient in an ambulance\" width=\"300\" height=\"300\" srcset=\"https:\/\/vccf.org\/wp-content\/uploads\/2023\/09\/2.png 300w, https:\/\/vccf.org\/wp-content\/uploads\/2023\/09\/2-150x150.png 150w, https:\/\/vccf.org\/wp-content\/uploads\/2023\/09\/2-12x12.png 12w\" sizes=\"auto, (max-width: 300px) 100vw, 300px\" \/><img loading=\"lazy\" decoding=\"async\" class=\"size-full wp-image-19311 alignleft\" src=\"https:\/\/vccf.org\/wp-content\/uploads\/2023\/09\/3.png\" alt=\"The exterior of the Ventura County Medical Center\" width=\"300\" height=\"300\" srcset=\"https:\/\/vccf.org\/wp-content\/uploads\/2023\/09\/3.png 300w, https:\/\/vccf.org\/wp-content\/uploads\/2023\/09\/3-150x150.png 150w, https:\/\/vccf.org\/wp-content\/uploads\/2023\/09\/3-12x12.png 12w\" sizes=\"auto, (max-width: 300px) 100vw, 300px\" \/>On September 18, <strong>VCCF\u2019s Board of Directors was honored to approve over $1 million in grants to our community<\/strong>. Grants ranged from supporting the health and wellness of first responders, to closing the achievement gap for almost 180 first generation high school students, to helping fund the first inpatient addiction withdrawal unit in Ventura County. Board Chair Sean Leonard stated, \u201cOur donors\u2019 generosity touches every corner of our community. The difference being made each and every day is life-changing, and we are so grateful.\u201d<\/p>\n<p>Organizations supported include Buen Vecino, Swap Meet Justice, Health Care Foundation for Ventura County, and support of the Maui Strong Fund, in addition to <strong>more than 50 other nonprofit organizations<\/strong>.Learn More &amp; Register<img loading=\"lazy\" decoding=\"async\" class=\"aligncenter wp-image-19312\" src=\"https:\/\/vccf.org\/wp-content\/uploads\/2023\/09\/feast-or-flop.png\" alt=\"Feast or Flop - Vintage recipes meet modern chefs\" width=\"650\" height=\"365\" srcset=\"https:\/\/vccf.org\/wp-content\/uploads\/2023\/09\/feast-or-flop.png 1060w, https:\/\/vccf.org\/wp-content\/uploads\/2023\/09\/feast-or-flop-300x168.png 300w, https:\/\/vccf.org\/wp-content\/uploads\/2023\/09\/feast-or-flop-1024x575.png 1024w, https:\/\/vccf.org\/wp-content\/uploads\/2023\/09\/feast-or-flop-768x431.png 768w, https:\/\/vccf.org\/wp-content\/uploads\/2023\/09\/feast-or-flop-18x10.png 18w\" sizes=\"auto, (max-width: 650px) 100vw, 650px\" \/><\/p>\n<p>\"<strong>Feast or Flop<\/strong>\u201d is an <strong>engaging online cooking show <\/strong>that combines the culinary world with the treasures of the Museum of Ventura County\u2019s archives. Each episode takes viewers on a journey through our county\u2019s history as MVC Collections Manager Renee Tallent uncovers recipes that have been tucked away for years. Working with regional chefs, Renee attempts to recreate these dishes to see if they are a delicious Feast or a disastrous Flop.Watch the Trailer<\/p>\n<h1 style=\"text-align: center;\"><strong>Logix Donates Food to Manna<\/strong><\/h1>\n<p><strong><img loading=\"lazy\" decoding=\"async\" class=\"alignleft wp-image-22713 size-medium\" src=\"https:\/\/vccf.org\/wp-content\/uploads\/2025\/03\/outside-pic_manna_07_28_23-scaled-1-300x226.jpg\" alt=\"\" width=\"300\" height=\"226\" srcset=\"https:\/\/vccf.org\/wp-content\/uploads\/2025\/03\/outside-pic_manna_07_28_23-scaled-1-300x226.jpg 300w, https:\/\/vccf.org\/wp-content\/uploads\/2025\/03\/outside-pic_manna_07_28_23-scaled-1-1024x771.jpg 1024w, https:\/\/vccf.org\/wp-content\/uploads\/2025\/03\/outside-pic_manna_07_28_23-scaled-1-768x578.jpg 768w, https:\/\/vccf.org\/wp-content\/uploads\/2025\/03\/outside-pic_manna_07_28_23-scaled-1-1536x1157.jpg 1536w, https:\/\/vccf.org\/wp-content\/uploads\/2025\/03\/outside-pic_manna_07_28_23-scaled-1-16x12.jpg 16w, https:\/\/vccf.org\/wp-content\/uploads\/2025\/03\/outside-pic_manna_07_28_23-scaled-1.jpg 1920w\" sizes=\"auto, (max-width: 300px) 100vw, 300px\" \/>Logix Federal Credit Union recently delivered 300 pounds of food to Manna Conejo Valley Food Bank<\/strong> after a month-long food and donation drive with LFCU&#8217;s three branches. With an additional $1,000 contribution, Manna will be able to continue serving residents at their new location, who can take anything they need in their safe, shop-like setting that provides a sense of dignity and respect for community members experiencing food insecurity.<\/p>\n<h1 style=\"text-align: center;\"><strong>O poder da comunidade<\/strong><\/h1>\n<h2 style=\"text-align: center;\"><strong>Boas not\u00edcias da vossa comunidade de Ventura<\/strong><\/h2>\n<p><img loading=\"lazy\" decoding=\"async\" class=\"size-full wp-image-18725 aligncenter\" src=\"https:\/\/vccf.org\/wp-content\/uploads\/2023\/08\/power-of-community-1.png\" alt=\"\" width=\"820\" height=\"312\" srcset=\"https:\/\/vccf.org\/wp-content\/uploads\/2023\/08\/power-of-community-1.png 820w, https:\/\/vccf.org\/wp-content\/uploads\/2023\/08\/power-of-community-1-300x114.png 300w, https:\/\/vccf.org\/wp-content\/uploads\/2023\/08\/power-of-community-1-768x292.png 768w, https:\/\/vccf.org\/wp-content\/uploads\/2023\/08\/power-of-community-1-18x7.png 18w\" sizes=\"auto, (max-width: 820px) 100vw, 820px\" \/><\/p>\n<h2 style=\"text-align: center;\"><strong>tlali\u2022pani<\/strong><\/h2>\n<p><img loading=\"lazy\" decoding=\"async\" class=\"wp-image-19314 alignleft\" src=\"https:\/\/vccf.org\/wp-content\/uploads\/2023\/09\/tlali-pani-newsletter-graphic.png\" alt=\"A woman admires blue hand-dyed fibers while standing before the Oaxacan craftswoman\" width=\"450\" height=\"300\" srcset=\"https:\/\/vccf.org\/wp-content\/uploads\/2023\/09\/tlali-pani-newsletter-graphic.png 1000w, https:\/\/vccf.org\/wp-content\/uploads\/2023\/09\/tlali-pani-newsletter-graphic-300x200.png 300w, https:\/\/vccf.org\/wp-content\/uploads\/2023\/09\/tlali-pani-newsletter-graphic-768x512.png 768w, https:\/\/vccf.org\/wp-content\/uploads\/2023\/09\/tlali-pani-newsletter-graphic-18x12.png 18w\" sizes=\"auto, (max-width: 450px) 100vw, 450px\" \/><\/p>\n<p><strong>tlali\u2022pani is a women-led social enterprise<\/strong> on a mission to share a lifestyle that is conscious, beautiful and delicious rooted in respect for others, the environment and a commitment to economic empowerment, specifically women.<\/p>\n<p>Currently, <strong>tlali\u2022pani partners with women artisans and entrepreneurs to create premium quality, handcrafted goods<\/strong> including single origin artisanal chocolate and cacao as well as handwoven textiles from Oaxaca, Mexico.<\/p>\n<p>As they continue to expand their offerings and line-up of global women artisans and entrepreneurs, <strong>they are looking for partners and supporters<\/strong> who can join them on this journey of empowering women creatives, so visit their website below to see how you can get involved.<\/p>","protected":false},"excerpt":{"rendered":"<p>Querida Fam\u00edlia da Funda\u00e7\u00e3o Comunit\u00e1ria do Condado de Ventura, Este m\u00eas recordamos todos aqueles que nos foram tirados naquela terr\u00edvel manh\u00e3 de 11 de setembro de 2001. Recordamos tamb\u00e9m a coragem e...<\/p>","protected":false},"author":3,"featured_media":19313,"comment_status":"closed","ping_status":"closed","sticky":false,"template":"","format":"standard","meta":{"_acf_changed":false,"give_campaign_id":0,"footnotes":""},"categories":[24],"tags":[],"class_list":["post-19308","post","type-post","status-publish","format-standard","has-post-thumbnail","hentry","category-newsletters"],"acf":[],"_links":{"self":[{"href":"https:\/\/vccf.org\/pt\/wp-json\/wp\/v2\/posts\/19308","targetHints":{"allow":["GET"]}}],"collection":[{"href":"https:\/\/vccf.org\/pt\/wp-json\/wp\/v2\/posts"}],"about":[{"href":"https:\/\/vccf.org\/pt\/wp-json\/wp\/v2\/types\/post"}],"author":[{"embeddable":true,"href":"https:\/\/vccf.org\/pt\/wp-json\/wp\/v2\/users\/3"}],"replies":[{"embeddable":true,"href":"https:\/\/vccf.org\/pt\/wp-json\/wp\/v2\/comments?post=19308"}],"version-history":[{"count":0,"href":"https:\/\/vccf.org\/pt\/wp-json\/wp\/v2\/posts\/19308\/revisions"}],"wp:featuredmedia":[{"embeddable":true,"href":"https:\/\/vccf.org\/pt\/wp-json\/wp\/v2\/media\/19313"}],"wp:attachment":[{"href":"https:\/\/vccf.org\/pt\/wp-json\/wp\/v2\/media?parent=19308"}],"wp:term":[{"taxonomy":"category","embeddable":true,"href":"https:\/\/vccf.org\/pt\/wp-json\/wp\/v2\/categories?post=19308"},{"taxonomy":"post_tag","embeddable":true,"href":"https:\/\/vccf.org\/pt\/wp-json\/wp\/v2\/tags?post=19308"}],"curies":[{"name":"wp","href":"https:\/\/api.w.org\/{rel}","templated":true}]}}