{"id":19457,"date":"2023-10-18T10:27:19","date_gmt":"2023-10-18T17:27:19","guid":{"rendered":"https:\/\/vccflegacy.wpenginepowered.com\/?p=19457"},"modified":"2026-02-26T10:47:27","modified_gmt":"2026-02-26T18:47:27","slug":"pacific-coast-business-times-releases-emergency-preparedness-presented-by-vccf","status":"publish","type":"post","link":"https:\/\/vccf.org\/pt\/pacific-coast-business-times-releases-emergency-preparedness-presented-by-vccf\/","title":{"rendered":"Pacific Coast Business Times lan\u00e7a \"Emergency Preparedness,\" apresentado pela VCCF"},"content":{"rendered":"<div class=\"wp-block-image\">\n<figure class=\"alignleft size-large is-resized\"><img loading=\"lazy\" decoding=\"async\" width=\"751\" height=\"1024\" src=\"https:\/\/vccf.org\/wp-content\/uploads\/2023\/10\/24.31-emergency-prep-b-v3-cover-scaled-1-751x1024.jpg\" alt=\"The cover of the &quot;Emergency Preparedness&quot; guide\" class=\"wp-image-19459\" style=\"width:259px;height:auto\" srcset=\"https:\/\/vccf.org\/wp-content\/uploads\/2023\/10\/24.31-emergency-prep-b-v3-cover-scaled-1-751x1024.jpg 751w, https:\/\/vccf.org\/wp-content\/uploads\/2023\/10\/24.31-emergency-prep-b-v3-cover-scaled-1-220x300.jpg 220w, https:\/\/vccf.org\/wp-content\/uploads\/2023\/10\/24.31-emergency-prep-b-v3-cover-scaled-1-768x1048.jpg 768w, https:\/\/vccf.org\/wp-content\/uploads\/2023\/10\/24.31-emergency-prep-b-v3-cover-scaled-1-1126x1536.jpg 1126w, https:\/\/vccf.org\/wp-content\/uploads\/2023\/10\/24.31-emergency-prep-b-v3-cover-scaled-1-9x12.jpg 9w, https:\/\/vccf.org\/wp-content\/uploads\/2023\/10\/24.31-emergency-prep-b-v3-cover-scaled-1.jpg 1173w\" sizes=\"auto, (max-width: 751px) 100vw, 751px\" \/><\/figure>\n<\/div>\n\n\n<p>O Pacific Coast Business Times publicou recentemente \"Emergency Preparedness: Um guia para pequenas empresas e organiza\u00e7\u00f5es sem fins lucrativos da Costa Central\". <strong><a href=\"https:\/\/www.pacbiztimes.com\/emergency-preparedness\/\" target=\"_blank\" rel=\"noopener\">que est\u00e1 dispon\u00edvel para leitura aqui.<\/a><\/strong><\/p>\n\n\n\n<p><strong>SOBRE ESTE RELAT\u00d3RIO ESPECIAL<\/strong><\/p>\n\n\n\n<p>Este guia foi concebido para ajudar as pequenas empresas e as organiza\u00e7\u00f5es sem fins lucrativos a prepararem-se para as cat\u00e1strofes naturais e a estarem conscientes do que \u00e9 prov\u00e1vel que aconte\u00e7a \u00e0 medida que uma emerg\u00eancia se desenrola e a compreenderem as fases que acabar\u00e3o por conduzir \u00e0 recupera\u00e7\u00e3o para todos.<\/p>\n\n\n\n<p>Este relat\u00f3rio foi elaborado e concebido pela artista gr\u00e1fica Courtney Abercrombie com a ajuda adicional do co-editor Jorge Mercado, que procurou informa\u00e7\u00f5es em v\u00e1rias fontes estatais e federais.<\/p>\n\n\n\n<p>Este relat\u00f3rio tamb\u00e9m contou com a ajuda do especialista em prepara\u00e7\u00e3o para emerg\u00eancias David Fukutomi e com o apoio substancial da Ventura County Community Foundation.<\/p>\n\n\n\n<p>Os patrocinadores adicionais incluem a VCCF, EDC, Assured Partners e o parceiro publicit\u00e1rio The Port of Hueneme. Foi compilado a partir de uma variedade de fontes, documentos p\u00fablicos, s\u00edtios Web e material publicado.<\/p>","protected":false},"excerpt":{"rendered":"<p>O Pacific Coast Business Times publicou recentemente o documento \"Emergency Preparedness: Um guia para pequenas empresas e organiza\u00e7\u00f5es sem fins lucrativos da Costa Central\", que est\u00e1 dispon\u00edvel para leitura aqui. SOBRE ESTE RELAT\u00d3RIO ESPECIAL Este guia...<\/p>","protected":false},"author":5,"featured_media":19459,"comment_status":"closed","ping_status":"closed","sticky":false,"template":"","format":"standard","meta":{"_acf_changed":false,"give_campaign_id":0,"footnotes":""},"categories":[22],"tags":[],"class_list":["post-19457","post","type-post","status-publish","format-standard","has-post-thumbnail","hentry","category-latest-coverage"],"acf":[],"_links":{"self":[{"href":"https:\/\/vccf.org\/pt\/wp-json\/wp\/v2\/posts\/19457","targetHints":{"allow":["GET"]}}],"collection":[{"href":"https:\/\/vccf.org\/pt\/wp-json\/wp\/v2\/posts"}],"about":[{"href":"https:\/\/vccf.org\/pt\/wp-json\/wp\/v2\/types\/post"}],"author":[{"embeddable":true,"href":"https:\/\/vccf.org\/pt\/wp-json\/wp\/v2\/users\/5"}],"replies":[{"embeddable":true,"href":"https:\/\/vccf.org\/pt\/wp-json\/wp\/v2\/comments?post=19457"}],"version-history":[{"count":0,"href":"https:\/\/vccf.org\/pt\/wp-json\/wp\/v2\/posts\/19457\/revisions"}],"wp:featuredmedia":[{"embeddable":true,"href":"https:\/\/vccf.org\/pt\/wp-json\/wp\/v2\/media\/19459"}],"wp:attachment":[{"href":"https:\/\/vccf.org\/pt\/wp-json\/wp\/v2\/media?parent=19457"}],"wp:term":[{"taxonomy":"category","embeddable":true,"href":"https:\/\/vccf.org\/pt\/wp-json\/wp\/v2\/categories?post=19457"},{"taxonomy":"post_tag","embeddable":true,"href":"https:\/\/vccf.org\/pt\/wp-json\/wp\/v2\/tags?post=19457"}],"curies":[{"name":"wp","href":"https:\/\/api.w.org\/{rel}","templated":true}]}}