{"id":20785,"date":"2024-04-01T16:34:18","date_gmt":"2024-04-01T23:34:18","guid":{"rendered":"https:\/\/vccflegacy.wpenginepowered.com\/?p=20785"},"modified":"2026-02-25T12:01:57","modified_gmt":"2026-02-25T20:01:57","slug":"tequio-program-raises-50000-in-scholarships-for-indigenous-students","status":"publish","type":"post","link":"https:\/\/vccf.org\/pt\/tequio-program-raises-50000-in-scholarships-for-indigenous-students\/","title":{"rendered":"Programa Tequio arrecada $50.000 em bolsas de estudo para estudantes ind\u00edgenas"},"content":{"rendered":"<div class=\"wp-block-image\">\n<figure class=\"alignleft size-large is-resized\"><img loading=\"lazy\" decoding=\"async\" width=\"1024\" height=\"683\" src=\"https:\/\/vccf.org\/wp-content\/uploads\/2024\/04\/micop-tequio-scaled-1-1024x683.jpg\" alt=\"\" class=\"wp-image-20787\" style=\"width:461px;height:auto\" srcset=\"https:\/\/vccf.org\/wp-content\/uploads\/2024\/04\/micop-tequio-scaled-1-1024x683.jpg 1024w, https:\/\/vccf.org\/wp-content\/uploads\/2024\/04\/micop-tequio-scaled-1-300x200.jpg 300w, https:\/\/vccf.org\/wp-content\/uploads\/2024\/04\/micop-tequio-scaled-1-768x512.jpg 768w, https:\/\/vccf.org\/wp-content\/uploads\/2024\/04\/micop-tequio-scaled-1-1536x1024.jpg 1536w, https:\/\/vccf.org\/wp-content\/uploads\/2024\/04\/micop-tequio-scaled-1-18x12.jpg 18w, https:\/\/vccf.org\/wp-content\/uploads\/2024\/04\/micop-tequio-scaled-1.jpg 1920w\" sizes=\"auto, (max-width: 1024px) 100vw, 1024px\" \/><\/figure>\n<\/div>\n\n\n<p>O programa Tequio do Projeto Ind\u00edgena Mixteco realizou o evento anual \"Tequio Rising\", onde revelaram que angariaram mais de 50 mil d\u00f3lares em fundos para bolsas de estudo para estudantes ind\u00edgenas. Durante o evento, foi revelado que os estudantes ind\u00edgenas do Condado de Santa Maria e de San Luis Obispo tamb\u00e9m poder\u00e3o candidatar-se a esta bolsa, juntando-se aos do Condado de Ventura, que inicialmente eram os \u00fanicos que se qualificavam para esta bolsa.<\/p>\n\n\n\n<p>A bolsa Tequio \u00e9 um recurso para a comunidade ind\u00edgena migrante. Isto torna-a especial porque foi concebida para ajudar e capacitar uma comunidade que normalmente se debate com problemas financeiros, como \u00e9 o caso da comunidade ind\u00edgena migrante. A bolsa Tequio \u00e9 tamb\u00e9m um recurso \u00fanico, uma vez que est\u00e1 aberta a estudantes sem documentos.<\/p>\n\n\n\n<p>O evento contou com a presen\u00e7a de oradores que j\u00e1 receberam bolsas de estudo no passado, tais como<\/p>\n\n\n\n<p>Mar\u00eda L\u00f3pez, que referiu: \"Voltar para casa \u00e9 uma experi\u00eancia linda. Reencontrar os jovens de Tequio e testemunhar o crescimento do programa enche-me de gratifica\u00e7\u00e3o. \"Espero que mais jovens reconhe\u00e7am o valor deste programa, pois ele oferece um raro senso de fam\u00edlia fora de casa.\"<\/p>\n\n\n\n<p>L\u00f3pez tamb\u00e9m comentou como a bolsa Tequio a ajudou na faculdade e como a faculdade a mudou como pessoa e coment\u00e1rios:<\/p>\n\n\n\n<p>\"O meu tempo na universidade equipou-me com novas experi\u00eancias e li\u00e7\u00f5es que partilho com entusiasmo para inspirar outros no seu percurso educativo. \"A resili\u00eancia e a determina\u00e7\u00e3o dos actuais e antigos jovens de Tequio d\u00e3o-me esperan\u00e7a num futuro melhor.\"<\/p>\n\n\n\n<p>O evento tamb\u00e9m trouxe v\u00e1rios agradecimentos aos patrocinadores do evento, que foram: Edison International, Ventura County Community Foundation, Montecito Bank e The Santa Barbara County Behavioral Wellness, para citar alguns.<\/p>\n\n\n\n<p>O Tequio foi fundado em 2010 atrav\u00e9s de conversas entre membros e l\u00edderes da comunidade. Nessas conversas, os l\u00edderes comunit\u00e1rios decidiram agir sobre as barreiras sist\u00e9micas, lingu\u00edsticas e sociais que impedem os jovens ind\u00edgenas de se destacarem nos espa\u00e7os escolares. Foi assim que \"Tequio\" foi fundado para ajudar financeiramente jovens migrantes ind\u00edgenas para que possam realizar seus sonhos de ter uma educa\u00e7\u00e3o universit\u00e1ria.<\/p>\n\n\n\n<p>Para Tequio, o mais importante \u00e9 a acessibilidade aos recursos essenciais para ser bem-sucedido e, com isso, eles aguardam ansiosamente as candidaturas para esta bolsa de jovens ind\u00edgenas dos condados de Ventura, Santa Mar\u00eda e San Luis Obispo.<\/p>\n\n\n\n<p><em><a href=\"https:\/\/mixteco.org\/tequio-program-raises-50000-in-scholarships-for-indigenous-students\/\" target=\"_blank\" rel=\"noopener\">Este artigo foi originalmente publicado pelo MICOP.<\/a><\/em><\/p>","protected":false},"excerpt":{"rendered":"<p>O programa Tequio do Projeto Ind\u00edgena Mixteco realizou o evento anual \"Tequio Rising\", onde revelaram que angariaram mais de 50 mil d\u00f3lares em fundos para bolsas de estudo para...<\/p>","protected":false},"author":5,"featured_media":20787,"comment_status":"closed","ping_status":"closed","sticky":false,"template":"","format":"standard","meta":{"_acf_changed":false,"give_campaign_id":0,"footnotes":""},"categories":[22],"tags":[],"class_list":["post-20785","post","type-post","status-publish","format-standard","has-post-thumbnail","hentry","category-latest-coverage"],"acf":[],"_links":{"self":[{"href":"https:\/\/vccf.org\/pt\/wp-json\/wp\/v2\/posts\/20785","targetHints":{"allow":["GET"]}}],"collection":[{"href":"https:\/\/vccf.org\/pt\/wp-json\/wp\/v2\/posts"}],"about":[{"href":"https:\/\/vccf.org\/pt\/wp-json\/wp\/v2\/types\/post"}],"author":[{"embeddable":true,"href":"https:\/\/vccf.org\/pt\/wp-json\/wp\/v2\/users\/5"}],"replies":[{"embeddable":true,"href":"https:\/\/vccf.org\/pt\/wp-json\/wp\/v2\/comments?post=20785"}],"version-history":[{"count":0,"href":"https:\/\/vccf.org\/pt\/wp-json\/wp\/v2\/posts\/20785\/revisions"}],"wp:featuredmedia":[{"embeddable":true,"href":"https:\/\/vccf.org\/pt\/wp-json\/wp\/v2\/media\/20787"}],"wp:attachment":[{"href":"https:\/\/vccf.org\/pt\/wp-json\/wp\/v2\/media?parent=20785"}],"wp:term":[{"taxonomy":"category","embeddable":true,"href":"https:\/\/vccf.org\/pt\/wp-json\/wp\/v2\/categories?post=20785"},{"taxonomy":"post_tag","embeddable":true,"href":"https:\/\/vccf.org\/pt\/wp-json\/wp\/v2\/tags?post=20785"}],"curies":[{"name":"wp","href":"https:\/\/api.w.org\/{rel}","templated":true}]}}