{"id":22554,"date":"2025-02-18T10:27:08","date_gmt":"2025-02-18T18:27:08","guid":{"rendered":"https:\/\/vccf.org\/?p=22554"},"modified":"2025-02-18T10:27:25","modified_gmt":"2025-02-18T18:27:25","slug":"meet-roshin-mathew-vccfs-director-of-strategic-initiatives","status":"publish","type":"post","link":"https:\/\/vccf.org\/pt\/meet-roshin-mathew-vccfs-director-of-strategic-initiatives\/","title":{"rendered":"Conhe\u00e7a Roshin Mathew, Diretora de Iniciativas Estrat\u00e9gicas da VCCF"},"content":{"rendered":"<div class=\"wp-block-image\">\n<figure class=\"alignleft size-full is-resized\"><img loading=\"lazy\" decoding=\"async\" width=\"533\" height=\"768\" src=\"https:\/\/vccf.org\/wp-content\/uploads\/2025\/02\/Roshin_081.jpg\" alt=\"\" class=\"wp-image-22555\" style=\"width:365px;height:auto\" srcset=\"https:\/\/vccf.org\/wp-content\/uploads\/2025\/02\/Roshin_081.jpg 533w, https:\/\/vccf.org\/wp-content\/uploads\/2025\/02\/Roshin_081-208x300.jpg 208w, https:\/\/vccf.org\/wp-content\/uploads\/2025\/02\/Roshin_081-8x12.jpg 8w\" sizes=\"auto, (max-width: 533px) 100vw, 533px\" \/><\/figure>\n<\/div>\n\n\n<p>\u00c9 com grande entusiasmo que apresentamos ao Comit\u00e9 Diretivo do Projeto Isabella Roshin Mathew, Diretora de Iniciativas Estrat\u00e9gicas da VCCF. Como um dos mais recentes membros da equipa da funda\u00e7\u00e3o, ela ir\u00e1 trabalhar em estreita colabora\u00e7\u00e3o com o comit\u00e9 e juntar-se \u00e0 nossa miss\u00e3o de garantir que todas as crian\u00e7as de Santa Paula - e n\u00e3o s\u00f3 - tenham acesso a cuidados e educa\u00e7\u00e3o de alta qualidade, a tempo inteiro, que satisfa\u00e7am as necessidades das fam\u00edlias! Convidamo-lo a saber mais sobre ela, lendo a entrevista abaixo.<\/p>\n\n\n\n<p><strong>Fale-nos um pouco de si e de como se juntou \u00e0 equipa do Projeto Isabella.<\/strong>&nbsp;<\/p>\n\n\n\n<p>A minha convic\u00e7\u00e3o orientadora \u00e9 que todas as pessoas devem ter acesso igual e equitativo a recursos e oportunidades, e os meus valores pessoais s\u00e3o a curiosidade, a criatividade, a compaix\u00e3o, a autenticidade, o equil\u00edbrio, a sa\u00fade e a inten\u00e7\u00e3o. Gosto da forma como os meus valores ressoam e complementam os valores da VCCF, que s\u00e3o a confian\u00e7a, a transpar\u00eancia, a compaix\u00e3o, a equidade, a tenacidade, a excel\u00eancia e a liga\u00e7\u00e3o aut\u00eantica. Com este alinhamento, sabia que iria gostar de trabalhar na VCCF, por isso, quando a Vanessa me pediu para considerar a possibilidade de me candidatar ao cargo de Diretor de Iniciativas Estrat\u00e9gicas na funda\u00e7\u00e3o, agarrei logo a oportunidade.<\/p>\n\n\n\n<p>Gosto especialmente do facto de o Projeto Isabella ser uma das iniciativas-chave da VCCF, porque sinto que a educa\u00e7\u00e3o \u00e9 uma das grandes for\u00e7as para mudar os resultados de uma pessoa, de uma fam\u00edlia e de uma comunidade. Conhe\u00e7o pessoalmente o poder que a educa\u00e7\u00e3o teve na minha trajet\u00f3ria e na da minha fam\u00edlia.<\/p>\n\n\n\n<div style=\"height:10px\" aria-hidden=\"true\" class=\"wp-block-spacer\"><\/div>\n\n\n\n<p><strong>O que significa para si uma educa\u00e7\u00e3o infantil da mais alta qualidade?<\/strong>&nbsp;<\/p>\n\n\n\n<p>A educa\u00e7\u00e3o e os cuidados infantis de elevada qualidade s\u00e3o um ambiente estimulante que apoia o desenvolvimento f\u00edsico, social, emocional e intelectual da crian\u00e7a. Prepara as crian\u00e7as para a escola e ajuda-as a desenvolver compet\u00eancias que durar\u00e3o toda a vida. D\u00e1 aos pais paz de esp\u00edrito e \u00e0 sociedade uma base para construir um futuro. Honestamente, \u00e9 um dos investimentos mais esperan\u00e7osos que podemos fazer.<\/p>\n\n\n\n<div style=\"height:10px\" aria-hidden=\"true\" class=\"wp-block-spacer\"><\/div>\n\n\n\n<p><strong>Que tipo de talentos espera trazer para a mesa no seu trabalho com o Projeto Isabella?<\/strong>&nbsp;<\/p>\n\n\n\n<p>Reunir pessoas em comunidade significa muito para mim porque a minha fam\u00edlia \u00e9 grande e est\u00e1 cheia de tias, tios e primos. Enquanto crescia, havia sempre pelo menos mais um membro da fam\u00edlia a viver com a minha fam\u00edlia nuclear e, como um dos primos mais velhos, sempre fui um pouco o Flautista de Hamelin, o diretor de um cruzeiro e o capit\u00e3o de uma equipa de kickball, tudo junto num s\u00f3. O que \u00e9 uma forma longa de dizer que me sinto confort\u00e1vel em grupos grandes, complexos e alegres.<\/p>\n\n\n\n<p>A n\u00edvel profissional, dediquei mais de 15 anos da minha carreira \u00e0 comunica\u00e7\u00e3o estrat\u00e9gica e \u00e0 defesa de causas. Quer trabalhe em filantropia, trabalho, ensino superior ou organiza\u00e7\u00e3o comunit\u00e1ria, adoro pensar em ideias novas e arrojadas e reunir as pessoas em torno delas. Fora do trabalho, sou ceramista, corredora de longa dist\u00e2ncia, anfitri\u00e3 de jantares e abutre da cultura. O que significa que, em qualquer altura, estou coberta de barro, suor, farinha ou purpurina. Tamb\u00e9m sou muito apaixonada por r\u00e1dio p\u00fablica, bibliotecas p\u00fablicas e standup comedy. Nas minhas vidas passadas, trabalhei em todas estas \u00e1reas.<\/p>\n\n\n\n<div style=\"height:10px\" aria-hidden=\"true\" class=\"wp-block-spacer\"><\/div>\n\n\n\n<p><strong>O que \u00e9 que imagina como futuro para a ECE de alta qualidade em Santa Paula?<\/strong>&nbsp;<\/p>\n\n\n\n<p>Ao n\u00edvel mais fundamental, vejo o cumprimento da miss\u00e3o, que \u00e9 o acesso a 100% a cuidados e educa\u00e7\u00e3o infantil de alta qualidade para todas as crian\u00e7as de Santa Paula. Para al\u00e9m disso, parte da vis\u00e3o \u00e9 construir o sucesso do Projeto Isabella na comunidade de Santa Paula. Santa Paula ter\u00e1 o sucesso que foi forjado a partir das rela\u00e7\u00f5es e das aprendizagens que tiveram lugar em Santa Paula, para depois se transformar numa bola de neve para outras iniciativas e empreendimentos que a comunidade possa assumir. Os membros da comunidade ter\u00e3o mais conhecimentos e recursos para enfrentar os desafios que n\u00e3o podemos prever, mas que sabemos que est\u00e3o ao virar da esquina. O que aprendermos e fizermos agora ir\u00e1 impulsionar os futuros empreendimentos.<\/p>\n\n\n\n<p>Na mesma linha, vejo o \u00eaxito do Projeto Isabella como uma inspira\u00e7\u00e3o e um guia t\u00e1tico para outras comunidades do Condado de Ventura. Todas essas comunidades podem alcan\u00e7ar o que Santa Paula est\u00e1 a alcan\u00e7ar. Ter\u00e3o o benef\u00edcio de aprender com os nossos erros e vit\u00f3rias. E isso n\u00e3o termina no nosso munic\u00edpio.<\/p>\n\n\n\n<p>Penso que o resto do Estado e o resto do pa\u00eds, e muito possivelmente o resto do mundo, poderiam aprender com Santa Paula. Porque onde h\u00e1 crian\u00e7as e fam\u00edlias trabalhadoras, haver\u00e1 sempre uma necessidade de cuidados e educa\u00e7\u00e3o de alta qualidade para os nossos jovens.&nbsp;<\/p>\n\n\n\n<div style=\"height:10px\" aria-hidden=\"true\" class=\"wp-block-spacer\"><\/div>\n\n\n\n<p><strong>Se os membros da comiss\u00e3o quiserem entrar em contacto consigo, qual \u00e9 a melhor forma de o fazer?<\/strong>&nbsp;<\/p>\n\n\n\n<p>Estou presente em muitas reuni\u00f5es e encontros no Condado de Ventura; se me vir, venha ter comigo e apresente-se para conversarmos pessoalmente. Claro que o correio eletr\u00f3nico tamb\u00e9m \u00e9 muito eficaz e provavelmente a forma mais r\u00e1pida de me contactar. Envie-me uma mensagem para <a href=\"mailto:rmathew@vccf.org\">rmathew@vccf.org<\/a>.<\/p>","protected":false},"excerpt":{"rendered":"<p>We are thrilled to introduce the Isabella Project Steering Committee to Roshin Mathew, Director of Strategic Initiatives at VCCF. As one of the foundation\u2019s newest team members, she will be&hellip;<\/p>","protected":false},"author":8,"featured_media":22431,"comment_status":"closed","ping_status":"closed","sticky":false,"template":"","format":"standard","meta":{"_acf_changed":false,"give_campaign_id":0,"footnotes":""},"categories":[27],"tags":[],"class_list":["post-22554","post","type-post","status-publish","format-standard","has-post-thumbnail","hentry","category-blog-posts"],"acf":[],"_links":{"self":[{"href":"https:\/\/vccf.org\/pt\/wp-json\/wp\/v2\/posts\/22554","targetHints":{"allow":["GET"]}}],"collection":[{"href":"https:\/\/vccf.org\/pt\/wp-json\/wp\/v2\/posts"}],"about":[{"href":"https:\/\/vccf.org\/pt\/wp-json\/wp\/v2\/types\/post"}],"author":[{"embeddable":true,"href":"https:\/\/vccf.org\/pt\/wp-json\/wp\/v2\/users\/8"}],"replies":[{"embeddable":true,"href":"https:\/\/vccf.org\/pt\/wp-json\/wp\/v2\/comments?post=22554"}],"version-history":[{"count":0,"href":"https:\/\/vccf.org\/pt\/wp-json\/wp\/v2\/posts\/22554\/revisions"}],"wp:featuredmedia":[{"embeddable":true,"href":"https:\/\/vccf.org\/pt\/wp-json\/wp\/v2\/media\/22431"}],"wp:attachment":[{"href":"https:\/\/vccf.org\/pt\/wp-json\/wp\/v2\/media?parent=22554"}],"wp:term":[{"taxonomy":"category","embeddable":true,"href":"https:\/\/vccf.org\/pt\/wp-json\/wp\/v2\/categories?post=22554"},{"taxonomy":"post_tag","embeddable":true,"href":"https:\/\/vccf.org\/pt\/wp-json\/wp\/v2\/tags?post=22554"}],"curies":[{"name":"wp","href":"https:\/\/api.w.org\/{rel}","templated":true}]}}