{"id":22745,"date":"2025-03-05T15:16:49","date_gmt":"2025-03-05T23:16:49","guid":{"rendered":"https:\/\/vccf.org\/?p=22745"},"modified":"2025-03-10T11:55:51","modified_gmt":"2025-03-10T18:55:51","slug":"vccf-power-of-purpose-march-2025","status":"publish","type":"post","link":"https:\/\/vccf.org\/pt\/vccf-power-of-purpose-march-2025\/","title":{"rendered":"Poder do Prop\u00f3sito da VCCF - mar\u00e7o de 2025"},"content":{"rendered":"<div class=\"wp-block-image\">\n<figure class=\"aligncenter size-large\"><img loading=\"lazy\" decoding=\"async\" width=\"1024\" height=\"341\" src=\"https:\/\/vccf.org\/wp-content\/uploads\/2025\/03\/2024-Rebrand-Power-of-Purpose-Header-Final-2-1024x341.png\" alt=\"Power of Purpose - Growing Generosity in Ventura County\" class=\"wp-image-22747\" srcset=\"https:\/\/vccf.org\/wp-content\/uploads\/2025\/03\/2024-Rebrand-Power-of-Purpose-Header-Final-2-1024x341.png 1024w, https:\/\/vccf.org\/wp-content\/uploads\/2025\/03\/2024-Rebrand-Power-of-Purpose-Header-Final-2-300x100.png 300w, https:\/\/vccf.org\/wp-content\/uploads\/2025\/03\/2024-Rebrand-Power-of-Purpose-Header-Final-2-768x256.png 768w, https:\/\/vccf.org\/wp-content\/uploads\/2025\/03\/2024-Rebrand-Power-of-Purpose-Header-Final-2-1536x512.png 1536w, https:\/\/vccf.org\/wp-content\/uploads\/2025\/03\/2024-Rebrand-Power-of-Purpose-Header-Final-2-2048x683.png 2048w, https:\/\/vccf.org\/wp-content\/uploads\/2025\/03\/2024-Rebrand-Power-of-Purpose-Header-Final-2-18x6.png 18w\" sizes=\"auto, (max-width: 1024px) 100vw, 1024px\" \/><\/figure>\n<\/div>\n\n\n<p>Cara fam\u00edlia da Funda\u00e7\u00e3o Comunit\u00e1ria do Condado de Ventura,<\/p>\n\n\n\n<p>\"I dwell in Possibility\/A fairer House than Prose\" - Emily Dickinson<\/p>\n\n\n\n<p>Em momentos como este, dou por mim a recorrer \u00e0s artes para alimentar a minha alma e elevar o meu esp\u00edrito. Esta manh\u00e3, encontrei conforto nas palavras do poema de Emily Dickinson \"<a href=\"https:\/\/www.poetryfoundation.org\/poems\/52197\/i-dwell-in-possibility-466\" target=\"_blank\" rel=\"noopener\">Eu moro na Possibilidade<\/a>.\" Em apenas algumas linhas curtas, Dickinson lembra-nos que devemos escolher a esperan\u00e7a, a chave para atrair a bondade para o nosso mundo comum. As suas palavras parecem um apelo \u00e0 a\u00e7\u00e3o, convidando-nos a dar o que pudermos, a estender a m\u00e3o uns aos outros e a lembrar que a Possibilidade \u00e9 um lugar que podemos escolher para viver.<\/p>\n\n\n\n<p>De vez em quando, esque\u00e7o-me e come\u00e7o a sentir-me pequeno perante os desafios que tenho pela frente. Mas a nossa fam\u00edlia VCCF, uma e outra vez, aparece e recorda-me o incr\u00edvel poder que temos quando agimos com amor e objectivos - juntos.<\/p>\n\n\n\n<p>O meu marido costuma dizer que o trabalho que fazemos na funda\u00e7\u00e3o comunit\u00e1ria \u00e9 como fazer sopa de pedra, uma refer\u00eancia \u00e0 can\u00e7\u00e3o de Tom Chapin inspirada no folclore europeu. Conta a hist\u00f3ria de um estranho que chega \u00e0 cidade com fome e convence as crian\u00e7as a ajud\u00e1-lo a fazer sopa com apenas algumas pedras. Quando a panela come\u00e7a a ferver, ele sugere que a sopa ficaria ainda mais saborosa com um osso... e talvez algumas cenouras... e em pouco tempo, toda a aldeia se juntou para criar uma refei\u00e7\u00e3o deliciosa, suficiente para alimentar toda a gente.<\/p>\n\n\n\n<p>\u00c9 exatamente isso que vejo aqui em Ventura County. N\u00e3o percamos de vista o incr\u00edvel impacto que tivemos juntos, mais de 23.000 de n\u00f3s, todos empenhados em fazer de Ventura County o melhor s\u00edtio para viver para todos.<\/p>\n\n\n\n<p>Lembrem-se por um momento que, ap\u00f3s o inc\u00eandio na montanha, centenas de v\u00f3s mobilizaram-se para ajudar. Juntos, testemunh\u00e1mos actos de extraordin\u00e1ria generosidade e cuidado, angariando mais de $1 milh\u00f5es para apoiar os nossos vizinhos durante os seus momentos de necessidade. Continuo a sentir-me profundamente inspirado pela lideran\u00e7a da Interface Children &amp; Family Services, 211 Ventura County, Ventura County VOAD, Anne Whatley e Supervisor Jeff Gorell - cada um dos quais foi homenageado pelo Conselho da VCCF na semana passada pelo seu servi\u00e7o dedicado - e muitos outros que trabalharam incansavelmente para proteger e apoiar a nossa comunidade.<\/p>\n\n\n\n<p>E, embora os desafios se mantenham, agarramo-nos ao que \u00e9 poss\u00edvel. O estudo recente do Dr. Jamshid Damooei, \"Affording a Dignified Life on the Central Coast\", recorda-nos o qu\u00e3o dif\u00edcil \u00e9 para as fam\u00edlias satisfazerem at\u00e9 as suas necessidades mais b\u00e1sicas. Os nossos parceiros sem fins lucrativos est\u00e3o a sentir esta press\u00e3o diariamente, uma vez que os pedidos de ajuda continuam a aumentar.<\/p>\n\n\n\n<p>E, no entanto, ainda h\u00e1 muita esperan\u00e7a. Estou entusiasmado por partilhar que tr\u00eas novos colegas extraordin\u00e1rios se juntaram \u00e0 nossa equipa VCCF, trazendo energia fresca e uma profunda dedica\u00e7\u00e3o \u00e0 nossa miss\u00e3o. Com eles - e com todos v\u00f3s - acredito que podemos continuar a construir um futuro em que todos os habitantes de Ventura County tenham a oportunidade n\u00e3o s\u00f3 de sobreviver, mas tamb\u00e9m de prosperar verdadeiramente.<\/p>\n\n\n\n<p>Se est\u00e1 a sentir o peso destes tempos, saiba que n\u00e3o est\u00e1 sozinho. N\u00f3s vemo-lo. Estamos consigo. E juntos, ao optarmos por viver na possibilidade, conseguiremos ultrapassar isto - mais fortes, mais gentis e mais ligados do que nunca.<\/p>\n\n\n\n<p>Com gratid\u00e3o e esperan\u00e7a,<\/p>\n\n\n\n<p>Vanessa Bechtel Presidente e Diretora Executiva da VCCF<\/p>\n\n\n\n<div style=\"height:10px\" aria-hidden=\"true\" class=\"wp-block-spacer\"><\/div>\n\n\n<div class=\"wp-block-image\">\n<figure class=\"aligncenter size-large\"><img loading=\"lazy\" decoding=\"async\" width=\"1024\" height=\"666\" src=\"https:\/\/vccf.org\/wp-content\/uploads\/2025\/03\/f8e3c507-0b75-4b16-9780-7503d41bc9fa-1024x666.jpg\" alt=\"The VCCF Board and staff standing at the certificate presentation with partners during the Mountain Fire\" class=\"wp-image-22748\" srcset=\"https:\/\/vccf.org\/wp-content\/uploads\/2025\/03\/f8e3c507-0b75-4b16-9780-7503d41bc9fa-1024x666.jpg 1024w, https:\/\/vccf.org\/wp-content\/uploads\/2025\/03\/f8e3c507-0b75-4b16-9780-7503d41bc9fa-300x195.jpg 300w, https:\/\/vccf.org\/wp-content\/uploads\/2025\/03\/f8e3c507-0b75-4b16-9780-7503d41bc9fa-768x500.jpg 768w, https:\/\/vccf.org\/wp-content\/uploads\/2025\/03\/f8e3c507-0b75-4b16-9780-7503d41bc9fa-1536x1000.jpg 1536w, https:\/\/vccf.org\/wp-content\/uploads\/2025\/03\/f8e3c507-0b75-4b16-9780-7503d41bc9fa-2048x1333.jpg 2048w, https:\/\/vccf.org\/wp-content\/uploads\/2025\/03\/f8e3c507-0b75-4b16-9780-7503d41bc9fa-18x12.jpg 18w\" sizes=\"auto, (max-width: 1024px) 100vw, 1024px\" \/><\/figure>\n<\/div>\n\n\n<div class=\"wp-block-group\"><div class=\"wp-block-group__inner-container is-layout-constrained wp-block-group-is-layout-constrained\">\n<div style=\"height:10px\" aria-hidden=\"true\" class=\"wp-block-spacer\"><\/div>\n\n\n\n<hr class=\"wp-block-separator has-alpha-channel-opacity is-style-wide\"\/>\n\n\n\n<div style=\"height:10px\" aria-hidden=\"true\" class=\"wp-block-spacer\"><\/div>\n<\/div><\/div>\n\n\n\n<h2 class=\"wp-block-heading has-text-align-center\">\"Oferecer uma vida digna na Costa Central da Calif\u00f3rnia\"<\/h2>\n\n\n\n<h3 class=\"wp-block-heading has-text-align-center\"><em>Confer\u00eancia 2025 do Centro de Economia das Quest\u00f5es Sociais da Cal Lutheran<\/em><\/h3>\n\n\n<div class=\"wp-block-image\">\n<figure class=\"aligncenter size-full is-resized\"><img loading=\"lazy\" decoding=\"async\" width=\"1600\" height=\"900\" src=\"https:\/\/vccf.org\/wp-content\/uploads\/2025\/03\/LDN-L-ROSE-PARADE-2023-SR-41.webp\" alt=\"A protest of Pasadena residents wearing red and holding a banner reading &quot;Affordable Housing Now!&quot;\" class=\"wp-image-22749\" style=\"width:752px;height:auto\" srcset=\"https:\/\/vccf.org\/wp-content\/uploads\/2025\/03\/LDN-L-ROSE-PARADE-2023-SR-41.webp 1600w, https:\/\/vccf.org\/wp-content\/uploads\/2025\/03\/LDN-L-ROSE-PARADE-2023-SR-41-300x169.webp 300w, https:\/\/vccf.org\/wp-content\/uploads\/2025\/03\/LDN-L-ROSE-PARADE-2023-SR-41-1024x576.webp 1024w, https:\/\/vccf.org\/wp-content\/uploads\/2025\/03\/LDN-L-ROSE-PARADE-2023-SR-41-768x432.webp 768w, https:\/\/vccf.org\/wp-content\/uploads\/2025\/03\/LDN-L-ROSE-PARADE-2023-SR-41-1536x864.webp 1536w, https:\/\/vccf.org\/wp-content\/uploads\/2025\/03\/LDN-L-ROSE-PARADE-2023-SR-41-18x10.webp 18w\" sizes=\"auto, (max-width: 1600px) 100vw, 1600px\" \/><\/figure>\n<\/div>\n\n\n<p>Na semana passada, o Dr. Jamshid Damooei esclareceu o que \u00e9 necess\u00e1rio para viver uma vida digna na costa central da Calif\u00f3rnia na confer\u00eancia anual da CESI, que contou com a participa\u00e7\u00e3o de painelistas da VCCF, incluindo o membro do Conselho de Administra\u00e7\u00e3o Dr. C\u00e9sar Morales e a Presidente e Diretora Executiva Vanessa Bechtel.<\/p>\n\n\n\n<p><a href=\"https:\/\/drive.google.com\/file\/d\/1IoXXvBs-LYbRbpHvhim6kR92ZLZuAutR\/view\" target=\"_blank\" rel=\"noopener\">O estudo completo do Dr. Damooei inclui n\u00fameros reveladores sobre as dificuldades urgentes que os californianos enfrentam<\/a>que v\u00e3o desde os sal\u00e1rios dignos \u00e0 educa\u00e7\u00e3o na primeira inf\u00e2ncia e \u00e0s senhas de alimenta\u00e7\u00e3o. Para saber mais, veja abaixo alguns dos principais destaques do estudo.<\/p>\n\n\n\n<div class=\"wp-block-buttons is-content-justification-center is-layout-flex wp-container-core-buttons-is-layout-16018d1d wp-block-buttons-is-layout-flex\">\n<div class=\"wp-block-button has-custom-font-size has-medium-font-size\"><a class=\"wp-block-button__link has-fl-topbar-bg-color has-text-color has-background has-link-color wp-element-button\" href=\"https:\/\/drive.google.com\/file\/d\/1mSCZhFtgVgUUBhAyxcdoZsmTkAeNF1_P\/view\" style=\"background-color:#3ca5e7\" target=\"_blank\" rel=\"noopener\">Ler mais<\/a><\/div>\n<\/div>\n\n\n\n<div class=\"wp-block-group\"><div class=\"wp-block-group__inner-container is-layout-constrained wp-block-group-is-layout-constrained\">\n<div style=\"height:10px\" aria-hidden=\"true\" class=\"wp-block-spacer\"><\/div>\n\n\n\n<hr class=\"wp-block-separator has-alpha-channel-opacity is-style-wide\"\/>\n\n\n\n<div style=\"height:10px\" aria-hidden=\"true\" class=\"wp-block-spacer\"><\/div>\n<\/div><\/div>\n\n\n\n<h2 class=\"wp-block-heading has-text-align-center\">Mud\u00e1mos a nossa marca! Conhe\u00e7a o seu novo VCCF<\/h2>\n\n\n<div class=\"wp-block-image\">\n<figure class=\"aligncenter size-large is-resized\"><img loading=\"lazy\" decoding=\"async\" width=\"1024\" height=\"745\" src=\"https:\/\/vccf.org\/wp-content\/uploads\/2025\/03\/Logo-and-Photo-Collage-1024x745.png\" alt=\"The new VCCF logo along with photos of community members\" class=\"wp-image-22751\" style=\"width:686px;height:auto\" srcset=\"https:\/\/vccf.org\/wp-content\/uploads\/2025\/03\/Logo-and-Photo-Collage-1024x745.png 1024w, https:\/\/vccf.org\/wp-content\/uploads\/2025\/03\/Logo-and-Photo-Collage-300x218.png 300w, https:\/\/vccf.org\/wp-content\/uploads\/2025\/03\/Logo-and-Photo-Collage-768x559.png 768w, https:\/\/vccf.org\/wp-content\/uploads\/2025\/03\/Logo-and-Photo-Collage-16x12.png 16w, https:\/\/vccf.org\/wp-content\/uploads\/2025\/03\/Logo-and-Photo-Collage.png 1200w\" sizes=\"auto, (max-width: 1024px) 100vw, 1024px\" \/><\/figure>\n<\/div>\n\n\n<p>A VCCF tem o prazer de estrear a nossa nova marca! Convidamo-lo a mergulhar e a explorar o nosso novo s\u00edtio Web. D\u00ea uma olhadela!<\/p>\n\n\n\n<div class=\"wp-block-buttons is-content-justification-center is-layout-flex wp-container-core-buttons-is-layout-5e6b19ed wp-block-buttons-is-layout-flex\">\n<div class=\"wp-block-button has-custom-font-size has-medium-font-size\"><a class=\"wp-block-button__link has-fl-topbar-bg-color has-text-color has-background has-link-color wp-element-button\" href=\"https:\/\/vccf.org\/pt\/rebrand-2025\/\" style=\"background-color:#3ca5e7\">Ler mais<\/a><\/div>\n<\/div>\n\n\n\n<div class=\"wp-block-group\"><div class=\"wp-block-group__inner-container is-layout-constrained wp-block-group-is-layout-constrained\">\n<div style=\"height:10px\" aria-hidden=\"true\" class=\"wp-block-spacer\"><\/div>\n\n\n\n<hr class=\"wp-block-separator has-alpha-channel-opacity is-style-wide\"\/>\n\n\n\n<div style=\"height:10px\" aria-hidden=\"true\" class=\"wp-block-spacer\"><\/div>\n<\/div><\/div>\n\n\n\n<h2 class=\"wp-block-heading has-text-align-center\">Oportunidades de financiamento da VCCF - Abertas agora<\/h2>\n\n\n\n<p>Temos duas oportunidades de subven\u00e7\u00e3o que n\u00e3o vai querer perder! <a href=\"https:\/\/vccf.org\/pt\/grants\/past-current-and-upcoming-grants\/\">Para mais informa\u00e7\u00f5es, consulte a nossa p\u00e1gina Bolsas<\/a>.<\/p>\n\n\n\n<p><strong>Fundo Bert M. e Mildred O. Dahl<\/strong><\/p>\n\n\n\n<p>Os subs\u00eddios do Fundo Bert M. e Mildred O. Dahl devem ser utilizados no condado de Ventura para fins caritativos gerais em benef\u00edcio dos jovens de Oak View, Calif\u00f3rnia. As organiza\u00e7\u00f5es sem fins lucrativos devem criar ou apoiar programas para os jovens de Oak View. Isto pode incluir a constru\u00e7\u00e3o e manuten\u00e7\u00e3o de instala\u00e7\u00f5es para esses programas. O prazo de candidatura termina na segunda-feira, 17 de mar\u00e7o, \u00e0s 17h00 PST.<\/p>\n\n\n\n<p><strong>Barbara Barnard Smith Fund for World Musics (Fundo Barbara Barnard Smith para M\u00fasicas do Mundo)<\/strong><\/p>\n\n\n\n<p>Os subs\u00eddios do Barbara Barnard Smith Fund for World Musics destinam-se a apoiar actua\u00e7\u00f5es ao vivo ou programas que representem m\u00fasicas n\u00e3o ocidentais. O prazo de candidatura termina na sexta-feira, 28 de mar\u00e7o, \u00e0s 17h00 PST.<\/p>\n\n\n\n<div class=\"wp-block-buttons is-content-justification-center is-layout-flex wp-container-core-buttons-is-layout-16018d1d wp-block-buttons-is-layout-flex\">\n<div class=\"wp-block-button has-custom-font-size has-medium-font-size\"><a class=\"wp-block-button__link has-fl-topbar-bg-color has-text-color has-background has-link-color wp-element-button\" href=\"https:\/\/vccf.org\/pt\/grants\/past-current-and-upcoming-grants\/\" style=\"background-color:#3ca5e7\">Candidatar-se agora<\/a><\/div>\n<\/div>\n\n\n\n<div class=\"wp-block-group\"><div class=\"wp-block-group__inner-container is-layout-constrained wp-block-group-is-layout-constrained\">\n<div style=\"height:10px\" aria-hidden=\"true\" class=\"wp-block-spacer\"><\/div>\n\n\n\n<hr class=\"wp-block-separator has-alpha-channel-opacity is-style-wide\"\/>\n\n\n\n<div style=\"height:10px\" aria-hidden=\"true\" class=\"wp-block-spacer\"><\/div>\n<\/div><\/div>\n\n\n\n<h2 class=\"wp-block-heading has-text-align-center\">Dar as boas-vindas aos novos membros da equipa VCCF!<\/h2>\n\n\n\n<div class=\"wp-block-columns is-layout-flex wp-container-core-columns-is-layout-9d6595d7 wp-block-columns-is-layout-flex\">\n<div class=\"wp-block-column is-layout-flow wp-block-column-is-layout-flow\">\n<figure class=\"wp-block-image size-large\"><img loading=\"lazy\" decoding=\"async\" width=\"1024\" height=\"1024\" src=\"https:\/\/vccf.org\/wp-content\/uploads\/2025\/03\/Roshin-Mathew-1024x1024.png\" alt=\"Roshin Mathew\" class=\"wp-image-22752\" srcset=\"https:\/\/vccf.org\/wp-content\/uploads\/2025\/03\/Roshin-Mathew-1024x1024.png 1024w, https:\/\/vccf.org\/wp-content\/uploads\/2025\/03\/Roshin-Mathew-300x300.png 300w, https:\/\/vccf.org\/wp-content\/uploads\/2025\/03\/Roshin-Mathew-150x150.png 150w, https:\/\/vccf.org\/wp-content\/uploads\/2025\/03\/Roshin-Mathew-768x768.png 768w, https:\/\/vccf.org\/wp-content\/uploads\/2025\/03\/Roshin-Mathew-12x12.png 12w, https:\/\/vccf.org\/wp-content\/uploads\/2025\/03\/Roshin-Mathew.png 1080w\" sizes=\"auto, (max-width: 1024px) 100vw, 1024px\" \/><\/figure>\n<\/div>\n\n\n\n<div class=\"wp-block-column is-layout-flow wp-block-column-is-layout-flow\">\n<figure class=\"wp-block-image size-large\"><img loading=\"lazy\" decoding=\"async\" width=\"1024\" height=\"1024\" src=\"https:\/\/vccf.org\/wp-content\/uploads\/2025\/03\/Gary-Byrne-1024x1024.png\" alt=\"Gary Byrne\" class=\"wp-image-22753\" srcset=\"https:\/\/vccf.org\/wp-content\/uploads\/2025\/03\/Gary-Byrne-1024x1024.png 1024w, https:\/\/vccf.org\/wp-content\/uploads\/2025\/03\/Gary-Byrne-300x300.png 300w, https:\/\/vccf.org\/wp-content\/uploads\/2025\/03\/Gary-Byrne-150x150.png 150w, https:\/\/vccf.org\/wp-content\/uploads\/2025\/03\/Gary-Byrne-768x768.png 768w, https:\/\/vccf.org\/wp-content\/uploads\/2025\/03\/Gary-Byrne-12x12.png 12w, https:\/\/vccf.org\/wp-content\/uploads\/2025\/03\/Gary-Byrne.png 1080w\" sizes=\"auto, (max-width: 1024px) 100vw, 1024px\" \/><\/figure>\n<\/div>\n\n\n\n<div class=\"wp-block-column is-layout-flow wp-block-column-is-layout-flow\">\n<figure class=\"wp-block-image size-large\"><img loading=\"lazy\" decoding=\"async\" width=\"1024\" height=\"1024\" src=\"https:\/\/vccf.org\/wp-content\/uploads\/2025\/03\/3-1024x1024.png\" alt=\"Nailea Gaytan\" class=\"wp-image-22754\" srcset=\"https:\/\/vccf.org\/wp-content\/uploads\/2025\/03\/3-1024x1024.png 1024w, https:\/\/vccf.org\/wp-content\/uploads\/2025\/03\/3-300x300.png 300w, https:\/\/vccf.org\/wp-content\/uploads\/2025\/03\/3-150x150.png 150w, https:\/\/vccf.org\/wp-content\/uploads\/2025\/03\/3-768x768.png 768w, https:\/\/vccf.org\/wp-content\/uploads\/2025\/03\/3-12x12.png 12w, https:\/\/vccf.org\/wp-content\/uploads\/2025\/03\/3.png 1080w\" sizes=\"auto, (max-width: 1024px) 100vw, 1024px\" \/><\/figure>\n<\/div>\n<\/div>\n\n\n\n<p>Gostar\u00edamos de apresentar os mais recentes membros da equipa da VCCF: A diretora de iniciativas estrat\u00e9gicas Roshin Mathew, o vice-presidente Gary Byrne e a estagi\u00e1ria de marketing e comunica\u00e7\u00e3o Nailea Gaytan! Leia mais sobre eles abaixo!<\/p>\n\n\n\n<div class=\"wp-block-buttons is-content-justification-center is-layout-flex wp-container-core-buttons-is-layout-16018d1d wp-block-buttons-is-layout-flex\">\n<div class=\"wp-block-button has-custom-font-size has-medium-font-size\"><a class=\"wp-block-button__link has-fl-topbar-bg-color has-text-color has-background has-link-color wp-element-button\" href=\"https:\/\/vccf.org\/pt\/vccf-welcomes-three-new-team-members\/\" style=\"background-color:#3ca5e7\">Conhe\u00e7a a nossa equipa<\/a><\/div>\n<\/div>\n\n\n\n<div class=\"wp-block-group\"><div class=\"wp-block-group__inner-container is-layout-constrained wp-block-group-is-layout-constrained\">\n<div style=\"height:10px\" aria-hidden=\"true\" class=\"wp-block-spacer\"><\/div>\n\n\n\n<hr class=\"wp-block-separator has-alpha-channel-opacity is-style-wide\"\/>\n\n\n\n<div style=\"height:10px\" aria-hidden=\"true\" class=\"wp-block-spacer\"><\/div>\n<\/div><\/div>\n\n\n\n<h2 class=\"wp-block-heading has-text-align-center\">Seguran\u00e7a na \u00e1gua: YMCA do Sudeste do Condado de Ventura<\/h2>\n\n\n\n<div class=\"wp-block-columns is-layout-flex wp-container-core-columns-is-layout-9d6595d7 wp-block-columns-is-layout-flex\">\n<div class=\"wp-block-column is-layout-flow wp-block-column-is-layout-flow\">\n<figure class=\"wp-block-image size-large\"><img loading=\"lazy\" decoding=\"async\" width=\"1024\" height=\"768\" src=\"https:\/\/vccf.org\/wp-content\/uploads\/2025\/03\/ymca-saw-1024x768.jpg\" alt=\"Children smiling and wearing life vests in a pool at the Southeast Ventura County YMCA\" class=\"wp-image-22755\" srcset=\"https:\/\/vccf.org\/wp-content\/uploads\/2025\/03\/ymca-saw-1024x768.jpg 1024w, https:\/\/vccf.org\/wp-content\/uploads\/2025\/03\/ymca-saw-300x225.jpg 300w, https:\/\/vccf.org\/wp-content\/uploads\/2025\/03\/ymca-saw-768x576.jpg 768w, https:\/\/vccf.org\/wp-content\/uploads\/2025\/03\/ymca-saw-16x12.jpg 16w, https:\/\/vccf.org\/wp-content\/uploads\/2025\/03\/ymca-saw.jpg 1198w\" sizes=\"auto, (max-width: 1024px) 100vw, 1024px\" \/><\/figure>\n<\/div>\n\n\n\n<div class=\"wp-block-column is-layout-flow wp-block-column-is-layout-flow\">\n<p>O SEVYMCA est\u00e1 empenhado em fazer da preven\u00e7\u00e3o de afogamentos uma prioridade para a nossa comunidade, assegurando que todas as crian\u00e7as t\u00eam a oportunidade de aprender t\u00e9cnicas de seguran\u00e7a na \u00e1gua atrav\u00e9s do Safety Around Water, um programa gratuito que ensina seguran\u00e7a na \u00e1gua e compet\u00eancias b\u00e1sicas de nata\u00e7\u00e3o a pessoas com pouca ou nenhuma experi\u00eancia.<br>Para saber mais sobre este programa que salva vidas e outros servi\u00e7os, visite o s\u00edtio Web da SEVYMCA.<\/p>\n<\/div>\n<\/div>\n\n\n\n<div class=\"wp-block-buttons is-content-justification-center is-layout-flex wp-container-core-buttons-is-layout-16018d1d wp-block-buttons-is-layout-flex\">\n<div class=\"wp-block-button has-custom-font-size has-medium-font-size\"><a class=\"wp-block-button__link has-fl-topbar-bg-color has-text-color has-background has-link-color wp-element-button\" href=\"https:\/\/www.sevymca.org\/safety-around-water\" style=\"background-color:#3ca5e7\" target=\"_blank\" rel=\"noopener\">Saiba mais<\/a><\/div>\n<\/div>\n\n\n\n<div class=\"wp-block-group\"><div class=\"wp-block-group__inner-container is-layout-constrained wp-block-group-is-layout-constrained\">\n<div style=\"height:10px\" aria-hidden=\"true\" class=\"wp-block-spacer\"><\/div>\n\n\n\n<hr class=\"wp-block-separator has-alpha-channel-opacity is-style-wide\"\/>\n\n\n\n<div style=\"height:10px\" aria-hidden=\"true\" class=\"wp-block-spacer\"><\/div>\n<\/div><\/div>\n\n\n<div class=\"wp-block-image\">\n<figure class=\"aligncenter size-large\"><img loading=\"lazy\" decoding=\"async\" width=\"1024\" height=\"341\" src=\"https:\/\/vccf.org\/wp-content\/uploads\/2025\/03\/power-of-community-1024x341.png\" alt=\"Power of Community - Good News from your Ventura County\" class=\"wp-image-22756\" srcset=\"https:\/\/vccf.org\/wp-content\/uploads\/2025\/03\/power-of-community-1024x341.png 1024w, https:\/\/vccf.org\/wp-content\/uploads\/2025\/03\/power-of-community-300x100.png 300w, https:\/\/vccf.org\/wp-content\/uploads\/2025\/03\/power-of-community-768x256.png 768w, https:\/\/vccf.org\/wp-content\/uploads\/2025\/03\/power-of-community-1536x512.png 1536w, https:\/\/vccf.org\/wp-content\/uploads\/2025\/03\/power-of-community-2048x683.png 2048w, https:\/\/vccf.org\/wp-content\/uploads\/2025\/03\/power-of-community-18x6.png 18w\" sizes=\"auto, (max-width: 1024px) 100vw, 1024px\" \/><\/figure>\n<\/div>\n\n\n<h2 class=\"wp-block-heading has-text-align-center\">Teatro de Arte Nova<\/h2>\n\n\n<div class=\"wp-block-image\">\n<figure class=\"alignleft size-large is-resized\"><a href=\"https:\/\/www.youtube.com\/watch?v=3ufFQ9CL8uc\" target=\"_blank\" rel=\"noopener\"><img loading=\"lazy\" decoding=\"async\" width=\"1024\" height=\"506\" src=\"https:\/\/vccf.org\/wp-content\/uploads\/2025\/03\/New-Art-City-Thumbnail-1024x506.png\" alt=\"A thumbnail of the music video for &quot;A Show that May Change the World&quot; with a group dancing on the Ventura Pier\" class=\"wp-image-22757\" style=\"width:458px;height:auto\" srcset=\"https:\/\/vccf.org\/wp-content\/uploads\/2025\/03\/New-Art-City-Thumbnail-1024x506.png 1024w, https:\/\/vccf.org\/wp-content\/uploads\/2025\/03\/New-Art-City-Thumbnail-300x148.png 300w, https:\/\/vccf.org\/wp-content\/uploads\/2025\/03\/New-Art-City-Thumbnail-768x379.png 768w, https:\/\/vccf.org\/wp-content\/uploads\/2025\/03\/New-Art-City-Thumbnail-18x9.png 18w, https:\/\/vccf.org\/wp-content\/uploads\/2025\/03\/New-Art-City-Thumbnail.png 1267w\" sizes=\"auto, (max-width: 1024px) 100vw, 1024px\" \/><\/a><\/figure>\n<\/div>\n\n\n<p>Fundado no in\u00edcio de 2023, o New Art City Theatre \u00e9 uma companhia de teatro profissional dedicada exclusivamente ao desenvolvimento de novas obras para o palco. A miss\u00e3o \u00fanica do NACT \u00e9 fornecer acesso igual a recursos cr\u00edticos para dramaturgos, compositores e letristas de todas as origens, e expandir a participa\u00e7\u00e3o do p\u00fablico, oferecendo entrada gratuita em muitos eventos do NACT. O NACT traz escritores de todo o pa\u00eds para Ventura, onde pe\u00e7as ou musicais s\u00e3o desenvolvidos atrav\u00e9s de leituras ao vivo e workshops. A organiza\u00e7\u00e3o sem fins lucrativos estabeleceu um espa\u00e7o de colabora\u00e7\u00e3o para artistas e p\u00fablico, para que todos possam participar no emocionante processo de cria\u00e7\u00e3o de teatro. A VCCF orgulha-se de apoiar o NACT e encorajamo-lo a ver \"A Show That May Change the World\", que demonstra o poder do teatro e a jornada para fazer a magia acontecer. <a href=\"https:\/\/vimeo.com\/1056575144\" target=\"_blank\" rel=\"noopener\">N\u00e3o deixe de ver a grava\u00e7\u00e3o do seu Almo\u00e7o e Aprendizagem Virtual deste m\u00eas.<\/a><\/p>\n\n\n\n<div class=\"wp-block-buttons is-content-justification-center is-layout-flex wp-container-core-buttons-is-layout-16018d1d wp-block-buttons-is-layout-flex\">\n<div class=\"wp-block-button has-custom-font-size has-medium-font-size\"><a class=\"wp-block-button__link has-fl-topbar-bg-color has-text-color has-background has-link-color wp-element-button\" href=\"https:\/\/www.youtube.com\/watch?v=3ufFQ9CL8uc\" style=\"background-color:#3ca5e7\" target=\"_blank\" rel=\"noopener\">Ver o v\u00eddeo<\/a><\/div>\n<\/div>\n\n\n\n<p><\/p>","protected":false},"excerpt":{"rendered":"<p>Dear Ventura County Community Foundation Family, &#8220;I dwell in Possibility\/A fairer House than Prose&#8221; &#8211; Emily Dickinson In moments like these, I find myself turning to the arts to fuel&hellip;<\/p>","protected":false},"author":8,"featured_media":0,"comment_status":"closed","ping_status":"closed","sticky":false,"template":"","format":"standard","meta":{"_acf_changed":false,"give_campaign_id":0,"footnotes":""},"categories":[24],"tags":[],"class_list":["post-22745","post","type-post","status-publish","format-standard","hentry","category-newsletters"],"acf":[],"_links":{"self":[{"href":"https:\/\/vccf.org\/pt\/wp-json\/wp\/v2\/posts\/22745","targetHints":{"allow":["GET"]}}],"collection":[{"href":"https:\/\/vccf.org\/pt\/wp-json\/wp\/v2\/posts"}],"about":[{"href":"https:\/\/vccf.org\/pt\/wp-json\/wp\/v2\/types\/post"}],"author":[{"embeddable":true,"href":"https:\/\/vccf.org\/pt\/wp-json\/wp\/v2\/users\/8"}],"replies":[{"embeddable":true,"href":"https:\/\/vccf.org\/pt\/wp-json\/wp\/v2\/comments?post=22745"}],"version-history":[{"count":0,"href":"https:\/\/vccf.org\/pt\/wp-json\/wp\/v2\/posts\/22745\/revisions"}],"wp:attachment":[{"href":"https:\/\/vccf.org\/pt\/wp-json\/wp\/v2\/media?parent=22745"}],"wp:term":[{"taxonomy":"category","embeddable":true,"href":"https:\/\/vccf.org\/pt\/wp-json\/wp\/v2\/categories?post=22745"},{"taxonomy":"post_tag","embeddable":true,"href":"https:\/\/vccf.org\/pt\/wp-json\/wp\/v2\/tags?post=22745"}],"curies":[{"name":"wp","href":"https:\/\/api.w.org\/{rel}","templated":true}]}}