{"id":23111,"date":"2025-06-23T15:05:59","date_gmt":"2025-06-23T22:05:59","guid":{"rendered":"https:\/\/vccf.org\/?p=23111"},"modified":"2025-06-24T09:18:13","modified_gmt":"2025-06-24T16:18:13","slug":"reflections-on-vccf-intern-experience-and-celebrating-vccfs-grads","status":"publish","type":"post","link":"https:\/\/vccf.org\/pt\/reflections-on-vccf-intern-experience-and-celebrating-vccfs-grads\/","title":{"rendered":"Reflex\u00f5es sobre a experi\u00eancia de estagi\u00e1rio do VCCF e comemora\u00e7\u00e3o dos formandos do VCCF!"},"content":{"rendered":"<div class=\"wp-block-image\">\n<figure class=\"alignright size-full is-resized\"><img loading=\"lazy\" decoding=\"async\" width=\"600\" height=\"600\" src=\"https:\/\/vccf.org\/wp-content\/uploads\/2025\/06\/2.png\" alt=\"\" class=\"wp-image-23114\" style=\"width:401px;height:auto\" srcset=\"https:\/\/vccf.org\/wp-content\/uploads\/2025\/06\/2.png 600w, https:\/\/vccf.org\/wp-content\/uploads\/2025\/06\/2-300x300.png 300w, https:\/\/vccf.org\/wp-content\/uploads\/2025\/06\/2-150x150.png 150w, https:\/\/vccf.org\/wp-content\/uploads\/2025\/06\/2-12x12.png 12w\" sizes=\"auto, (max-width: 600px) 100vw, 600px\" \/><figcaption class=\"wp-element-caption\">Jade Barth<\/figcaption><\/figure>\n<\/div>\n\n\n<p>A Ventura County Community Foundation tem tido a honra de trazer para a nossa equipa alguns dos estudantes mais brilhantes e dedicados do nosso condado, desde estagi\u00e1rios a funcion\u00e1rios a tempo inteiro e volunt\u00e1rios. No in\u00edcio deste ano, a VCCF deu as boas-vindas \u00e0s estagi\u00e1rias Nailea Gaytan e Carolina Diaz para ajudar nos esfor\u00e7os de marketing da funda\u00e7\u00e3o e do Projeto Isabella, uma iniciativa convocada pela VCCF para garantir que todas as crian\u00e7as em Santa Paula tenham acesso a cuidados e educa\u00e7\u00e3o de alta qualidade, em tempo integral, que apoiem seu desenvolvimento e atendam \u00e0s necessidades de suas fam\u00edlias. A Nailea trabalhou como estagi\u00e1ria a tempo parcial no departamento de marketing da VCCF, enquanto a Carolina concentrou o seu projeto de conclus\u00e3o de curso na produ\u00e7\u00e3o de um v\u00eddeo para o Projeto Isabella, que ser\u00e1 lan\u00e7ado em breve. Leia sobre as suas experi\u00eancias e as valiosas conclus\u00f5es que obtiveram com o seu trabalho.<\/p>\n\n\n\n<p>Estamos muito orgulhosos da Nailea e da Carolina, bem como do membro da equipa da VCCF, Aidan Miner, e da diretora de v\u00eddeo do Projeto Isabella, Jade Barth, que celebram a sua recente gradua\u00e7\u00e3o na Universidade Estatal da Calif\u00f3rnia, nas Ilhas do Canal. Mal podemos esperar para ver onde a vida os levar\u00e1 a seguir!<\/p>\n\n\n\n<div style=\"height:25px\" aria-hidden=\"true\" class=\"wp-block-spacer\"><\/div>\n\n\n\n<h2 class=\"wp-block-heading\">Nailea Gaytan<\/h2>\n\n\n<div class=\"wp-block-image\">\n<figure class=\"alignleft size-full is-resized\"><img loading=\"lazy\" decoding=\"async\" width=\"600\" height=\"600\" src=\"https:\/\/vccf.org\/wp-content\/uploads\/2025\/06\/1.png\" alt=\"\" class=\"wp-image-23113\" style=\"width:337px;height:auto\" srcset=\"https:\/\/vccf.org\/wp-content\/uploads\/2025\/06\/1.png 600w, https:\/\/vccf.org\/wp-content\/uploads\/2025\/06\/1-300x300.png 300w, https:\/\/vccf.org\/wp-content\/uploads\/2025\/06\/1-150x150.png 150w, https:\/\/vccf.org\/wp-content\/uploads\/2025\/06\/1-12x12.png 12w\" sizes=\"auto, (max-width: 600px) 100vw, 600px\" \/><figcaption class=\"wp-element-caption\">Aidan Miner (\u00e0 esquerda) com Nailea Gaytan (\u00e0 direita)<\/figcaption><\/figure>\n<\/div>\n\n\n<p>A minha experi\u00eancia de est\u00e1gio na Ventura County Community Foundation tem sido verdadeiramente enriquecedora, permitindo-me contribuir para iniciativas de impacto no Condado de Ventura. Atrav\u00e9s de uma oportunidade oferecida pelo Programa de Comunica\u00e7\u00e3o da CSU Channel Islands, que orienta os alunos atrav\u00e9s de oportunidades de aprendizagem em servi\u00e7o, est\u00e1gios e colabora\u00e7\u00e3o em cursos com organiza\u00e7\u00f5es comunit\u00e1rias, tive o privil\u00e9gio de apoiar a VCCF atrav\u00e9s do Projeto Isabella, uma iniciativa de educa\u00e7\u00e3o infantil dedicada a garantir uma educa\u00e7\u00e3o da mais alta qualidade para crian\u00e7as pequenas, e a Iniciativa de Resili\u00eancia e Prepara\u00e7\u00e3o para Desastres, fornecendo assist\u00eancia crucial \u00e0s fam\u00edlias afectadas pelo inc\u00eandio da montanha de 2024 no condado de Ventura, entre outros desastres. Testemunhar a resili\u00eancia da nossa comunidade e a dedica\u00e7\u00e3o da VCCF nestes esfor\u00e7os tem sido profundamente inspirador.&nbsp;<\/p>\n\n\n\n<p>Apoiar o Projeto Isabella <em>Todos Juntos Pelas Crian\u00e7as<\/em> Festival em outubro de 2024 ao lado de dedicados companheiros de grupo Sofia Herron, Laila James, Peter Hernandez e o mentor Aidan Miner foi a fa\u00edsca inicial que acendeu minha colabora\u00e7\u00e3o com a funda\u00e7\u00e3o. Esse envolvimento inicial forneceu uma vis\u00e3o em primeira m\u00e3o do compromisso da VCCF com a comunidade de Santa Paula e, em \u00faltima an\u00e1lise, abriu o caminho para minha fun\u00e7\u00e3o de est\u00e1gio, permitindo-me apoiar sua miss\u00e3o em uma escala maior, como destacar o alcance da VCCF por meio da cria\u00e7\u00e3o de conte\u00fado. Contribu\u00ed ativamente para a cria\u00e7\u00e3o de publica\u00e7\u00f5es de blogue e conte\u00fados para as redes sociais que promovessem a sensibiliza\u00e7\u00e3o para os eventos e iniciativas da VCCF. Isto incluiu a partilha de hist\u00f3rias de impacto, fornecendo actualiza\u00e7\u00f5es sobre iniciativas e destacando as necessidades cr\u00edticas no Condado de Ventura. Documentar os esfor\u00e7os das organiza\u00e7\u00f5es sem fins lucrativos e os desafios enfrentados pelas popula\u00e7\u00f5es sub-representadas no Condado de Ventura foi um aspeto fundamental do meu est\u00e1gio.<\/p>\n\n\n\n<p>Para al\u00e9m da cria\u00e7\u00e3o de conte\u00fados, o meu est\u00e1gio envolveu tamb\u00e9m a liga\u00e7\u00e3o a v\u00e1rias organiza\u00e7\u00f5es e membros da comunidade, como a Funda\u00e7\u00e3o Weingart para a <em>Trabalhadores da Quinta da Casa!<\/em> Bus Tour, bem como a One Capital Management, LLC para entrevistar profissionalmente Jose Negrete, um antigo bolseiro da VCCF, sobre os seus esfor\u00e7os nas Na\u00e7\u00f5es Unidas em Genebra, Su\u00ed\u00e7a. Esta experi\u00eancia pr\u00e1tica em marketing e comunica\u00e7\u00e3o, com a orienta\u00e7\u00e3o de Candice Tang Nyholt e Lauren Graf, proporcionou-me compet\u00eancias inestim\u00e1veis na transmiss\u00e3o de mensagens significativas e na liga\u00e7\u00e3o a um p\u00fablico mais vasto.<\/p>\n\n\n\n<p>Este est\u00e1gio real\u00e7ou a import\u00e2ncia da colabora\u00e7\u00e3o e o papel fundamental que as organiza\u00e7\u00f5es sem fins lucrativos desempenham no combate \u00e0 desigualdade e na cria\u00e7\u00e3o de uma comunidade mais forte e solid\u00e1ria para todos. A minha compreens\u00e3o da equidade e da inclus\u00e3o e da import\u00e2ncia do apoio comunit\u00e1rio, valores que s\u00e3o fundamentais para a miss\u00e3o da VCCF, cresceu imenso nos \u00faltimos meses. A VCCF dotou-me de um conjunto diversificado de compet\u00eancias e refor\u00e7ou valores j\u00e1 existentes. Al\u00e9m disso, estabeleci liga\u00e7\u00f5es no sector das organiza\u00e7\u00f5es sem fins lucrativos e na comunidade do Condado de Ventura, criando uma base s\u00f3lida para futuros empreendimentos no envolvimento da comunidade e no servi\u00e7o p\u00fablico.&nbsp;<\/p>\n\n\n\n<div style=\"height:25px\" aria-hidden=\"true\" class=\"wp-block-spacer\"><\/div>\n\n\n\n<h2 class=\"wp-block-heading\">Carolina Diaz<\/h2>\n\n\n\n<p>No semestre passado, tive a incr\u00edvel oportunidade de trabalhar com a Ventura County Community Foundation no Projeto Isabella, uma iniciativa poderosa que real\u00e7a a import\u00e2ncia da educa\u00e7\u00e3o na primeira inf\u00e2ncia. O meu papel consistiu em ajudar a criar um v\u00eddeo que aumentasse a consciencializa\u00e7\u00e3o e inspirasse um maior envolvimento da comunidade. Do in\u00edcio ao fim, a experi\u00eancia aprofundou o meu apre\u00e7o pelo trabalho de bastidores que envolve a narra\u00e7\u00e3o de hist\u00f3rias, a defesa de causas e a divulga\u00e7\u00e3o.<\/p>\n\n\n<div class=\"wp-block-image\">\n<figure class=\"alignleft size-full is-resized\"><img loading=\"lazy\" decoding=\"async\" width=\"567\" height=\"425\" src=\"https:\/\/vccf.org\/wp-content\/uploads\/2025\/06\/IMG_0186-edited.jpg\" alt=\"\" class=\"wp-image-23116\" style=\"width:410px;height:auto\" srcset=\"https:\/\/vccf.org\/wp-content\/uploads\/2025\/06\/IMG_0186-edited.jpg 567w, https:\/\/vccf.org\/wp-content\/uploads\/2025\/06\/IMG_0186-edited-300x225.jpg 300w, https:\/\/vccf.org\/wp-content\/uploads\/2025\/06\/IMG_0186-edited-16x12.jpg 16w\" sizes=\"auto, (max-width: 567px) 100vw, 567px\" \/><figcaption class=\"wp-element-caption\">Carolina a trabalhar num v\u00eddeo para o Projeto Isabella<\/figcaption><\/figure>\n<\/div>\n\n\n<p>Uma das minhas principais responsabilidades era participar em reuni\u00f5es onde ouvia ativamente, tomava notas detalhadas e assegurava que todos estavam na mesma p\u00e1gina. Tamb\u00e9m tratei da comunica\u00e7\u00e3o com as partes interessadas, contactando-as por correio eletr\u00f3nico para agendar sess\u00f5es de filmagem, pedir autoriza\u00e7\u00f5es e obter formul\u00e1rios de autoriza\u00e7\u00e3o para os meios de comunica\u00e7\u00e3o social. A log\u00edstica foi, por vezes, um desafio, pois foi necess\u00e1rio encontrar uma data e hora que funcionasse para todos, mas aprendi a import\u00e2ncia da persist\u00eancia e da documenta\u00e7\u00e3o clara quando se trata de coordenar com membros da comunidade ocupados.<\/p>\n\n\n\n<p>Um dos aspectos gratificantes deste est\u00e1gio foi o facto de poder contribuir como falante de espanhol. Pude ajudar a colmatar as falhas de comunica\u00e7\u00e3o e garantir que todos se sentiam ouvidos e compreendidos. Foi significativo utilizar as minhas compet\u00eancias lingu\u00edsticas de uma forma que apoiou diretamente o objetivo do projeto de inclus\u00e3o e acessibilidade aos membros da comunidade.<\/p>\n\n\n\n<p>Ao longo desta experi\u00eancia, recebi um feedback positivo da Diretora de Marketing e Comunica\u00e7\u00f5es da VCCF, Candice Tang Nyholt, que apreciou a minha organiza\u00e7\u00e3o e prepara\u00e7\u00e3o. O seu encorajamento fez-me sentir mais confiante na minha capacidade de gerir tarefas complexas e contribuir para uma miss\u00e3o maior. Tamb\u00e9m refor\u00e7ou a import\u00e2ncia de ser um membro fi\u00e1vel da equipa quando se trabalha num projeto de colabora\u00e7\u00e3o.<\/p>\n\n\n<div class=\"wp-block-image\">\n<figure class=\"alignright size-full is-resized\"><img loading=\"lazy\" decoding=\"async\" width=\"600\" height=\"600\" src=\"https:\/\/vccf.org\/wp-content\/uploads\/2025\/06\/Carolina-Diaz.png\" alt=\"\" class=\"wp-image-23117\" style=\"width:296px;height:auto\" srcset=\"https:\/\/vccf.org\/wp-content\/uploads\/2025\/06\/Carolina-Diaz.png 600w, https:\/\/vccf.org\/wp-content\/uploads\/2025\/06\/Carolina-Diaz-300x300.png 300w, https:\/\/vccf.org\/wp-content\/uploads\/2025\/06\/Carolina-Diaz-150x150.png 150w, https:\/\/vccf.org\/wp-content\/uploads\/2025\/06\/Carolina-Diaz-12x12.png 12w\" sizes=\"auto, (max-width: 600px) 100vw, 600px\" \/><figcaption class=\"wp-element-caption\">Carolina Diaz<\/figcaption><\/figure>\n<\/div>\n\n\n<p>No final, trabalhar no Projeto Isabella n\u00e3o s\u00f3 melhorou as minhas capacidades de comunica\u00e7\u00e3o, coordena\u00e7\u00e3o e gest\u00e3o do tempo, como tamb\u00e9m me mostrou o impacto que uma hist\u00f3ria bem elaborada pode ter numa comunidade. Estou orgulhosa de ter participado na promo\u00e7\u00e3o da educa\u00e7\u00e3o na primeira inf\u00e2ncia e de ter conhecido pessoas t\u00e3o maravilhosas como abril, Perla e Jade. Espero que este v\u00eddeo ajude a desencadear conversas, liga\u00e7\u00f5es e ac\u00e7\u00f5es em Santa Paula e n\u00e3o s\u00f3. Obrigado, Projeto Isabella!<\/p>","protected":false},"excerpt":{"rendered":"<p>The Ventura County Community Foundation has had the ongoing honor of bringing some of our county\u2019s brightest and most dedicated students onto our team, from interns to full-time staff to&hellip;<\/p>","protected":false},"author":8,"featured_media":0,"comment_status":"closed","ping_status":"closed","sticky":false,"template":"","format":"standard","meta":{"_acf_changed":false,"give_campaign_id":0,"footnotes":""},"categories":[27],"tags":[35],"class_list":["post-23111","post","type-post","status-publish","format-standard","hentry","category-blog-posts","tag-isabella-project"],"acf":[],"_links":{"self":[{"href":"https:\/\/vccf.org\/pt\/wp-json\/wp\/v2\/posts\/23111","targetHints":{"allow":["GET"]}}],"collection":[{"href":"https:\/\/vccf.org\/pt\/wp-json\/wp\/v2\/posts"}],"about":[{"href":"https:\/\/vccf.org\/pt\/wp-json\/wp\/v2\/types\/post"}],"author":[{"embeddable":true,"href":"https:\/\/vccf.org\/pt\/wp-json\/wp\/v2\/users\/8"}],"replies":[{"embeddable":true,"href":"https:\/\/vccf.org\/pt\/wp-json\/wp\/v2\/comments?post=23111"}],"version-history":[{"count":0,"href":"https:\/\/vccf.org\/pt\/wp-json\/wp\/v2\/posts\/23111\/revisions"}],"wp:attachment":[{"href":"https:\/\/vccf.org\/pt\/wp-json\/wp\/v2\/media?parent=23111"}],"wp:term":[{"taxonomy":"category","embeddable":true,"href":"https:\/\/vccf.org\/pt\/wp-json\/wp\/v2\/categories?post=23111"},{"taxonomy":"post_tag","embeddable":true,"href":"https:\/\/vccf.org\/pt\/wp-json\/wp\/v2\/tags?post=23111"}],"curies":[{"name":"wp","href":"https:\/\/api.w.org\/{rel}","templated":true}]}}