{"id":23160,"date":"2025-05-13T10:49:00","date_gmt":"2025-05-13T17:49:00","guid":{"rendered":"https:\/\/vccf.org\/?p=23160"},"modified":"2025-07-16T14:58:13","modified_gmt":"2025-07-16T21:58:13","slug":"ventura-county-leadership-academy-raises-over-22000-to-support-families-impacted-by-mountain-fire","status":"publish","type":"post","link":"https:\/\/vccf.org\/pt\/ventura-county-leadership-academy-raises-over-22000-to-support-families-impacted-by-mountain-fire\/","title":{"rendered":"A Ventura County Leadership Academy angaria mais de $22.000 para apoiar as fam\u00edlias afectadas pelo Mountain Fire"},"content":{"rendered":"<p><em><a href=\"https:\/\/amigos805.com\/ventura-county-leadership-academy-raises-over-22000-to-support-families-iimpacted-by-mountain-fire\/\" target=\"_blank\" rel=\"noopener\">Este artigo foi originalmente publicado por Amigos805.<\/a><\/em><\/p>\n\n\n\n<h2 class=\"wp-block-heading\">A comunidade une-se para apoiar as fam\u00edlias afectadas pelos inc\u00eandios que ficaram sem ajuda federal<\/h2>\n\n\n\n<p><strong>VENTURA -&nbsp;<\/strong>Mais de 150 membros da comunidade reuniram-se na sexta-feira, 25 de abril, no Museu da Agricultura do Condado de Ventura, em Santa Paula, para&nbsp;<em>Noite de Trivia no Museu<\/em>A angaria\u00e7\u00e3o de fundos foi organizada pelo 30\u00ba grupo da Ventura County Leadership Academy (VCLA). A angaria\u00e7\u00e3o de fundos angariou mais de $22.000 para apoiar as fam\u00edlias que ainda est\u00e3o a reconstruir ap\u00f3s o Mountain Fire, uma cat\u00e1strofe que destruiu casas e meios de subsist\u00eancia na \u00e1rea de Camarillo - a maioria das quais ficou sem acesso \u00e0 FEMA e a outros tipos de ajuda federal que se baseiam na dimens\u00e3o global de uma determinada cat\u00e1strofe.<\/p>\n\n\n\n<p>O evento beneficiou o Ventura County Wildfire Relief &amp; Recovery Fund, que ajuda a fornecer alojamento de emerg\u00eancia, cuidados infantis, cuidados m\u00e9dicos e assist\u00eancia financeira \u00e0s fam\u00edlias que continuam a enfrentar dificuldades meses ap\u00f3s o inc\u00eandio.<\/p>\n\n\n\n<p>\"A Noite de Trivialidades no Museu foi mais do que uma simples angaria\u00e7\u00e3o de fundos, foi uma demonstra\u00e7\u00e3o do que acontece quando uma comunidade se manifesta pelos seus\", afirmou Justin Karbowski, membro do 30\u00ba grupo da VCLA. \"Ouvimos hist\u00f3rias profundamente pessoais que nos levaram a agir. Gra\u00e7as \u00e0 resposta da nossa comunidade, ultrapass\u00e1mos o nosso objetivo de angaria\u00e7\u00e3o de fundos para ajudar as pessoas afectadas pelo Mountain Fire.\"<\/p>\n\n\n\n<p>Entre essas hist\u00f3rias estavam:<\/p>\n\n\n\n<ul class=\"wp-block-list\">\n<li><strong>Arik<\/strong>que se v\u00ea agora na situa\u00e7\u00e3o de sem-abrigo e a bra\u00e7os com graves problemas de sa\u00fade:\u00a0<em>\"Antes do inc\u00eandio, encontrava-me numa situa\u00e7\u00e3o em que n\u00e3o pagava a habita\u00e7\u00e3o porque era anteriormente prestadora de cuidados em regime de resid\u00eancia... Sem rendimentos, n\u00e3o tenho para onde ir\".<\/em><\/li>\n\n\n\n<li><strong>Maritza<\/strong>, m\u00e3e de tr\u00eas filhos com uma crian\u00e7a do espetro do autismo, partilhou a forma como a sua fam\u00edlia foi deslocada e separada desde o inc\u00eandio:\u00a0<em>\"Para uma crian\u00e7a com autismo que depende da rotina, esta perda foi especialmente traum\u00e1tica.\"<\/em><\/li>\n\n\n\n<li><strong>Filemon<\/strong>O Sr. Khaled, que perdeu a sua casa e o seu emprego, ficou sem habita\u00e7\u00e3o est\u00e1vel ou emprego:\u00a0<em>\"A minha maior preocupa\u00e7\u00e3o tem sido perder o meu emprego, o que aconteceu quando o fogo destruiu tudo.\"<\/em><\/li>\n<\/ul>\n\n\n\n<p><em>Estas narrativas pessoais, entre outras, sublinham a extrema necessidade que continua a existir para as pessoas e fam\u00edlias afectadas pelo Mountain Fire.&nbsp;<\/em><\/p>\n\n\n\n<p>Durante a angaria\u00e7\u00e3o de fundos da VCLA, os convidados desfrutaram de vinho local, aperitivos e curiosidades, bem como de acesso ao museu&nbsp;<em>\"Em foco: Vozes Ind\u00edgenas Mexicanas do Condado de Ventura\"<\/em>&nbsp;exposi\u00e7\u00e3o. A noite combinou com \u00eaxito o entretenimento com a angaria\u00e7\u00e3o de fundos orientada para a comunidade, reunindo as pessoas em torno de um compromisso partilhado com os esfor\u00e7os de recupera\u00e7\u00e3o locais.<\/p>\n\n\n\n<p>O evento foi poss\u00edvel gra\u00e7as ao generoso apoio de patrocinadores locais:<\/p>\n\n\n\n<ul class=\"wp-block-list\">\n<li><strong>Patrocinadores Ouro<\/strong>: California American Water, Lifetech Resources, Ocean Air Federal Credit Union, Premier America Credit Union, Ventura County Credit Union<\/li>\n\n\n\n<li><strong>Patrocinadores Bronze<\/strong>: Community Colleges of Ventura County, Denham Woodworks, Fence Factory, Law Firm of Friedman Bartoumian, M2P Leadership, Parque 1055<\/li>\n\n\n\n<li><strong>Patrocinadores de subscri\u00e7\u00e3o<\/strong>: Institution Ale Company, Matt B Plumbing, Museu do Condado de Ventura, Next Move Unlimited, Ventura Spirits, Wolf Photography, Wrapped<\/li>\n<\/ul>\n\n\n\n<p>Os interessados em apoiar as fam\u00edlias afectadas pelo Mountain Fire podem fazer donativos diretamente para a Funda\u00e7\u00e3o Comunit\u00e1ria do Condado de Ventura \"<a href=\"https:\/\/vccf.org\/pt\/donate\/donate-to-support-disaster-relief\/#relief-recovery\" target=\"_blank\" rel=\"noreferrer noopener\">Apoiar o fundo de ajuda e recupera\u00e7\u00e3o do inc\u00eandio florestal de Ventura County<\/a>.\"<\/p>\n\n\n\n<p><strong>Sobre a Ventura County Leadership Academy&nbsp;<\/strong>- A Academia de Lideran\u00e7a do Condado de Ventura conecta e cultiva uma rede diversificada de l\u00edderes apaixonados e capazes atrav\u00e9s de uma imers\u00e3o tanto em quest\u00f5es cr\u00edticas que moldam o Condado de Ventura quanto em oportunidades de crescimento pessoal e profissional. O programa abrangente da VCLA desperta a consci\u00eancia e a inspira\u00e7\u00e3o, ajudando os membros do grupo a descobrir seu caminho individual para impactar nossa regi\u00e3o. -&nbsp;<a href=\"http:\/\/www.vcleadership.org\/\" target=\"_blank\" rel=\"noopener\">www.vcleadership.org<\/a>&nbsp;- 805-253-2683<\/p>","protected":false},"excerpt":{"rendered":"<p>Este artigo foi originalmente publicado por Amigos805. A comunidade re\u00fane-se para apoiar as fam\u00edlias afectadas pelo fogo que ficaram sem ajuda federal VENTURA - Mais de 150 membros da comunidade reuniram-se na sexta-feira, 25 de abril...<\/p>","protected":false},"author":8,"featured_media":0,"comment_status":"closed","ping_status":"closed","sticky":false,"template":"","format":"standard","meta":{"_acf_changed":false,"give_campaign_id":0,"footnotes":""},"categories":[22],"tags":[],"class_list":["post-23160","post","type-post","status-publish","format-standard","hentry","category-latest-coverage"],"acf":[],"_links":{"self":[{"href":"https:\/\/vccf.org\/pt\/wp-json\/wp\/v2\/posts\/23160","targetHints":{"allow":["GET"]}}],"collection":[{"href":"https:\/\/vccf.org\/pt\/wp-json\/wp\/v2\/posts"}],"about":[{"href":"https:\/\/vccf.org\/pt\/wp-json\/wp\/v2\/types\/post"}],"author":[{"embeddable":true,"href":"https:\/\/vccf.org\/pt\/wp-json\/wp\/v2\/users\/8"}],"replies":[{"embeddable":true,"href":"https:\/\/vccf.org\/pt\/wp-json\/wp\/v2\/comments?post=23160"}],"version-history":[{"count":0,"href":"https:\/\/vccf.org\/pt\/wp-json\/wp\/v2\/posts\/23160\/revisions"}],"wp:attachment":[{"href":"https:\/\/vccf.org\/pt\/wp-json\/wp\/v2\/media?parent=23160"}],"wp:term":[{"taxonomy":"category","embeddable":true,"href":"https:\/\/vccf.org\/pt\/wp-json\/wp\/v2\/categories?post=23160"},{"taxonomy":"post_tag","embeddable":true,"href":"https:\/\/vccf.org\/pt\/wp-json\/wp\/v2\/tags?post=23160"}],"curies":[{"name":"wp","href":"https:\/\/api.w.org\/{rel}","templated":true}]}}