{"id":2724,"date":"2018-01-05T10:27:52","date_gmt":"2018-01-05T18:27:52","guid":{"rendered":"https:\/\/vccf.org\/?p=2724"},"modified":"2025-01-29T07:48:42","modified_gmt":"2025-01-29T07:48:42","slug":"fund-helps-fire-victims","status":"publish","type":"post","link":"https:\/\/vccf.org\/pt\/fund-helps-fire-victims\/","title":{"rendered":"Fundo de ajuda \u00e0s v\u00edtimas dos inc\u00eandios"},"content":{"rendered":"<p><!--more--><\/p>\n<p><em>Este \u00e9 um excerto do Camarillo Acorn BRIEFS. Leia a hist\u00f3ria completa no Camarillo Acorn\u00a0<a href=\"https:\/\/www.thecamarilloacorn.com\/articles\/briefs-295\/\" target=\"_blank\" rel=\"noopener\">s\u00edtio Web<\/a>.\u00a0<\/em><\/p>\n<p>As organiza\u00e7\u00f5es sem fins lucrativos do Condado de Ventura que foram afectadas pelos inc\u00eandios e que est\u00e3o a ajudar as pessoas necessitadas podem candidatar-se a financiamento de socorro atrav\u00e9s do Fundo para Necessidades S\u00fabitas e Urgentes da Funda\u00e7\u00e3o Comunit\u00e1ria do Condado de Ventura, para subs\u00eddios at\u00e9 $5.000.<\/p>\n<p>O objetivo do Fundo SUN \u00e9 evitar a perda de servi\u00e7os de rede de seguran\u00e7a prestados por organiza\u00e7\u00f5es sem fins lucrativos e responder rapidamente a necessidades imediatas ou inesperadas ou a oportunidades de financiamento especiais em que um pequeno investimento far\u00e1 uma grande diferen\u00e7a.<\/p>\n<p>O novo programa de subven\u00e7\u00f5es j\u00e1 financiou um gerador de energia para a Interface Children and Family Services para operar a linha direta de servi\u00e7os comunit\u00e1rios 211 durante as falhas de energia.<\/p>\n<p>Outros exemplos de projectos financi\u00e1veis incluem repara\u00e7\u00f5es de emerg\u00eancia num edif\u00edcio ou em sistemas mec\u00e2nicos que falharam durante a presta\u00e7\u00e3o de servi\u00e7os de emerg\u00eancia, e recursos para aumentar o trabalho da organiza\u00e7\u00e3o, como forma\u00e7\u00e3o sobre perturba\u00e7\u00e3o de stress p\u00f3s-traum\u00e1tico para orientadores escolares que apoiam crian\u00e7as gravemente afectadas por uma cat\u00e1strofe ou acontecimento traum\u00e1tico.<\/p>\n<p>A funda\u00e7\u00e3o foi criada em 1987 e esfor\u00e7a-se por desenvolver a filantropia na regi\u00e3o para o bem-estar de todos no Condado de Ventura. A VCCF investe no futuro atrav\u00e9s de bolsas de estudo, concess\u00e3o de subs\u00eddios e parcerias de colabora\u00e7\u00e3o.<\/p>\n<p>Para mais informa\u00e7\u00f5es ou para organiza\u00e7\u00f5es que pretendam candidatar-se a financiamento, visite\u00a0<a class=\"autohyperlink\" href=\"https:\/\/vccf.org\/pt\/\">vccf.org<\/a>, envie um e-mail para Breanne Foster em\u00a0<a class=\"autohyperlink\" href=\"mailto:bfoster@vccf.org\">bfoster@vccf.org<\/a>\u00a0ou ligue para (805) 988-0196.<\/p>","protected":false},"excerpt":{"rendered":"","protected":false},"author":3,"featured_media":1475,"comment_status":"closed","ping_status":"closed","sticky":false,"template":"","format":"standard","meta":{"_acf_changed":false,"give_campaign_id":0,"footnotes":""},"categories":[22],"tags":[],"class_list":["post-2724","post","type-post","status-publish","format-standard","has-post-thumbnail","hentry","category-latest-coverage"],"acf":[],"_links":{"self":[{"href":"https:\/\/vccf.org\/pt\/wp-json\/wp\/v2\/posts\/2724","targetHints":{"allow":["GET"]}}],"collection":[{"href":"https:\/\/vccf.org\/pt\/wp-json\/wp\/v2\/posts"}],"about":[{"href":"https:\/\/vccf.org\/pt\/wp-json\/wp\/v2\/types\/post"}],"author":[{"embeddable":true,"href":"https:\/\/vccf.org\/pt\/wp-json\/wp\/v2\/users\/3"}],"replies":[{"embeddable":true,"href":"https:\/\/vccf.org\/pt\/wp-json\/wp\/v2\/comments?post=2724"}],"version-history":[{"count":0,"href":"https:\/\/vccf.org\/pt\/wp-json\/wp\/v2\/posts\/2724\/revisions"}],"wp:featuredmedia":[{"embeddable":true,"href":"https:\/\/vccf.org\/pt\/wp-json\/wp\/v2\/media\/1475"}],"wp:attachment":[{"href":"https:\/\/vccf.org\/pt\/wp-json\/wp\/v2\/media?parent=2724"}],"wp:term":[{"taxonomy":"category","embeddable":true,"href":"https:\/\/vccf.org\/pt\/wp-json\/wp\/v2\/categories?post=2724"},{"taxonomy":"post_tag","embeddable":true,"href":"https:\/\/vccf.org\/pt\/wp-json\/wp\/v2\/tags?post=2724"}],"curies":[{"name":"wp","href":"https:\/\/api.w.org\/{rel}","templated":true}]}}