{"id":2882,"date":"2018-01-30T11:17:16","date_gmt":"2018-01-30T19:17:16","guid":{"rendered":"https:\/\/vccf.org\/?p=2882"},"modified":"2025-01-29T07:48:41","modified_gmt":"2025-01-29T07:48:41","slug":"editorial-a-new-step-forward-for-county-foundation","status":"publish","type":"post","link":"https:\/\/vccf.org\/pt\/editorial-a-new-step-forward-for-county-foundation\/","title":{"rendered":"Editorial: Um novo passo em frente para a Funda\u00e7\u00e3o do Condado"},"content":{"rendered":"<p><!--more--><\/p>\n<p><em>Leia a hist\u00f3ria completa abaixo ou no VC Star <a href=\"http:\/\/www.vcstar.com\/story\/opinion\/editorials\/2018\/01\/29\/editorial-new-step-forward-county-foundation\/1077137001\/\" target=\"_blank\" rel=\"noopener\">s\u00edtio Web<\/a>.<\/em><\/p>\n<p class=\"speakable-p-1 p-text\">Qualquer pessoa que duvide do importante papel que a Ventura County Community Foundation desempenha na ajuda aos menos afortunados da nossa regi\u00e3o deve considerar os seus \u00faltimos esfor\u00e7os. A funda\u00e7\u00e3o contribuiu com mais de $1 milh\u00e3o para grupos sem fins lucrativos que ajudam os sobreviventes do Inc\u00eandio de Thomas e est\u00e1 a gerir um novo fundo destinado a ajudar os imigrantes sem documentos afectados pelo inc\u00eandio ou pelos deslizamentos de terra de Montecito.<\/p>\n<p class=\"speakable-p-1 p-text\">Por isso, fic\u00e1mos satisfeitos por saber, na semana passada, no The Star, que o Gabinete do Procurador-Geral do Estado encerrou a sua investiga\u00e7\u00e3o \u00e0 funda\u00e7\u00e3o. H\u00e1 um ano, o Estado chamou a aten\u00e7\u00e3o da funda\u00e7\u00e3o para pr\u00e1ticas financeiras \"imprudentes\", mas no m\u00eas passado determinou que o grupo tinha feito todas as correc\u00e7\u00f5es necess\u00e1rias.<\/p>\n<p class=\"speakable-p-1 p-text\">Criada em 1987, a funda\u00e7\u00e3o funciona como um grupo de c\u00fapula que gere cerca de $120 milh\u00f5es em activos de caridade para v\u00e1rios grupos do Condado de Ventura. Ajuda a criar e gerir fundos que concedem subs\u00eddios a pessoas carenciadas e bolsas de estudo para estudantes locais, entre outras causas.<\/p>\n<p class=\"speakable-p-1 p-text\">A diretora-geral da Funda\u00e7\u00e3o, Vanessa Bechtel, descobriu e comunicou os problemas financeiros ao Estado depois de assumir o cargo em 2015. Merece muitos elogios por ter liderado os esfor\u00e7os para identificar e corrigir os problemas.<\/p>\n<p class=\"speakable-p-1 p-text\">O Estado ordenou \u00e0 funda\u00e7\u00e3o que formasse melhor os membros do seu conselho de administra\u00e7\u00e3o, que contratasse um perito para rever e melhorar as pol\u00edticas e pr\u00e1ticas e que come\u00e7asse a reembolsar um montante estimado em $1,8 milh\u00f5es que n\u00e3o conseguiu ganhar ao colocar os fundos dos doadores em contas do mercado monet\u00e1rio com juros baixos. O Estado tamb\u00e9m criticou a compra de um novo edif\u00edcio sede pela funda\u00e7\u00e3o.<\/p>\n<p class=\"speakable-p-1 p-text\">A funda\u00e7\u00e3o gastou cerca de $500.000 em peritos jur\u00eddicos e contabil\u00edsticos e mais de 1.000 horas de trabalho da dire\u00e7\u00e3o para corrigir os problemas, disse Bechtel ao The Star. Come\u00e7ou a reembolsar os $1,8 milh\u00f5es, mas tem uma d\u00e9cada para o fazer. O Procurador-Geral, numa carta dirigida \u00e0 funda\u00e7\u00e3o no m\u00eas passado, elogiou-a por ter comunicado voluntariamente as suas preocupa\u00e7\u00f5es em mat\u00e9ria de investimentos e dota\u00e7\u00f5es e por ter cooperado plenamente com o Estado.<\/p>\n<p class=\"speakable-p-1 p-text\">H\u00e1 cerca de 10 meses, public\u00e1mos que a funda\u00e7\u00e3o tinha \"planos s\u00f3lidos para reparar os problemas financeiros. O que ser\u00e1 mais dif\u00edcil \u00e9 reparar os danos que o epis\u00f3dio causou na confian\u00e7a da comunidade nesta importante entidade sem fins lucrativos\".<\/p>\n<p class=\"speakable-p-1 p-text\">Embora ainda haja muito trabalho a fazer, acreditamos que o encerramento da investiga\u00e7\u00e3o estatal \u00e9 mais um passo positivo para reconstruir essa confian\u00e7a. E chegou num momento oportuno, uma vez que a funda\u00e7\u00e3o desempenha um papel de lideran\u00e7a na recupera\u00e7\u00e3o do condado ap\u00f3s o inc\u00eandio de Thomas.<\/p>\n<p class=\"speakable-p-1 p-text\">O novo fundo que ir\u00e1 gerir, chamado 805 Undocufund, foi criado por v\u00e1rios grupos sem fins lucrativos para ajudar os imigrantes que perderam as suas casas ou empregos e est\u00e3o exclu\u00eddos de muitos programas de ajuda do governo. Para saber mais, visite 805undocufund.org.<\/p>","protected":false},"excerpt":{"rendered":"","protected":false},"author":3,"featured_media":1449,"comment_status":"closed","ping_status":"closed","sticky":false,"template":"","format":"standard","meta":{"_acf_changed":false,"give_campaign_id":0,"footnotes":""},"categories":[22],"tags":[],"class_list":["post-2882","post","type-post","status-publish","format-standard","has-post-thumbnail","hentry","category-latest-coverage"],"acf":[],"_links":{"self":[{"href":"https:\/\/vccf.org\/pt\/wp-json\/wp\/v2\/posts\/2882","targetHints":{"allow":["GET"]}}],"collection":[{"href":"https:\/\/vccf.org\/pt\/wp-json\/wp\/v2\/posts"}],"about":[{"href":"https:\/\/vccf.org\/pt\/wp-json\/wp\/v2\/types\/post"}],"author":[{"embeddable":true,"href":"https:\/\/vccf.org\/pt\/wp-json\/wp\/v2\/users\/3"}],"replies":[{"embeddable":true,"href":"https:\/\/vccf.org\/pt\/wp-json\/wp\/v2\/comments?post=2882"}],"version-history":[{"count":0,"href":"https:\/\/vccf.org\/pt\/wp-json\/wp\/v2\/posts\/2882\/revisions"}],"wp:featuredmedia":[{"embeddable":true,"href":"https:\/\/vccf.org\/pt\/wp-json\/wp\/v2\/media\/1449"}],"wp:attachment":[{"href":"https:\/\/vccf.org\/pt\/wp-json\/wp\/v2\/media?parent=2882"}],"wp:term":[{"taxonomy":"category","embeddable":true,"href":"https:\/\/vccf.org\/pt\/wp-json\/wp\/v2\/categories?post=2882"},{"taxonomy":"post_tag","embeddable":true,"href":"https:\/\/vccf.org\/pt\/wp-json\/wp\/v2\/tags?post=2882"}],"curies":[{"name":"wp","href":"https:\/\/api.w.org\/{rel}","templated":true}]}}