{"id":2898,"date":"2018-02-01T16:50:28","date_gmt":"2018-02-02T00:50:28","guid":{"rendered":"https:\/\/vccf.org\/?p=2898"},"modified":"2025-01-29T07:48:41","modified_gmt":"2025-01-29T07:48:41","slug":"acorn-top-10-of-the-year","status":"publish","type":"post","link":"https:\/\/vccf.org\/pt\/acorn-top-10-of-the-year\/","title":{"rendered":"Os 10 melhores do ano da Acorn"},"content":{"rendered":"<p><!--more--><\/p>\n<p><em>Leia a hist\u00f3ria completa abaixo ou no Camarillo Acorn <a href=\"https:\/\/www.thecamarilloacorn.com\/articles\/acorn-top-10-of-the-year\/\" target=\"_blank\" rel=\"noopener\">s\u00edtio Web<\/a>.\u00a0<\/em><\/p>\n<div class=\"entry-content\">\n<div id=\"attachment_68073\" class=\"wp-caption alignleft\" style=\"width: 232px;\">\n<div id=\"attachment_68073\" style=\"width: 187px\" class=\"wp-caption alignleft\"><a href=\"https:\/\/www.thecamarilloacorn.com\/wp-content\/uploads\/images\/2018-02-02\/39p1.jpg\" data-slb-active=\"1\" data-slb-asset=\"1821563911\" data-slb-internal=\"0\" data-slb-group=\"68072\" target=\"_blank\" rel=\"noopener\"><img loading=\"lazy\" decoding=\"async\" aria-describedby=\"caption-attachment-68073\" class=\"wp-image-68073\" src=\"https:\/\/www.thecamarilloacorn.com\/wp-content\/uploads\/images\/2018-02-02\/39p1.jpg\" sizes=\"auto, (max-width: 576px) 100vw, 576px\" srcset=\"https:\/\/www.thecamarilloacorn.com\/wp-content\/uploads\/images\/2018-02-02\/39p1.jpg 576w, https:\/\/www.thecamarilloacorn.com\/wp-content\/uploads\/images\/2018-02-02\/39p1-187x300.jpg 187w, https:\/\/www.thecamarilloacorn.com\/wp-content\/uploads\/images\/2018-02-02\/39p1-400x641.jpg 400w, https:\/\/www.thecamarilloacorn.com\/wp-content\/uploads\/images\/2018-02-02\/39p1-62x100.jpg 62w\" alt=\"Vanessa Bechtel\" width=\"177\" height=\"284\" \/><\/a><p id=\"caption-attachment-68073\" class=\"wp-caption-text\">Vanessa Bechtel<\/p><\/div>\n<div class=\"g g-1\">\n<div class=\"g-single a-6\">\n<div id=\"vcmad_76578\"><\/div>\n<div class=\"cnvr-ubr-adm\">\n<div id=\"cnvr-140204275407038365\"><\/div>\n<\/div>\n<\/div>\n<\/div>\n<\/div>\n<p><strong>Vanessa Bechtel<\/strong><br \/>\nQuando a Funda\u00e7\u00e3o Comunit\u00e1ria do Condado de Ventura comunicou erros administrativos importantes ao gabinete do procurador-geral da Calif\u00f3rnia, em 2015, isso poderia ter sido um desastre para a organiza\u00e7\u00e3o de benefic\u00eancia.<\/p>\n<p>Mas, sob a lideran\u00e7a de Vanessa Bechtel, a funda\u00e7\u00e3o fez todas as correc\u00e7\u00f5es necess\u00e1rias e o gabinete do procurador-geral encerrou a investiga\u00e7\u00e3o no in\u00edcio de dezembro, mesmo a tempo de a funda\u00e7\u00e3o ajudar na recupera\u00e7\u00e3o do inc\u00eandio de Thomas.<\/p>\n<p>Bechtel, 38 anos, disse que a sua organiza\u00e7\u00e3o n\u00e3o est\u00e1 a retirar quaisquer taxas administrativas ou custos gerais dos fundos destinados \u00e0 ajuda humanit\u00e1ria.<\/p>\n<p>\"Do\u00e1mos mais de $1 milh\u00f5es nas primeiras tr\u00eas semanas da cat\u00e1strofe e 100% de cada d\u00f3lar angariado vai diretamente para organiza\u00e7\u00f5es que trabalham com indiv\u00edduos\", afirmou.<\/p>\n<div id=\"attachment_68074\" class=\"wp-caption alignright\" style=\"width: 210px;\">\n<p class=\"wp-caption-text\">\n<\/div>\n<p>Bechtel e o seu marido de quatro anos, Jim, t\u00eam quatro netos e dois c\u00e3es. Vivem em Santa Barbara, mas Bechtel disse que planeia mudar-se para Camarillo em breve. Ela disse que o trabalho de caridade \u00e9 \"uma ferramenta para resolver os desafios mais prementes de hoje\".<\/p>\n<p><strong>Mark Lorenzen<br \/>\n<\/strong><\/p>\n<div id=\"attachment_68074\" style=\"width: 175px\" class=\"wp-caption alignright\"><a href=\"https:\/\/www.thecamarilloacorn.com\/wp-content\/uploads\/images\/2018-02-02\/39p2.jpg\" data-slb-active=\"1\" data-slb-asset=\"816676600\" data-slb-internal=\"0\" data-slb-group=\"68072\" target=\"_blank\" rel=\"noopener\"><img loading=\"lazy\" decoding=\"async\" aria-describedby=\"caption-attachment-68074\" class=\"wp-image-68074\" src=\"https:\/\/www.thecamarilloacorn.com\/wp-content\/uploads\/images\/2018-02-02\/39p2-641x1024.jpg\" sizes=\"auto, (max-width: 641px) 100vw, 641px\" srcset=\"https:\/\/www.thecamarilloacorn.com\/wp-content\/uploads\/images\/2018-02-02\/39p2-641x1024.jpg 641w, https:\/\/www.thecamarilloacorn.com\/wp-content\/uploads\/images\/2018-02-02\/39p2-188x300.jpg 188w, https:\/\/www.thecamarilloacorn.com\/wp-content\/uploads\/images\/2018-02-02\/39p2-400x639.jpg 400w, https:\/\/www.thecamarilloacorn.com\/wp-content\/uploads\/images\/2018-02-02\/39p2-63x100.jpg 63w, https:\/\/www.thecamarilloacorn.com\/wp-content\/uploads\/images\/2018-02-02\/39p2.jpg 713w\" alt=\"Mark Lorenzen\" width=\"165\" height=\"263\" \/><\/a><p id=\"caption-attachment-68074\" class=\"wp-caption-text\">Mark Lorenzen<\/p><\/div>\n<p>O chefe dos bombeiros de Ventura County, Mark Lorenzen, teve dois meses muito ocupados.<\/p>\n<p>Lorenzen foi o respons\u00e1vel pelo combate ao inc\u00eandio de Thomas, o maior da hist\u00f3ria do Estado, embora, segundo ele, n\u00e3o tenha sido o mais destrutivo.<\/p>\n<p>\"Foi um per\u00edodo longo, dif\u00edcil e dif\u00edcil, e nunca tive tanto orgulho nos membros do Corpo de Bombeiros do Condado de Ventura\", afirmou.<\/p>\n<p>Ele atribui o salvamento de in\u00fameras casas \u00e0 coopera\u00e7\u00e3o perfeita dos seus 600 bombeiros e dos milhares de outros socorristas de todo o estado e do pa\u00eds.<br \/>\n\"Todos os que estavam aqui no nosso condado pareciam estar a combater inc\u00eandios nas suas pr\u00f3prias cidades e condados e a cuidar das suas pr\u00f3prias fam\u00edlias\", afirmou.<\/p>\n<p>O pai de tr\u00eas filhos, de 54 anos de idade, tamb\u00e9m enviou 80 bombeiros para ajudar nas inunda\u00e7\u00f5es e deslizamentos de terra que se seguiram em Montecito.<\/p>\n<p>Quando n\u00e3o est\u00e1 a combater desastres, o residente de Santa Barbara gosta de jogar golfe, esquiar na neve e fazer exerc\u00edcio f\u00edsico.<\/p>\n<div id=\"attachment_68076\" class=\"wp-caption alignright\" style=\"width: 160px;\">\n<p class=\"wp-caption-text\">\n<\/div>\n<p><strong>Joe Vacca<\/strong><br \/>\nEste ano foi um grande ano para os promotores e equipas de constru\u00e7\u00e3o em Camarillo e, como diretor de desenvolvimento comunit\u00e1rio, Joe Vacca supervisionou tudo.<\/p>\n<p>Novos empreendimentos habitacionais, edif\u00edcios de uso misto e o hotel e centro de confer\u00eancias planeados perto do Camarillo Premium Outlets passaram todos pela sua secret\u00e1ria.<\/p>\n<p>\"Adoro o facto de poder interagir com os promotores, a comunidade e os decisores para manter e melhorar a qualidade de vida em Camarillo\", afirmou.<\/p>\n<p>Vacca, 43 anos, veio da cidade de Moorpark para Camarillo em agosto de 2014.<\/p>\n<div id=\"attachment_68078\" class=\"wp-caption alignright\" style=\"width: 178px;\">\n<p class=\"wp-caption-text\">\n<\/div>\n<p>Come\u00e7ou como diretor adjunto de desenvolvimento comunit\u00e1rio e, cinco meses depois, foi nomeado diretor interino. Em abril de 2015, perdeu o cargo de diretor interino.<\/p>\n<p>Vacca vive em Simi Valley com a sua mulher de 17 anos, Jennifer, e os seus dois filhos. \u00c9 chefe adjunto dos escuteiros e treinador de basquetebol em Simi.<\/p>\n<p><strong>Erika Beck<\/strong><\/p>\n<div id=\"attachment_68076\" style=\"width: 170px\" class=\"wp-caption alignright\"><a href=\"https:\/\/www.thecamarilloacorn.com\/wp-content\/uploads\/images\/2018-02-02\/39p4.jpg\" data-slb-active=\"1\" data-slb-asset=\"1469259291\" data-slb-internal=\"0\" data-slb-group=\"68072\" target=\"_blank\" rel=\"noopener\"><img loading=\"lazy\" decoding=\"async\" aria-describedby=\"caption-attachment-68076\" class=\"wp-image-68076\" src=\"https:\/\/www.thecamarilloacorn.com\/wp-content\/uploads\/images\/2018-02-02\/39p4-639x1024.jpg\" sizes=\"auto, (max-width: 639px) 100vw, 639px\" srcset=\"https:\/\/www.thecamarilloacorn.com\/wp-content\/uploads\/images\/2018-02-02\/39p4-639x1024.jpg 639w, https:\/\/www.thecamarilloacorn.com\/wp-content\/uploads\/images\/2018-02-02\/39p4-187x300.jpg 187w, https:\/\/www.thecamarilloacorn.com\/wp-content\/uploads\/images\/2018-02-02\/39p4-400x641.jpg 400w, https:\/\/www.thecamarilloacorn.com\/wp-content\/uploads\/images\/2018-02-02\/39p4-62x100.jpg 62w, https:\/\/www.thecamarilloacorn.com\/wp-content\/uploads\/images\/2018-02-02\/39p4.jpg 728w\" alt=\"Erika Beck\" width=\"160\" height=\"257\" \/><\/a><p id=\"caption-attachment-68076\" class=\"wp-caption-text\">Erika Beck<\/p><\/div>\n<p>Como presidente da California State University Channel Islands, Erika Beck ajudou a mais recente escola da CSU a expandir-se para um campus com 7.000 alunos. \"Estamos a crescer como loucos e vamos continuar a crescer\", afirmou. \"Estamos a concentrar-nos muito diretamente no sucesso dos estudantes, aumentando as taxas de gradua\u00e7\u00e3o e diminuindo o tempo de gradua\u00e7\u00e3o.\"<\/p>\n<p>Tamb\u00e9m ajudou a sua escola a classificar-se entre as 20 melhores faculdades e universidades americanas no que respeita ao aumento da mobilidade social dos estudantes, de acordo com a CollegeNET, sediada em Portland, Oregon. A mobilidade social mede se os estudantes s\u00e3o capazes de obter rendimentos mais elevados do que os dos seus pais e melhorar o seu estatuto socioecon\u00f3mico.<\/p>\n<p>\"Penso que isso, acima de tudo, resume a nossa miss\u00e3o\", afirmou Beck.<\/p>\n<p>A m\u00e3e de dois rapazes, de 45 anos, passa o seu tempo fora do trabalho a fazer voluntariado, ioga, corrida, surf e a ser \"m\u00e3e do futebol, do basebol e do basquetebol\". Ela e a sua fam\u00edlia mudaram-se para Camarillo h\u00e1 cerca de um ano e meio. \"Temos muita sorte por vivermos no melhor s\u00edtio do mundo\", disse ela.<\/p>\n<div id=\"attachment_68080\" class=\"wp-caption alignright\">\n<p class=\"wp-caption-text\">\n<\/div>\n<p><strong>Gwen Speakes<\/strong><\/p>\n<div id=\"attachment_68077\" style=\"width: 162px\" class=\"wp-caption alignleft\"><a href=\"https:\/\/www.thecamarilloacorn.com\/wp-content\/uploads\/images\/2018-02-02\/39p5.jpg\" data-slb-active=\"1\" data-slb-asset=\"716305089\" data-slb-internal=\"0\" data-slb-group=\"68072\" target=\"_blank\" rel=\"noopener\"><img loading=\"lazy\" decoding=\"async\" aria-describedby=\"caption-attachment-68077\" class=\"wp-image-68077\" src=\"https:\/\/www.thecamarilloacorn.com\/wp-content\/uploads\/images\/2018-02-02\/39p5.jpg\" sizes=\"auto, (max-width: 353px) 100vw, 353px\" srcset=\"https:\/\/www.thecamarilloacorn.com\/wp-content\/uploads\/images\/2018-02-02\/39p5.jpg 353w, https:\/\/www.thecamarilloacorn.com\/wp-content\/uploads\/images\/2018-02-02\/39p5-187x300.jpg 187w, https:\/\/www.thecamarilloacorn.com\/wp-content\/uploads\/images\/2018-02-02\/39p5-62x100.jpg 62w\" alt=\"Gwen Speakes\" width=\"152\" height=\"244\" \/><\/a><p id=\"caption-attachment-68077\" class=\"wp-caption-text\">Gwen Speakes<\/p><\/div>\n<p>Enquanto presidente da Meadowlark Service League, Gwen Speakes supervisionou a distribui\u00e7\u00e3o de cerca de $220 000 a 33 institui\u00e7\u00f5es de caridade e bolseiros do Condado de Ventura em 2017.<\/p>\n<p>Speakes, 68 anos, juntou-se aos Meadowlarks depois de se ter mudado para Camarillo h\u00e1 20 anos.<\/p>\n<p>\"Gosto do facto de fazermos doa\u00e7\u00f5es a institui\u00e7\u00f5es de caridade locais e de nos concentrarmos em causar impacto na nossa comunidade\", afirmou.<\/p>\n<p>Em junho, o grupo organiza um almo\u00e7o para atribuir o dinheiro do subs\u00eddio, um dia que, segundo ela, faz com que o trabalho \u00e1rduo valha a pena.<\/p>\n<p>\"Pedimos \u00e0s institui\u00e7\u00f5es de caridade que venham falar sobre o que fazem com o dinheiro e o impacto que este tem tido na comunidade\", afirmou.<\/p>\n<p>Speakes, que tem tr\u00eas filhos e est\u00e1 casada com o seu marido, Jeffrey, h\u00e1 34 anos, est\u00e1 a preparar-se para o torneio anual de t\u00e9nis e almo\u00e7o de benefic\u00eancia do grupo no Las Posas Country Club, em mar\u00e7o, que, segundo ela, costuma angariar cerca de $50.000.<\/p>\n<p><strong>Darren Lee<\/strong><\/p>\n<div id=\"attachment_68078\" style=\"width: 188px\" class=\"wp-caption alignright\"><a href=\"https:\/\/www.thecamarilloacorn.com\/wp-content\/uploads\/images\/2018-02-02\/39p6.jpg\" data-slb-active=\"1\" data-slb-asset=\"712305214\" data-slb-internal=\"0\" data-slb-group=\"68072\" target=\"_blank\" rel=\"noopener\"><img loading=\"lazy\" decoding=\"async\" aria-describedby=\"caption-attachment-68078\" class=\"wp-image-68078\" src=\"https:\/\/www.thecamarilloacorn.com\/wp-content\/uploads\/images\/2018-02-02\/39p6-638x1024.jpg\" sizes=\"auto, (max-width: 638px) 100vw, 638px\" srcset=\"https:\/\/www.thecamarilloacorn.com\/wp-content\/uploads\/images\/2018-02-02\/39p6-638x1024.jpg 638w, https:\/\/www.thecamarilloacorn.com\/wp-content\/uploads\/images\/2018-02-02\/39p6-187x300.jpg 187w, https:\/\/www.thecamarilloacorn.com\/wp-content\/uploads\/images\/2018-02-02\/39p6-400x642.jpg 400w, https:\/\/www.thecamarilloacorn.com\/wp-content\/uploads\/images\/2018-02-02\/39p6-62x100.jpg 62w, https:\/\/www.thecamarilloacorn.com\/wp-content\/uploads\/images\/2018-02-02\/39p6.jpg 758w\" alt=\"Darren Lee\" width=\"178\" height=\"285\" \/><\/a><p id=\"caption-attachment-68078\" class=\"wp-caption-text\">Darren Lee<\/p><\/div>\n<p>No final deste ver\u00e3o, o St. John's Pleasant Valley Hospital ir\u00e1 inaugurar um novo edif\u00edcio com mais de 70.000 p\u00e9s quadrados de salas de opera\u00e7\u00f5es e espa\u00e7o para cuidados dos doentes.<\/p>\n<p>Darren Lee, presidente e diretor executivo do hospital de Camarillo e do St. John's Regional Medical Center em Oxnard, concretizou um projeto que se arrastava h\u00e1 20 anos.<\/p>\n<div id=\"attachment_68082\" class=\"wp-caption alignright\" style=\"width: 187px;\">\n<p class=\"wp-caption-text\">\n<\/div>\n<p>\"Podemos fazer procedimentos aqui em Camarillo que n\u00e3o pod\u00edamos fazer antes\", disse ele. \"Tamb\u00e9m d\u00e1 a esta comunidade tecnologia de ponta e acesso a cuidados que de outra forma n\u00e3o poderiam obter.\"<\/p>\n<p>A remodela\u00e7\u00e3o custou $80 milh\u00f5es e Lee, 50 anos, disse que se trata \"essencialmente de um hospital totalmente novo\".<\/p>\n<p>\"Este vai tornar-se um hospital de destino para muitos dos nossos residentes e pessoas de fora de Camarillo, que vir\u00e3o receber cuidados aqui mesmo em Camarillo\", afirmou.<\/p>\n<p>O cargo de diretor nas instala\u00e7\u00f5es da Dignity Health trouxe Lee, a sua mulher, Debbie, e os seus quatro filhos para Camarillo h\u00e1 tr\u00eas anos.<\/p>\n<p>\"Adoro a minha liga\u00e7\u00e3o \u00e0 comunidade, aos doentes e \u00e0s fam\u00edlias\", afirmou.<\/p>\n<p><strong>Mary Otten<\/strong><\/p>\n<div id=\"attachment_68079\" style=\"width: 160px\" class=\"wp-caption alignleft\"><a href=\"https:\/\/www.thecamarilloacorn.com\/wp-content\/uploads\/images\/2018-02-02\/39p7.jpg\" data-slb-active=\"1\" data-slb-asset=\"72533254\" data-slb-internal=\"0\" data-slb-group=\"68072\" target=\"_blank\" rel=\"noopener\"><img loading=\"lazy\" decoding=\"async\" aria-describedby=\"caption-attachment-68079\" class=\"wp-image-68079\" src=\"https:\/\/www.thecamarilloacorn.com\/wp-content\/uploads\/images\/2018-02-02\/39p7.jpg\" sizes=\"auto, (max-width: 599px) 100vw, 599px\" srcset=\"https:\/\/www.thecamarilloacorn.com\/wp-content\/uploads\/images\/2018-02-02\/39p7.jpg 599w, https:\/\/www.thecamarilloacorn.com\/wp-content\/uploads\/images\/2018-02-02\/39p7-187x300.jpg 187w, https:\/\/www.thecamarilloacorn.com\/wp-content\/uploads\/images\/2018-02-02\/39p7-400x642.jpg 400w, https:\/\/www.thecamarilloacorn.com\/wp-content\/uploads\/images\/2018-02-02\/39p7-62x100.jpg 62w\" alt=\"Mary Otten\" width=\"150\" height=\"241\" \/><\/a><p id=\"caption-attachment-68079\" class=\"wp-caption-text\">Mary Otten<\/p><\/div>\n<p>Mary Otten, diretora-geral do Pleasant Valley Recreation and Park District, supervisionou um ano em que o distrito deu passos em frente para resolver o problema da sobrelota\u00e7\u00e3o das suas instala\u00e7\u00f5es.<\/p>\n<p>O distrito e a cidade de Camarillo financiaram um estudo sobre as necessidades, cujos primeiros resultados foram divulgados num f\u00f3rum p\u00fablico em 30 de janeiro. Otten disse que os resultados finais dever\u00e3o sair em mar\u00e7o.<\/p>\n<p>\"Algumas das coisas de que realmente gosto nos recreios e parques s\u00e3o a oportunidade de fazer algo que afecta diretamente as pessoas de uma forma positiva na nossa comunidade\", disse Otten. \"A outra coisa \u00e9 que todos os dias s\u00e3o um pouco diferentes e nunca s\u00e3o iguais.\"<\/p>\n<p>Otten, 52 anos, mudou-se para Camarillo em 2014, quando foi nomeada diretora-geral do PVRPD. Antes disso, trabalhou para o departamento de recrea\u00e7\u00e3o, parques e bairros de Modesto.<\/p>\n<p>Otten disse que gosta de passar tempo com o seu dachshund de 7 anos, especialmente na praia ou numa caminhada, e que adora estar ao ar livre.<\/p>\n<p><strong>John Zaruka<\/strong><\/p>\n<div id=\"attachment_68080\" style=\"width: 181px\" class=\"wp-caption alignright\"><a href=\"https:\/\/www.thecamarilloacorn.com\/wp-content\/uploads\/images\/2018-02-02\/39p8.jpg\" data-slb-active=\"1\" data-slb-asset=\"2039535067\" data-slb-internal=\"0\" data-slb-group=\"68072\" target=\"_blank\" rel=\"noopener\"><img loading=\"lazy\" decoding=\"async\" aria-describedby=\"caption-attachment-68080\" class=\"wp-image-68080 size-large\" src=\"https:\/\/www.thecamarilloacorn.com\/wp-content\/uploads\/images\/2018-02-02\/39p8.jpg\" sizes=\"auto, (max-width: 171px) 100vw, 171px\" srcset=\"https:\/\/www.thecamarilloacorn.com\/wp-content\/uploads\/images\/2018-02-02\/39p8.jpg 171w, https:\/\/www.thecamarilloacorn.com\/wp-content\/uploads\/images\/2018-02-02\/39p8-62x100.jpg 62w\" alt=\"John Zaruka\" width=\"171\" height=\"275\" \/><\/a><p id=\"caption-attachment-68080\" class=\"wp-caption-text\">John Zaruka<\/p><\/div>\n<p>O novo propriet\u00e1rio do campo de golfe Sterling Hills est\u00e1 a dar prioridade ao golfe em detrimento do desenvolvimento habitacional.<\/p>\n<p>John Zaruka, o diretor executivo e fundador da Wedgewood Weddings e da Z-Golf Food and Beverage, comprou a propriedade no ano passado e planeia melhorar o campo e mant\u00ea-lo a funcionar em pleno.<\/p>\n<p>\"Eu queria manter o golfe em Camarillo\", disse Zaruka. \"\u00c9 perto de mim. J\u00e1 t\u00ednhamos um neg\u00f3cio em curso l\u00e1 e era um bom investimento a longo prazo. Eu adoro golfe\".<\/p>\n<p>Zaruka, 66 anos, vive na urbaniza\u00e7\u00e3o Vista Las Posas em Camarillo com a sua mulher, Linda. Est\u00e3o casados h\u00e1 44 anos e os seus filhos, Bill e Stacy, est\u00e3o envolvidos no neg\u00f3cio da fam\u00edlia.<\/p>\n<p>Zaruka disse que ele e a sua fam\u00edlia adoram Camarillo.<\/p>\n<p>\"O que \u00e9 que h\u00e1 para n\u00e3o gostar? Gostamos da localiza\u00e7\u00e3o, adoramos o clima\", disse ele. \"\u00c9 conveniente para os aeroportos, n\u00e3o \u00e9 mau ir para Burbank ou L.A. Gosto da mistura de pessoas aqui.\"<\/p>\n<p><strong>Chris Johnston<\/strong><\/p>\n<div id=\"attachment_68081\" style=\"width: 186px\" class=\"wp-caption alignleft\"><a href=\"https:\/\/www.thecamarilloacorn.com\/wp-content\/uploads\/images\/2018-02-02\/39p9.jpg\" data-slb-active=\"1\" data-slb-asset=\"58412385\" data-slb-internal=\"0\" data-slb-group=\"68072\" target=\"_blank\" rel=\"noopener\"><img loading=\"lazy\" decoding=\"async\" aria-describedby=\"caption-attachment-68081\" class=\"wp-image-68081\" src=\"https:\/\/www.thecamarilloacorn.com\/wp-content\/uploads\/images\/2018-02-02\/39p9.jpg\" sizes=\"auto, (max-width: 576px) 100vw, 576px\" srcset=\"https:\/\/www.thecamarilloacorn.com\/wp-content\/uploads\/images\/2018-02-02\/39p9.jpg 576w, https:\/\/www.thecamarilloacorn.com\/wp-content\/uploads\/images\/2018-02-02\/39p9-187x300.jpg 187w, https:\/\/www.thecamarilloacorn.com\/wp-content\/uploads\/images\/2018-02-02\/39p9-400x641.jpg 400w, https:\/\/www.thecamarilloacorn.com\/wp-content\/uploads\/images\/2018-02-02\/39p9-62x100.jpg 62w\" alt=\"Chris Johnston\" width=\"176\" height=\"282\" \/><\/a><p id=\"caption-attachment-68081\" class=\"wp-caption-text\">Chris Johnston<\/p><\/div>\n<p>Ensinar \u00e9 uma tarefa dif\u00edcil, mas Chris Johnston, superintendente adjunto dos servi\u00e7os empresariais do distrito escolar de Pleasant Valley, sabe que h\u00e1 outras formas de ajudar as crian\u00e7as a obter uma educa\u00e7\u00e3o.<\/p>\n<p>\"Nem toda a gente tem as aptid\u00f5es necess\u00e1rias para ser professor, mas para aqueles que n\u00e3o t\u00eam essas aptid\u00f5es, esta \u00e9 uma oportunidade de fazer parte disso\", afirmou.<\/p>\n<p>Johnston, 40 anos, ajuda a gerir as finan\u00e7as de um distrito escolar com mais de 6.000 alunos em 11 escolas. Ele olha para o quadro geral, mas tudo se resume aos alunos, disse ele.<\/p>\n<p>\"N\u00e3o h\u00e1 nada melhor do que ir a uma escola e ver as crian\u00e7as empenhadas na sala de aula e saber que fazemos parte disso\", afirmou Johnston.<\/p>\n<p>Reside em Camarillo h\u00e1 tr\u00eas anos. Quando n\u00e3o est\u00e1 a trabalhar, faz exerc\u00edcio, trabalha no seu jardim e brinca com o seu dachshund miniatura de 4 anos.<\/p>\n<p>Disse que se sente aben\u00e7oado por viver, trabalhar e ajudar as crian\u00e7as desta comunidade.<\/p>\n<p><strong>Jim Bittner<\/strong><\/p>\n<div id=\"attachment_68082\" style=\"width: 197px\" class=\"wp-caption alignright\"><a href=\"https:\/\/www.thecamarilloacorn.com\/wp-content\/uploads\/images\/2018-02-02\/39p10.jpg\" data-slb-active=\"1\" data-slb-asset=\"644468481\" data-slb-internal=\"0\" data-slb-group=\"68072\" target=\"_blank\" rel=\"noopener\"><img loading=\"lazy\" decoding=\"async\" aria-describedby=\"caption-attachment-68082\" class=\"wp-image-68082\" src=\"https:\/\/www.thecamarilloacorn.com\/wp-content\/uploads\/images\/2018-02-02\/39p10.jpg\" sizes=\"auto, (max-width: 576px) 100vw, 576px\" srcset=\"https:\/\/www.thecamarilloacorn.com\/wp-content\/uploads\/images\/2018-02-02\/39p10.jpg 576w, https:\/\/www.thecamarilloacorn.com\/wp-content\/uploads\/images\/2018-02-02\/39p10-187x300.jpg 187w, https:\/\/www.thecamarilloacorn.com\/wp-content\/uploads\/images\/2018-02-02\/39p10-400x641.jpg 400w, https:\/\/www.thecamarilloacorn.com\/wp-content\/uploads\/images\/2018-02-02\/39p10-62x100.jpg 62w\" alt=\"Jim Bittner\" width=\"187\" height=\"300\" \/><\/a><p id=\"caption-attachment-68082\" class=\"wp-caption-text\">Jim Bittner<\/p><\/div>\n<p>A equipa de futebol da Escola Secund\u00e1ria de Rio Mesa pode ter perdido nas semifinais da CIF, mas os Spartans fizeram um 10-0 perfeito na \u00e9poca regular e igualaram o recorde da escola de vit\u00f3rias num ano com a sua marca de 12-1 sob o comando do treinador Jim Bittner, que est\u00e1 no quarto ano.<\/p>\n<p>\"Foi um grande ano a trabalhar com um grande grupo de mi\u00fados e treinadores\", disse Bittner. \"Tudo parecia estar a correr bem para n\u00f3s. Tivemos alguns acontecimentos felizes ao longo do caminho, e o trabalho \u00e1rduo e a perseveran\u00e7a compensaram.\"<\/p>\n<p>Bittner, 50 anos, tamb\u00e9m ensina educa\u00e7\u00e3o f\u00edsica e muscula\u00e7\u00e3o em Rio Mesa. H\u00e1 quase 30 anos que ensina e treina em todos os n\u00edveis, desde o jardim de inf\u00e2ncia at\u00e9 ao Moorpark College.<\/p>\n<p>\"Adoro trabalhar com crian\u00e7as\", disse. \"Adoro treinar. \u00c9 uma paix\u00e3o. Fui educado para ir atr\u00e1s da nossa paix\u00e3o, e n\u00e3o \u00e9 como ir para o trabalho todos os dias. Sa\u00edmos e fazemos o que gostamos de fazer.\"<\/p>\n<p>Bittner e a sua mulher, Tauna, casaram-se em 2004 e t\u00eam tr\u00eas filhos.<\/p>\n<\/div>\n<div class=\"entry-content\">\n<div id=\"attachment_68073\" class=\"wp-caption alignleft\" style=\"width: 203px;\">\n<div class=\"mceTemp\"><\/div>\n<\/div>\n<p>&nbsp;<\/p>\n<p>&nbsp;<\/p>\n<p>&nbsp;<\/p>\n<\/div>","protected":false},"excerpt":{"rendered":"","protected":false},"author":3,"featured_media":1475,"comment_status":"closed","ping_status":"closed","sticky":false,"template":"","format":"standard","meta":{"_acf_changed":false,"give_campaign_id":0,"footnotes":""},"categories":[22],"tags":[],"class_list":["post-2898","post","type-post","status-publish","format-standard","has-post-thumbnail","hentry","category-latest-coverage"],"acf":[],"_links":{"self":[{"href":"https:\/\/vccf.org\/pt\/wp-json\/wp\/v2\/posts\/2898","targetHints":{"allow":["GET"]}}],"collection":[{"href":"https:\/\/vccf.org\/pt\/wp-json\/wp\/v2\/posts"}],"about":[{"href":"https:\/\/vccf.org\/pt\/wp-json\/wp\/v2\/types\/post"}],"author":[{"embeddable":true,"href":"https:\/\/vccf.org\/pt\/wp-json\/wp\/v2\/users\/3"}],"replies":[{"embeddable":true,"href":"https:\/\/vccf.org\/pt\/wp-json\/wp\/v2\/comments?post=2898"}],"version-history":[{"count":0,"href":"https:\/\/vccf.org\/pt\/wp-json\/wp\/v2\/posts\/2898\/revisions"}],"wp:featuredmedia":[{"embeddable":true,"href":"https:\/\/vccf.org\/pt\/wp-json\/wp\/v2\/media\/1475"}],"wp:attachment":[{"href":"https:\/\/vccf.org\/pt\/wp-json\/wp\/v2\/media?parent=2898"}],"wp:term":[{"taxonomy":"category","embeddable":true,"href":"https:\/\/vccf.org\/pt\/wp-json\/wp\/v2\/categories?post=2898"},{"taxonomy":"post_tag","embeddable":true,"href":"https:\/\/vccf.org\/pt\/wp-json\/wp\/v2\/tags?post=2898"}],"curies":[{"name":"wp","href":"https:\/\/api.w.org\/{rel}","templated":true}]}}