{"id":2912,"date":"2018-02-04T18:16:21","date_gmt":"2018-02-05T02:16:21","guid":{"rendered":"https:\/\/vccf.org\/?p=2912"},"modified":"2025-01-29T07:48:40","modified_gmt":"2025-01-29T07:48:40","slug":"kevin-costner-others-take-stage-at-ventura-benefit-for-thomas-fire-victims","status":"publish","type":"post","link":"https:\/\/vccf.org\/pt\/kevin-costner-others-take-stage-at-ventura-benefit-for-thomas-fire-victims\/","title":{"rendered":"Kevin Costner e outros sobem ao palco na festa de benefic\u00eancia de Ventura para as v\u00edtimas do inc\u00eandio de Thomas"},"content":{"rendered":"<p class=\"speakable-p-1 p-text\"><!--more--><\/p>\n<p><em>Leia a hist\u00f3ria completa abaixo ou no VC Star <a href=\"http:\/\/www.vcstar.com\/story\/news\/local\/2018\/02\/04\/kevin-costner-super-duper-kyle-colbie-caillat-take-stage-thomas-fire-benefit-festival\/1063038001\/\" target=\"_blank\" rel=\"noopener\">s\u00edtio Web<\/a>. Veja o link para fotografias e v\u00eddeos.\u00a0<\/em><\/p>\n<p class=\"speakable-p-1 p-text\">Milhares de pessoas juntaram-se no Plaza Park, no centro de Ventura, no s\u00e1bado, para uma noite de entretenimento musical de grande nome, movido por um objetivo s\u00e9rio.<\/p>\n<p class=\"speakable-p-2 p-text\">Cerca de 5.000 pessoas encheram o parque para o Thomas Fire Benefit Festival, que esgotou, e que contou com as actua\u00e7\u00f5es da cantora vencedora de um Grammy, Olivia Newton-John, do aclamado ator Kevin Costner e da sua banda Modern West, da cantora e compositora Colbie Caillat, da banda de swing Big Bad Voodoo Daddy e do artista de hip-hop e rap Super Duper KYLE, tr\u00eas vezes platina.<\/p>\n<p class=\"p-text\">Organizado por membros e organiza\u00e7\u00f5es da comunidade local, esperava-se que o evento beneficente arrecadasse pelo menos meio milh\u00e3o de d\u00f3lares para as v\u00edtimas do recente inc\u00eandio de Thomas, disse Kevin Clerici, diretor executivo da Downtown Ventura Partners, que est\u00e1 atuando como recetor fiscal dos fundos. Os patrocinadores cobriram todos os custos do evento e os artistas actuaram gratuitamente, permitindo que cada c\u00eantimo das receitas fosse para os necessitados, disse ele.<\/p>\n<p class=\"p-text\">Segundo os organizadores, todos os artistas actuaram gratuitamente na festa de benefic\u00eancia. Muitos, incluindo Costner, falaram no palco sobre as dificuldades causadas pelo inc\u00eandio, que destruiu centenas de casas.<\/p>\n<div id=\"module-position-Qo-9EmZyyC0\" class=\"story-asset video-asset\">\n<div class=\"ui-video-wrapper\">\n<div class=\"ui-video-controls story-video inline-story-video\">\n<p class=\"video-desc\">Uma entrevista com o ator Kevin Costner, que andou na escola em Ventura, no concerto de benefic\u00eancia do inc\u00eandio de Thomas Fire no Plaza Park de Ventura.\u00a0<span class=\"credit\">Contribui\u00e7\u00e3o de Sound Off Films<\/span><\/p>\n<\/div>\n<\/div>\n<\/div>\n<p class=\"p-text\">\"Muitas vezes n\u00e3o sabemos o que fazer quando isto acontece, n\u00e3o h\u00e1 palavras. Mas gostaria de dizer que somos a \u00fanica esp\u00e9cie no planeta que, quando algo acontece assim, talvez n\u00e3o saibamos o que dizer, mas sabemos que devemos nos reunir\", disse Costner, cujo repert\u00f3rio incluiu can\u00e7\u00f5es como \"The Sun Will Rise Again\" e \"Stand Strong\".<\/p>\n<p class=\"p-text\">\"Estamos aqui, e as pessoas que est\u00e3o magoadas, as pessoas que perderam alguma coisa, podem olhar para isto e saber que estamos aqui\", disse ele \u00e0 multid\u00e3o que o aplaudia. \"Viemos aqui para tentar fazer a diferen\u00e7a e voc\u00eas fizeram. Fizeram a diferen\u00e7a para todos os que estavam a assistir, fizeram a diferen\u00e7a para voc\u00eas pr\u00f3prios, porque vieram esta noite\".<\/p>\n<p class=\"p-text\">O evento incluiu discursos dos chefes dos bombeiros e da pol\u00edcia da cidade de Ventura, um v\u00eddeo sombrio sobre o impacto do inc\u00eandio na comunidade, uma atua\u00e7\u00e3o entusiasta do coro do Bank of the Sierra e um momento de sil\u00eancio em honra do bombeiro de San Diego, Cory Iverson, que morreu no combate ao inc\u00eandio.<\/p>\n<p class=\"p-text\">Muitos dos presentes disseram que conheciam pessoas afectadas pelo inc\u00eandio e que queriam ajudar. Toni Grigg, de Oxnard, foi uma delas. Esteve presente no evento com o seu marido Cliff e ambos usavam t-shirts #VenturaCountyStrong.<\/p>\n<p class=\"p-text\">\"Era apenas uma pequena coisa que pod\u00edamos contribuir para o que est\u00e1 a acontecer\", disse ela.<\/p>\n<p class=\"p-text\">Os Griggs disseram que tinham familiares e amigos que tinham sido obrigados a evacuar durante o inc\u00eandio ou que tinham perdido as suas casas.<\/p>\n<p class=\"p-text\">Tal como os Griggs, Margaret Murphy, de Ventura, disse que ela e a sua amiga Kathleen Whitley, que a acompanhava, conheciam muitas pessoas que tinham perdido as suas casas.<\/p>\n<p class=\"p-text\">\"Quis fazer um donativo para algo que soubesse que 100% iria para as v\u00edtimas e que tamb\u00e9m pud\u00e9ssemos desfrutar de um bom espet\u00e1culo\", disse Murphy.<\/p>\n<div id=\"bx-campaign-666491\" class=\"bxc bx-base bx-custom bx-active-step-1 bx-campaign-666491 bx-brand-2005 bx-width-default bx-type-agilityzone bx-has-close-x-1 bx-fx-blur bx-impress\">\n<div class=\"bx-slab\">\n<div class=\"bx-align\">\n<div id=\"bx-creative-666491\" class=\"bx-creative bx-creative-666491\">\n<div class=\"bx-wrap\">\n<div id=\"bx-step-666491-1\" class=\"bx-step bx-step-1 bx-active-step bx-step-2Rmy0rc bx-step-666491-1 bx-tail-placement-hidden\" data-close-placement=\"\">\n<form id=\"bx-form-666491-step-1\" action=\"https:\/\/api.bounceexchange.com\/capture\/submit\" method=\"post\">\n<div id=\"bx-group-666491-PpzN65B\" class=\"bx-group bx-group-default bx-group-666491-PpzN65B bx-group-PpzN65B\">\n<div id=\"bx-element-666491-TAG2VAs\" class=\"bx-row bx-row-submit bx-row-submit-default bx-row-TAG2VAs bx-element-666491-TAG2VAs\"><\/div>\n<\/div>\n<\/form>\n<\/div>\n<\/div>\n<\/div>\n<\/div>\n<\/div>\n<\/div>\n<p class=\"p-text\">As pessoas que perderam a sua resid\u00eancia principal no inc\u00eandio podem registar-se em\u00a0<a href=\"http:\/\/thomasfirebenefit.com\/\" target=\"_blank\" rel=\"noopener\">thomasfirebenefit.com<\/a>\u00a0para receber um pagamento \u00fanico das receitas do evento. O dinheiro angariado ser\u00e1 tamb\u00e9m distribu\u00eddo pelas v\u00edtimas do inc\u00eandio identificadas pelo condado, pelos distritos escolares e por organiza\u00e7\u00f5es sem fins lucrativos locais. Estas incluem pessoas deslocadas de alojamentos alugados que est\u00e3o agora a lutar para encontrar um lugar para viver e aqueles que perderam objectos de valor no inc\u00eandio, disse Meredith Hart, vice-diretora da Downtown Ventura Partners.<\/p>\n<p class=\"p-text\">A Comiss\u00e1ria afirmou que os pedidos de ajuda ser\u00e3o totalmente examinados.<\/p>\n<p class=\"p-text\">Vanessa Bechtel, presidente e diretora executiva da Ventura County Community Foundation, que ajudou a organizar a festa de benefic\u00eancia, disse que ficou impressionada com todas as pessoas que a tornaram poss\u00edvel, incluindo centenas de volunt\u00e1rios.<\/p>\n<p class=\"p-text\">\"S\u00f3 quero dizer que estamos muito gratos a toda esta equipa que organizou tudo isto. Capturou o pr\u00f3prio esp\u00edrito do que significa ser um membro da comunidade no Condado de Ventura\", disse ela. \"N\u00e3o poder\u00edamos estar mais orgulhosos da forma como a nossa comunidade se uniu para apoiar os nossos vizinhos necessitados.\"<\/p>","protected":false},"excerpt":{"rendered":"","protected":false},"author":3,"featured_media":1449,"comment_status":"closed","ping_status":"closed","sticky":false,"template":"","format":"standard","meta":{"_acf_changed":false,"give_campaign_id":0,"footnotes":""},"categories":[22],"tags":[],"class_list":["post-2912","post","type-post","status-publish","format-standard","has-post-thumbnail","hentry","category-latest-coverage"],"acf":[],"_links":{"self":[{"href":"https:\/\/vccf.org\/pt\/wp-json\/wp\/v2\/posts\/2912","targetHints":{"allow":["GET"]}}],"collection":[{"href":"https:\/\/vccf.org\/pt\/wp-json\/wp\/v2\/posts"}],"about":[{"href":"https:\/\/vccf.org\/pt\/wp-json\/wp\/v2\/types\/post"}],"author":[{"embeddable":true,"href":"https:\/\/vccf.org\/pt\/wp-json\/wp\/v2\/users\/3"}],"replies":[{"embeddable":true,"href":"https:\/\/vccf.org\/pt\/wp-json\/wp\/v2\/comments?post=2912"}],"version-history":[{"count":0,"href":"https:\/\/vccf.org\/pt\/wp-json\/wp\/v2\/posts\/2912\/revisions"}],"wp:featuredmedia":[{"embeddable":true,"href":"https:\/\/vccf.org\/pt\/wp-json\/wp\/v2\/media\/1449"}],"wp:attachment":[{"href":"https:\/\/vccf.org\/pt\/wp-json\/wp\/v2\/media?parent=2912"}],"wp:term":[{"taxonomy":"category","embeddable":true,"href":"https:\/\/vccf.org\/pt\/wp-json\/wp\/v2\/categories?post=2912"},{"taxonomy":"post_tag","embeddable":true,"href":"https:\/\/vccf.org\/pt\/wp-json\/wp\/v2\/tags?post=2912"}],"curies":[{"name":"wp","href":"https:\/\/api.w.org\/{rel}","templated":true}]}}