{"id":2927,"date":"2018-02-16T14:58:31","date_gmt":"2018-02-16T22:58:31","guid":{"rendered":"https:\/\/vccf.org\/?p=2927"},"modified":"2025-01-29T07:48:40","modified_gmt":"2025-01-29T07:48:40","slug":"1m-grant-establishes-fund-at-museum","status":"publish","type":"post","link":"https:\/\/vccf.org\/pt\/1m-grant-establishes-fund-at-museum\/","title":{"rendered":"Subven\u00e7\u00e3o de $1M cria um fundo no museu"},"content":{"rendered":"<p><!--more--><\/p>\n<p><em>Leia a hist\u00f3ria completa abaixo ou no Camarillo Acorn <a href=\"https:\/\/www.thecamarilloacorn.com\/articles\/1m-grant-establishes-fund-at-museum\/\" target=\"_blank\" rel=\"noopener\">s\u00edtio Web<\/a>.\u00a0<\/em><\/p>\n<p>Com uma doa\u00e7\u00e3o de $1 milh\u00f5es recebida no m\u00eas passado, o Museum of Ventura County criou o Barbara Barnard Smith Museum of Ventura County Executive Diretor Fund (Fundo para o Diretor Executivo do Museum of Ventura County Barbara Barnard Smith), com o objetivo de proporcionar apoio financeiro permanente e cont\u00ednuo para esse cargo.<\/p>\n<p>A bisneta de William Dewey Hobson - muitas vezes chamado de \"Pai do Condado de Ventura\" -Barbara Barnard Smith estabeleceu a Galeria Fred W. Smith e liderou a cria\u00e7\u00e3o de uma dota\u00e7\u00e3o para apoiar as Figuras Hist\u00f3ricas de George Stuart no in\u00edcio da d\u00e9cada de 1990.<\/p>\n<p>A dota\u00e7\u00e3o foi criada na Ventura County Community Foundation, que det\u00e9m, gere, investe e reinveste o fundo, e que desembolsa o rendimento l\u00edquido para o museu de acordo com os desejos do doador.<\/p>\n<p>A doa\u00e7\u00e3o \u00e9 o primeiro grande donativo no esfor\u00e7o do museu para angariar $7,5 milh\u00f5es para a sua dota\u00e7\u00e3o e campanha para assegurar a continua\u00e7\u00e3o do museu.<\/p>\n<p>Desde setembro de 2017, para al\u00e9m da doa\u00e7\u00e3o de Barbara Barnard Smith, foram prometidos $850 000 e o museu tentar\u00e1 angariar o montante restante nos pr\u00f3ximos cinco anos.<\/p>\n<p>Fundado em 1913, o Museum of Ventura County homenageia a hist\u00f3ria, a arte e a cultura do condado e das Ilhas do Canal atrav\u00e9s das suas colec\u00e7\u00f5es, exposi\u00e7\u00f5es, programas educativos e publica\u00e7\u00f5es.<\/p>","protected":false},"excerpt":{"rendered":"","protected":false},"author":3,"featured_media":1475,"comment_status":"closed","ping_status":"closed","sticky":false,"template":"","format":"standard","meta":{"_acf_changed":false,"give_campaign_id":0,"footnotes":""},"categories":[22],"tags":[],"class_list":["post-2927","post","type-post","status-publish","format-standard","has-post-thumbnail","hentry","category-latest-coverage"],"acf":[],"_links":{"self":[{"href":"https:\/\/vccf.org\/pt\/wp-json\/wp\/v2\/posts\/2927","targetHints":{"allow":["GET"]}}],"collection":[{"href":"https:\/\/vccf.org\/pt\/wp-json\/wp\/v2\/posts"}],"about":[{"href":"https:\/\/vccf.org\/pt\/wp-json\/wp\/v2\/types\/post"}],"author":[{"embeddable":true,"href":"https:\/\/vccf.org\/pt\/wp-json\/wp\/v2\/users\/3"}],"replies":[{"embeddable":true,"href":"https:\/\/vccf.org\/pt\/wp-json\/wp\/v2\/comments?post=2927"}],"version-history":[{"count":0,"href":"https:\/\/vccf.org\/pt\/wp-json\/wp\/v2\/posts\/2927\/revisions"}],"wp:featuredmedia":[{"embeddable":true,"href":"https:\/\/vccf.org\/pt\/wp-json\/wp\/v2\/media\/1475"}],"wp:attachment":[{"href":"https:\/\/vccf.org\/pt\/wp-json\/wp\/v2\/media?parent=2927"}],"wp:term":[{"taxonomy":"category","embeddable":true,"href":"https:\/\/vccf.org\/pt\/wp-json\/wp\/v2\/categories?post=2927"},{"taxonomy":"post_tag","embeddable":true,"href":"https:\/\/vccf.org\/pt\/wp-json\/wp\/v2\/tags?post=2927"}],"curies":[{"name":"wp","href":"https:\/\/api.w.org\/{rel}","templated":true}]}}