{"id":3035,"date":"2018-06-08T09:47:06","date_gmt":"2018-06-08T16:47:06","guid":{"rendered":"https:\/\/vccf.org\/?p=3035"},"modified":"2025-01-29T07:48:39","modified_gmt":"2025-01-29T07:48:39","slug":"community-foundation-gets-new-vp","status":"publish","type":"post","link":"https:\/\/vccf.org\/pt\/community-foundation-gets-new-vp\/","title":{"rendered":"Funda\u00e7\u00e3o Comunit\u00e1ria recebe novo vice-presidente"},"content":{"rendered":"<p><!--more--><\/p>\n<p><em>Read the full story below or on the Simi Valley Acorn <a href=\"https:\/\/www.simivalleyacorn.com\/articles\/community-foundation-gets-new-vp\/\" target=\"_blank\" rel=\"noopener\">s\u00edtio Web<\/a>.\u00a0<\/em><\/p>\n<p>The Ventura County Community Foundation recently announced that Phylene Wiggins will serve as its vice president of programs and grants.<\/p>\n<p>In her new role at VCCF, Wiggins, a native of Ventura County, will work directly with nonprofits, businesses and public agencies as well as individuals, families and other types of organizations.<\/p>\n<p>Prior to joining VCCF, she served on the staff of the Santa Barbara Foundation for nearly 14 years.<\/p>\n<p>She has knowledge and expertise in the fields of health and social services and has worked with organizations addressing a broad spectrum of community issues.<\/p>\n<p>Most recently, Wiggins led the Community Caregiving Initiative, a nationally recognized, countywide effort to bolster care for an aging population by strengthening family caregivers through integrated health and community based supports.<\/p>\n<p>In addition to her work at the foundation, Wiggins has been involved with a variety of nonprofit organizations for over 30 years in board, staff and volunteer roles.<\/p>\n<p>VCCF was established in 1987 to build philanthropy in the region through scholarships, grant-making and collaborative partnerships.<\/p>\n<p>Para mais informa\u00e7\u00f5es, visitar\u00a0<a class=\"autohyperlink\" href=\"https:\/\/vccf.org\/pt\/\">vccf.org<\/a>.<\/p>","protected":false},"excerpt":{"rendered":"","protected":false},"author":3,"featured_media":3036,"comment_status":"closed","ping_status":"closed","sticky":false,"template":"","format":"standard","meta":{"_acf_changed":false,"give_campaign_id":0,"footnotes":""},"categories":[22],"tags":[],"class_list":["post-3035","post","type-post","status-publish","format-standard","has-post-thumbnail","hentry","category-latest-coverage"],"acf":[],"_links":{"self":[{"href":"https:\/\/vccf.org\/pt\/wp-json\/wp\/v2\/posts\/3035","targetHints":{"allow":["GET"]}}],"collection":[{"href":"https:\/\/vccf.org\/pt\/wp-json\/wp\/v2\/posts"}],"about":[{"href":"https:\/\/vccf.org\/pt\/wp-json\/wp\/v2\/types\/post"}],"author":[{"embeddable":true,"href":"https:\/\/vccf.org\/pt\/wp-json\/wp\/v2\/users\/3"}],"replies":[{"embeddable":true,"href":"https:\/\/vccf.org\/pt\/wp-json\/wp\/v2\/comments?post=3035"}],"version-history":[{"count":0,"href":"https:\/\/vccf.org\/pt\/wp-json\/wp\/v2\/posts\/3035\/revisions"}],"wp:featuredmedia":[{"embeddable":true,"href":"https:\/\/vccf.org\/pt\/wp-json\/wp\/v2\/media\/3036"}],"wp:attachment":[{"href":"https:\/\/vccf.org\/pt\/wp-json\/wp\/v2\/media?parent=3035"}],"wp:term":[{"taxonomy":"category","embeddable":true,"href":"https:\/\/vccf.org\/pt\/wp-json\/wp\/v2\/categories?post=3035"},{"taxonomy":"post_tag","embeddable":true,"href":"https:\/\/vccf.org\/pt\/wp-json\/wp\/v2\/tags?post=3035"}],"curies":[{"name":"wp","href":"https:\/\/api.w.org\/{rel}","templated":true}]}}