{"id":5286,"date":"2018-11-11T16:22:20","date_gmt":"2018-11-12T00:22:20","guid":{"rendered":"https:\/\/vccf.org\/?p=5286"},"modified":"2025-02-26T04:59:54","modified_gmt":"2025-02-26T12:59:54","slug":"update-1-key-information-borderline","status":"publish","type":"post","link":"https:\/\/vccf.org\/pt\/update-1-key-information-borderline\/","title":{"rendered":"Atualiza\u00e7\u00e3o #1: Informa\u00e7\u00f5es importantes sobre a rea\u00e7\u00e3o a um tiroteio em situa\u00e7\u00e3o-limite"},"content":{"rendered":"<p><!--more--><\/p>\n<p>Cara fam\u00edlia da Funda\u00e7\u00e3o Comunit\u00e1ria do Condado de Ventura,<\/p>\n<p>Acabo de sair de uma reuni\u00e3o com os nossos her\u00f3is locais no terreno, no Thousand Oaks Assistance Center Office of the District Attorney Crime Victims' Assistance Program, e queria falar-vos diretamente. De formas inimagin\u00e1veis, esta foi uma semana devastadora e de partir o cora\u00e7\u00e3o para o Condado de Ventura, mas h\u00e1 passos muito importantes que n\u00f3s, como parceiros-chave da comunidade e indiv\u00edduos, podemos dar. Sei que esta mensagem de correio eletr\u00f3nico \u00e9 bastante longa, mas h\u00e1 aqui muita informa\u00e7\u00e3o importante que me pareceu importante transmitir-vos.<\/p>\n<p>Penso que o Conselho Editorial do Ventura County Star disse-o melhor quando escreveu no jornal desta manh\u00e3, <em>\"Quando v\u00e1rias trag\u00e9dias se abatem sobre uma comunidade, como aconteceu na semana passada no condado de Ventura, \u00e9 natural sentir uma sensa\u00e7\u00e3o de impot\u00eancia... A nossa comunidade est\u00e1 a sofrer neste momento. No entanto, como indiv\u00edduos, n\u00e3o estamos desamparados. Podemos deixar o cinismo, o fatalismo e a paralisia para tr\u00e1s e assumir a responsabilidade pessoal de fazer o que estiver ao nosso alcance para apoiar as v\u00edtimas, ao mesmo tempo que nos preparamos para as emerg\u00eancias.\"<\/em><\/p>\n<p>Para tal, considero que esta \u00e9 uma informa\u00e7\u00e3o vital para vos transmitir diretamente. Na qualidade de l\u00edderes e filantropos importantes na nossa comunidade, n\u00e3o conhe\u00e7o nenhum outro grupo que melhor possa ajudar a divulgar esta mensagem fundamental e pe\u00e7o-vos que a transmitam \u00e0s vossas redes individuais, conforme considerarem adequado.<\/p>\n<p><strong>Relativamente ao tiroteio no limite<\/strong><\/p>\n<p>- Por volta das 8 horas da manh\u00e3 seguinte a este terr\u00edvel acontecimento, a Ventura County Community Foundation, em coordena\u00e7\u00e3o com a cidade de Thousand Oaks, a Conrad N. Hilton Foundation, a Amgen Foundation, a California Community Foundation, a Edison International, a Bank of America Charitable Foundation, entre outras, criou um fundo espec\u00edfico para ajudar a apoiar as v\u00edtimas, as fam\u00edlias, a comunidade de agentes da autoridade e as organiza\u00e7\u00f5es que prestam apoio de primeira e segunda linha.<\/p>\n<p>- Na sexta-feira \u00e0 noite, concedemos os primeiros $70.000 que chegaram atrav\u00e9s de donativos de base imediatos \u00e0 Interface Children and Family Services, para que possam utilizar os seus conhecimentos de gest\u00e3o de casos e fornecer subs\u00eddios imediatos e diretos \u00e0s pessoas afectadas pelo tiroteio do fim de semana.<\/p>\n<p><strong>O tipo de apoio prestado \u00e0s v\u00edtimas inclui:<\/strong><\/p>\n<p>o Dinheiro para comida, dinheiro para a renda, mercearias, despesas de viagem (gasolina, hotel, voo), dinheiro para ajudar a recuperar as cartas de condu\u00e7\u00e3o se estas se perderam no caos, telem\u00f3veis que se perderam, roupas e sapatos, artigos para beb\u00e9s para quem tem filhos pequenos, etc.<\/p>\n<p>o Este apoio complementa os servi\u00e7os que o California Victim Compensation Board (CalVCB) presta \u00e0s v\u00edtimas e sobreviventes e estamos a trabalhar diretamente com o seu Advocate Liaison Claimant Assistance Branch para n\u00e3o duplicar esfor\u00e7os e maximizar o impacto de cada d\u00f3lar filantr\u00f3pico.<\/p>\n<p><strong>Mensagem importante para quem oferece apoio<\/strong><\/p>\n<p>Se tamb\u00e9m estiver a trabalhar na assist\u00eancia \u00e0s v\u00edtimas, considere a possibilidade de colaborar connosco e com o 2-1-1 Ventura County para que possamos trabalhar todos em conjunto. Este tipo de gest\u00e3o de casos \u00e9 muito complicado e o trabalho coletivo \u00e9 a melhor solu\u00e7\u00e3o.<\/p>\n<p>Al\u00e9m disso, n\u00e3o poder\u00edamos estar mais de acordo com a supervisora Kelly Long, que escreveu numa mensagem \u00e0 nossa comunidade que \u00e9 importante que todos os indiv\u00edduos que precisam de assist\u00eancia preencham o formul\u00e1rio de admiss\u00e3o do 2-1-1 e que encorajem os seus clientes a concordar em dar o seu consentimento para partilhar as suas informa\u00e7\u00f5es com outros prestadores de servi\u00e7os. Isto ajudar\u00e1 a reduzir as complica\u00e7\u00f5es no preenchimento de v\u00e1rios formul\u00e1rios e a melhorar exponencialmente a presta\u00e7\u00e3o de servi\u00e7os em geral. O formul\u00e1rio de admiss\u00e3o est\u00e1 dispon\u00edvel online aqui: http:\/\/www.211ventura.org\/hill-fire-woolsey-fire\/ em ingl\u00eas e espanhol. ** Isto tamb\u00e9m \u00e9 importante em rela\u00e7\u00e3o a todos os esfor\u00e7os de socorro em caso de inc\u00eandio.<\/p>\n<p><strong>Reunir a nossa comunidade para debater os factores subjacentes e as formas de melhor apoiar as pessoas afectadas<\/strong><\/p>\n<p>Dena Jenson, Diretora do Center for Nonprofit Leadership da Cal Lutheran University, e eu estamos a trabalhar em conjunto para convocar uma reuni\u00e3o sobre formas estrat\u00e9gicas de abordar os factores subjacentes e de dar resposta ao apoio imediato e a longo prazo necess\u00e1rio durante este per\u00edodo na nossa comunidade. Se quiser juntar-se a este esfor\u00e7o, \u00e9 bem-vindo. Por favor, contacte diretamente a Dena para que ela o possa ligar (djenson@callutheran.edu). Nos pr\u00f3ximos dias, ser\u00e3o fornecidas mais informa\u00e7\u00f5es.<\/p>\n<p><strong>Emprego para sobreviventes desempregados<\/strong><\/p>\n<p>Como o Borderline Bar and Grill est\u00e1 atualmente fechado, muitos dos empregados est\u00e3o \u00e0 procura de trabalho a tempo parcial e imediato. Se souber de alguma oportunidade, contacte o 2-1-1. Bruce Stenslie, Presidente e Diretor Executivo da Economic Development Collaborative, e eu contact\u00e1mos esta manh\u00e3 para ver o que mais poderia ser feito e ele est\u00e1 a trabalhar com os seus principais parceiros tamb\u00e9m nesta quest\u00e3o.<\/p>\n<p><strong>Inc\u00eandios de Hill e Woolsey<\/strong><\/p>\n<p>Menos de 24 horas ap\u00f3s o terr\u00edvel tiroteio em massa, a nossa comunidade foi atingida por uma segunda trag\u00e9dia. Esta tarde, vou reunir-me com Kimberly Coley, Diretora Executiva dos Cap\u00edtulos da Cruz Vermelha Americana da Costa do Pac\u00edfico e do Condado de Ventura, para discutir as necessidades s\u00fabitas e urgentes que surgiram na sequ\u00eancia dos inc\u00eandios de Hill e Woolsey. A Ventura County Community Foundation activou um Fundo para Necessidades S\u00fabitas e Urgentes como ve\u00edculo para recolher os generosos donativos da nossa comunidade. Tamb\u00e9m o manteremos a par destes esfor\u00e7os.<\/p>\n<p>Um r\u00e1pido agradecimento a Emily Barany, da Thomasfirehelp.org e da Abundance Networks, por ter conseguido acesso online \u00e0 nossa comunidade ontem. Tamb\u00e9m activaram mais uma vez os seus pilotos volunt\u00e1rios para ajudar a transportar as fam\u00edlias das v\u00edtimas e situa\u00e7\u00f5es urgentes de ambas as trag\u00e9dias que se encontram num raio de 300 milhas do Condado de Ventura. Saiba mais em www.thomasfirehelp.org.<\/p>\n<p><strong>No encerramento<\/strong><\/p>\n<p>Lembremo-nos todos de que as v\u00edtimas e os sobreviventes do tiroteio em Borderline v\u00e3o para al\u00e9m daqueles que estiveram imediatamente presentes naquela horr\u00edvel noite de quarta-feira. Incluem-se os entes queridos das v\u00edtimas e dos sobreviventes, os funcion\u00e1rios da Borderline, os vizinhos, a fam\u00edlia, os amigos, os professores, os colegas e muito mais.<\/p>\n<p>Estou profundamente comovido com o incr\u00edvel trabalho que est\u00e1 a ser feito pelo nosso condado, cidade, estado e principais organiza\u00e7\u00f5es religiosas e sem fins lucrativos, \u00e0 medida que nos unimos para ajudar a nossa comunidade e os nossos vizinhos durante este per\u00edodo. Por favor, mantenham-se seguros e mantenham-se em contacto.<\/p>\n<p><strong>Vanessa Bechtel<\/strong><br \/>\n<strong>Presidente e Diretor Executivo<\/strong><br \/>\n<strong>Funda\u00e7\u00e3o Comunit\u00e1ria do Condado de Ventura | Centro de organiza\u00e7\u00f5es sem fins lucrativos da VCCF<\/strong><\/p>\n<p>- Se desejar contribuir para o Conejo Valley Victims Fund (Fundo para as V\u00edtimas de Conejo Valley) para apoiar as pessoas afectadas pelo tiroteio em Borderline, clique em <a href=\"https:\/\/vccf.org\/pt\/donate\/\">aqui.<\/a><\/p>\n<p>- Se desejar contribuir para o Esfor\u00e7o de Necessidades Urgentes e S\u00fabitas dos Inc\u00eandios de Hill e Woolsey, clique em <a href=\"https:\/\/vccf.org\/pt\/donate\/\">aqui.<\/a><\/p>","protected":false},"excerpt":{"rendered":"","protected":false},"author":3,"featured_media":3501,"comment_status":"closed","ping_status":"closed","sticky":false,"template":"","format":"standard","meta":{"_acf_changed":false,"give_campaign_id":0,"footnotes":""},"categories":[22,27],"tags":[],"class_list":["post-5286","post","type-post","status-publish","format-standard","has-post-thumbnail","hentry","category-latest-coverage","category-blog-posts"],"acf":[],"_links":{"self":[{"href":"https:\/\/vccf.org\/pt\/wp-json\/wp\/v2\/posts\/5286","targetHints":{"allow":["GET"]}}],"collection":[{"href":"https:\/\/vccf.org\/pt\/wp-json\/wp\/v2\/posts"}],"about":[{"href":"https:\/\/vccf.org\/pt\/wp-json\/wp\/v2\/types\/post"}],"author":[{"embeddable":true,"href":"https:\/\/vccf.org\/pt\/wp-json\/wp\/v2\/users\/3"}],"replies":[{"embeddable":true,"href":"https:\/\/vccf.org\/pt\/wp-json\/wp\/v2\/comments?post=5286"}],"version-history":[{"count":0,"href":"https:\/\/vccf.org\/pt\/wp-json\/wp\/v2\/posts\/5286\/revisions"}],"wp:featuredmedia":[{"embeddable":true,"href":"https:\/\/vccf.org\/pt\/wp-json\/wp\/v2\/media\/3501"}],"wp:attachment":[{"href":"https:\/\/vccf.org\/pt\/wp-json\/wp\/v2\/media?parent=5286"}],"wp:term":[{"taxonomy":"category","embeddable":true,"href":"https:\/\/vccf.org\/pt\/wp-json\/wp\/v2\/categories?post=5286"},{"taxonomy":"post_tag","embeddable":true,"href":"https:\/\/vccf.org\/pt\/wp-json\/wp\/v2\/tags?post=5286"}],"curies":[{"name":"wp","href":"https:\/\/api.w.org\/{rel}","templated":true}]}}