{"id":8756,"date":"2018-12-02T10:33:04","date_gmt":"2018-12-02T18:33:04","guid":{"rendered":"https:\/\/vccf.org\/?p=8756"},"modified":"2025-01-29T07:47:55","modified_gmt":"2025-01-29T07:47:55","slug":"update-from-ventura-county-community-foundation-regarding-distribution-of-funds","status":"publish","type":"post","link":"https:\/\/vccf.org\/pt\/update-from-ventura-county-community-foundation-regarding-distribution-of-funds\/","title":{"rendered":"Atualiza\u00e7\u00e3o da Funda\u00e7\u00e3o Comunit\u00e1ria do Condado de Ventura sobre a distribui\u00e7\u00e3o de fundos"},"content":{"rendered":"<p><!--more--><\/p>\n<p><em>Leia a hist\u00f3ria completa abaixo ou no Conejo Valley Guide <a href=\"https:\/\/www.conejovalleyguide.com\/local-buzz\/update-from-ventura-county-community-foundation-regarding-distribution-of-funds\" target=\"_blank\" rel=\"noopener\">s\u00edtio Web<\/a>.\u00a0<\/em><\/p>\n<p><strong>A presidente da Ventura County Community Foundation (VCCF), Vanessa Bechtel, forneceu uma atualiza\u00e7\u00e3o sobre a distribui\u00e7\u00e3o de fundos at\u00e9 \u00e0 data relacionada com as recentes trag\u00e9dias na nossa regi\u00e3o.<\/strong><\/p>\n<h3><strong>Fundo para as v\u00edtimas de Conejo Valley<\/strong><\/h3>\n<p>As duas primeiras rondas de apoio \u00e0s v\u00edtimas e sobreviventes do <a href=\"https:\/\/www.conejovalleyguide.com\/welcome\/mass-shooting-at-borderline-bar-and-grill-in-thousand-oaks-on-wednesday-november-7-2018\" target=\"_blank\" rel=\"noopener\"><strong>Tiroteio no limite<\/strong><\/a> foram distribu\u00eddos. A VCCF atribuiu imediatamente $70.000 em cart\u00f5es Visa pr\u00e9-pagos de $500 para que as necessidades b\u00e1sicas imediatas pudessem ser satisfeitas atrav\u00e9s do Centro de Assist\u00eancia \u00e0s V\u00edtimas de Thousand Oaks.<\/p>\n<p>A VCCF tamb\u00e9m concedeu um total de $240.000 para ajudar a cobrir os custos do memorial \u00e0s fam\u00edlias que perderam entes queridos. O Chefe de Pol\u00edcia Tim Hagel entregou pessoalmente os fundos \u00e0s fam\u00edlias durante este per\u00edodo devastador.<\/p>\n<h3><strong>Inc\u00eandio de Hill e Inc\u00eandio de Woolsey Esfor\u00e7o de necessidades s\u00fabitas e urgentes<\/strong><\/h3>\n<p>At\u00e9 \u00e0 data, foram distribu\u00eddos mais de $500.000 em fundos relacionados com a ajuda aos inc\u00eandios florestais recentes na regi\u00e3o:<\/p>\n<ul data-rte-list=\"default\">\n<li>$150.000 para o Pacific Coast and Ventura County Chapter of the American Red Cross para um ve\u00edculo de resposta a emerg\u00eancias<\/li>\n<li>$115,000 para a Cruz Vermelha para a coordena\u00e7\u00e3o da recupera\u00e7\u00e3o do condado de Ventura<\/li>\n<li>$146,250 para a Cruz Vermelha para apoio \u00e0s opera\u00e7\u00f5es gerais<\/li>\n<li>$5,000 para a 805 Help para apoiar a sua resposta imediata para proporcionar acesso em linha \u00e0 nossa comunidade durante os inc\u00eandios<\/li>\n<li>$15.000 para a Senior Concerns para cuidados di\u00e1rios de adultos, refei\u00e7\u00f5es e apoio aos idosos da nossa comunidade que foram evacuados e precisam de cuidados<\/li>\n<li>$5,350 para a Livingston Memorial Visiting Nurse Association para ajudar a cobrir os custos associados \u00e0s evacua\u00e7\u00f5es de pessoas em cuidados paliativos<\/li>\n<li>$7,000 para o Camarillo Boys &amp; Girls Club para cobrir os custos associados \u00e0s necessidades de acolhimento de emerg\u00eancia de crian\u00e7as devido ao encerramento de escolas<\/li>\n<li>$9,500 para o Southeast Ventura YMCA para cobrir os custos associados \u00e0s necessidades de emerg\u00eancia de cuidados infantis devido ao encerramento de escolas<\/li>\n<li>$1,827 a Mark Watring Stables para a evacua\u00e7\u00e3o de 43 cavalos, transporte de alimentos e \u00e1gua e horas extraordin\u00e1rias<\/li>\n<li>$25.000 para o Economic Development Collaborative para apoio geral \u00e0s opera\u00e7\u00f5es, na medida em que presta assist\u00eancia aos empres\u00e1rios afectados pelos inc\u00eandios<\/li>\n<li>$21 500 para a Cal State Channel Islands Foundation para alimentar e alojar estudantes evacuados pelos inc\u00eandios<\/li>\n<li>$500 ao Center for Nonprofit Leadership da Cal Lutheran University para patrocinar um webinar gratuito intitulado \"Fundraising in Response to a Community Crisis\" (contactar nonprofit@callutheran.edu para mais informa\u00e7\u00f5es)<\/li>\n<\/ul>\n<p>A VCCF est\u00e1 a trabalhar para atribuir fundos o mais rapidamente poss\u00edvel a organiza\u00e7\u00f5es sem fins lucrativos que servem os necessitados durante este per\u00edodo dif\u00edcil. A organiza\u00e7\u00e3o est\u00e1 particularmente interessada em apoiar organiza\u00e7\u00f5es que estejam a prestar assist\u00eancia em mat\u00e9ria de habita\u00e7\u00e3o e necessidades b\u00e1sicas, bem-estar dos animais, apoio empresarial e de resili\u00eancia para a nossa comunidade e necessidades m\u00e9dicas de indiv\u00edduos em resultado dos inc\u00eandios. A candidatura \u00e9 muito curta e n\u00e3o deve demorar mais de 15 minutos a ser apresentada em <a href=\"https:\/\/vccf.org\/pt\/\" target=\"_blank\" rel=\"noopener\">www.vccf.org<\/a>.<\/p>\n<h3><strong>805 N\u00e3o financiado<\/strong><\/h3>\n<p>Trata-se de um esfor\u00e7o coletivo para garantir que os indiv\u00edduos e fam\u00edlias sem documentos afectados por cat\u00e1strofes naturais tenham o apoio de que necessitam. Junte-se a n\u00f3s para ajudar a apoiar os nossos vizinhos durante este per\u00edodo dif\u00edcil em <a href=\"https:\/\/vccf.org\/pt\/\" target=\"_blank\" rel=\"noopener\">www.vccf.org<\/a>.<\/p>\n<h3><strong>Programa de bolsas de estudo da VCCF<\/strong><\/h3>\n<p>A VCCF lan\u00e7ou a sua Candidatura a Bolsas de Estudo para a Faculdade de 2019 e, gra\u00e7as \u00e0 generosidade local, ir\u00e1 atribuir $1,147 milh\u00f5es em bolsas de estudo a estudantes locais este ano - mais do que nunca! O prazo para as candidaturas termina a 30 de janeiro de 2019 \u00e0s 22h00 PST.<\/p>\n<p><strong>Como pode fazer a diferen\u00e7a<\/strong><\/p>\n<p>Pedidos de apoio: Inc\u00eandios florestais de grandes propor\u00e7\u00f5es que causam grandes deslocamentos dificultam a conex\u00e3o e o apoio \u00e0s v\u00edtimas de inc\u00eandios. Embora a VCCF tenha recebido alguns pedidos de apoio de organiza\u00e7\u00f5es, a FEMA recebeu um n\u00famero modesto de pedidos de apoio direto \u00e0s v\u00edtimas dos inc\u00eandios. Incentive as pessoas afetadas pelos inc\u00eandios a se inscreverem na FEMA o mais r\u00e1pido poss\u00edvel e tamb\u00e9m a abrirem um caso com o 2-1-1, que pode ajudar a conectar recursos aos necessitados.<\/p>\n<p>Angaria\u00e7\u00e3o de fundos para o Fundo das V\u00edtimas de Conejo Valley: A VCCF est\u00e1 na fase final de angaria\u00e7\u00e3o de fundos para apoiar as fam\u00edlias das v\u00edtimas e sobreviventes do tiroteio de Borderline. Estamos a trabalhar com Ken Feinberg, Special Master do Fundo de Indemniza\u00e7\u00e3o \u00e0s V\u00edtimas do 11 de setembro do Governo dos Estados Unidos, que se ofereceu para nos ajudar a aconselhar durante este per\u00edodo. Por favor, encoraje todos os seus conhecidos a fazerem um donativo agora e a oferecerem apoio \u00e0s pessoas afectadas por este tr\u00e1gico acontecimento em <a href=\"https:\/\/vccf.org\/pt\/\" target=\"_blank\" rel=\"noopener\">www.vccf.org<\/a>.<\/p>\n<p>Servi\u00e7os de apoio: Por favor, ajude a divulgar que a Kaiser Permanente est\u00e1 a oferecer grupos de apoio gratuitos em Woodland Hills, Thousand Oaks e Ventura para a trag\u00e9dia e os inc\u00eandios de Borderline. Por favor, contacte-os diretamente atrav\u00e9s do n\u00famero (805) 449-3442.<\/p>","protected":false},"excerpt":{"rendered":"","protected":false},"author":3,"featured_media":8759,"comment_status":"closed","ping_status":"closed","sticky":false,"template":"","format":"standard","meta":{"_acf_changed":false,"give_campaign_id":0,"footnotes":""},"categories":[22],"tags":[],"class_list":["post-8756","post","type-post","status-publish","format-standard","has-post-thumbnail","hentry","category-latest-coverage"],"acf":[],"_links":{"self":[{"href":"https:\/\/vccf.org\/pt\/wp-json\/wp\/v2\/posts\/8756","targetHints":{"allow":["GET"]}}],"collection":[{"href":"https:\/\/vccf.org\/pt\/wp-json\/wp\/v2\/posts"}],"about":[{"href":"https:\/\/vccf.org\/pt\/wp-json\/wp\/v2\/types\/post"}],"author":[{"embeddable":true,"href":"https:\/\/vccf.org\/pt\/wp-json\/wp\/v2\/users\/3"}],"replies":[{"embeddable":true,"href":"https:\/\/vccf.org\/pt\/wp-json\/wp\/v2\/comments?post=8756"}],"version-history":[{"count":0,"href":"https:\/\/vccf.org\/pt\/wp-json\/wp\/v2\/posts\/8756\/revisions"}],"wp:featuredmedia":[{"embeddable":true,"href":"https:\/\/vccf.org\/pt\/wp-json\/wp\/v2\/media\/8759"}],"wp:attachment":[{"href":"https:\/\/vccf.org\/pt\/wp-json\/wp\/v2\/media?parent=8756"}],"wp:term":[{"taxonomy":"category","embeddable":true,"href":"https:\/\/vccf.org\/pt\/wp-json\/wp\/v2\/categories?post=8756"},{"taxonomy":"post_tag","embeddable":true,"href":"https:\/\/vccf.org\/pt\/wp-json\/wp\/v2\/tags?post=8756"}],"curies":[{"name":"wp","href":"https:\/\/api.w.org\/{rel}","templated":true}]}}