{"id":8930,"date":"2018-12-21T17:56:16","date_gmt":"2018-12-22T01:56:16","guid":{"rendered":"https:\/\/vccf.org\/?p=8930"},"modified":"2025-01-29T07:47:53","modified_gmt":"2025-01-29T07:47:53","slug":"vccf-update-conejo-valley-victims-fund-and-fires","status":"publish","type":"post","link":"https:\/\/vccf.org\/pt\/vccf-update-conejo-valley-victims-fund-and-fires\/","title":{"rendered":"Atualiza\u00e7\u00e3o #3 do VCCF: Fundo de V\u00edtimas e Inc\u00eandios de Conejo Valley"},"content":{"rendered":"<p><!--more--><\/p>\n<p>Cara fam\u00edlia da Funda\u00e7\u00e3o Comunit\u00e1ria do Condado de Ventura,<\/p>\n<p>Em primeiro lugar, mais uma vez obrigado pelo vosso generoso apoio \u00e0 Funda\u00e7\u00e3o Comunit\u00e1ria do Condado de Ventura. Gostar\u00edamos de partilhar uma atualiza\u00e7\u00e3o sobre o progresso e os planos relacionados com o Fundo de V\u00edtimas de Conejo Valley e o Esfor\u00e7o de Necessidades Urgentes e S\u00fabitas do Fogo de Hill\/ Woolsey.<\/p>\n<h3><strong><u>Atualiza\u00e7\u00e3o do Fundo para as V\u00edtimas de Conejo Valley<\/u><\/strong><\/h3>\n<p>Depois de termos distribu\u00eddo imediatamente $310.000 em assist\u00eancia em dinheiro e $500 em cart\u00f5es Visa pr\u00e9-pagos relacionados com o tiroteio em Borderline, estamos a avan\u00e7ar para as fases finais da distribui\u00e7\u00e3o do apoio financeiro. Ap\u00f3s \u00e1rduas dilig\u00eancias, lan\u00e7\u00e1mos um s\u00edtio de candidatura para que as v\u00edtimas e os sobreviventes possam candidatar-se a financiamento: <a href=\"http:\/\/www.ConejoValleyVictimsFund.org\" target=\"_blank\" rel=\"noopener\">www.ConejoValleyVictimsFund.org<\/a>. Temos a honra de sermos parceiros de <strong><a href=\"http:\/\/www.giveanhour.org\/\" target=\"_blank\" rel=\"noopener\">Dar uma hora<\/a><\/strong> que ir\u00e1 liderar os esfor\u00e7os para prestar apoio em mat\u00e9ria de sa\u00fade mental, emocional e de gest\u00e3o de casos \u00e0s v\u00edtimas durante este processo de candidatura.<\/p>\n<p>100% dos fundos angariados continuar\u00e3o a ser utilizados para ajudar as fam\u00edlias que perderam entes queridos, as v\u00edtimas que ficaram fisicamente feridas e todos os presentes no Borderline Bar &amp; Grill naquela noite tr\u00e1gica. Os pagamentos do Fundo para as V\u00edtimas de Conejo Valley ser\u00e3o repartidos de acordo com a gravidade dos ferimentos sofridos pelas v\u00edtimas na sequ\u00eancia da cat\u00e1strofe ocorrida em Thousand Oaks, Calif\u00f3rnia, a 7 de novembro de 2018.<\/p>\n<p><strong>O prazo para apresenta\u00e7\u00e3o de candidaturas \u00e9 18 de fevereiro de 2019.<\/strong><\/p>\n<p>A VCCF organizar\u00e1 dois f\u00f3runs p\u00fablicos para dar aos membros da comunidade interessados e \u00e0s pessoas afectadas pelo tiroteio na linha de fronteira a oportunidade de darem a sua opini\u00e3o e fazerem perguntas sobre este projeto de protocolo final, que determinar\u00e1 o processo e os protocolos de distribui\u00e7\u00e3o para a concess\u00e3o de apoio financeiro aos candidatos qualificados. <strong>Este \u00e9 um projeto de protocolo<\/strong>. O Protocolo de Distribui\u00e7\u00e3o Final, que reger\u00e1 o Fundo para as V\u00edtimas de Conejo Valley na Funda\u00e7\u00e3o Comunit\u00e1ria do Condado de Ventura, ser\u00e1 desenvolvido pelo Comit\u00e9 Especial de Supervis\u00e3o, incorporando o feedback das reuni\u00f5es do F\u00f3rum P\u00fablico realizadas em 3 de janeiro de 2019, e est\u00e1 sujeito \u00e0 aprova\u00e7\u00e3o da Funda\u00e7\u00e3o Comunit\u00e1ria do Condado de Ventura.<\/p>\n<p>Todos os aspectos deste Projeto de Protocolo Final, incluindo, sem limita\u00e7\u00e3o, as classifica\u00e7\u00f5es dos requerentes, os crit\u00e9rios de distribui\u00e7\u00e3o, o processo e o calend\u00e1rio dos pedidos de indemniza\u00e7\u00e3o, e os montantes a atribuir, podem ser revistos e est\u00e3o sujeitos \u00e0 total e completa discri\u00e7\u00e3o do Comit\u00e9 de Supervis\u00e3o Especial e do Administrador do Fundo, sujeitos apenas \u00e0 aprova\u00e7\u00e3o do Conselho de Administra\u00e7\u00e3o da Ventura County Community Foundation. O documento do projeto de protocolo final pode ser consultado em <a href=\"https:\/\/conejovalleyvictimsfund.org\/wp-content\/uploads\/2018\/12\/Final-Draft-of-Conejo-Valley-Victims-Fund-Draft-Final-Protocol-1.pdf\" target=\"_blank\" rel=\"noopener\">aqui<\/a>.<\/p>\n<p>Para apresentar as suas observa\u00e7\u00f5es sobre o projeto de protocolo final, queira envi\u00e1-las para <a href=\"mailto:info@conejovalleyvictimsfund.org\">info@conejovalleyvictimsfund.org<\/a> ou assistir a um f\u00f3rum p\u00fablico realizado em:<\/p>\n<p><strong>Quinta-feira, 3 de janeiro, 8:00 - 9:30<\/strong> OU <strong>Quinta-feira, 3 de janeiro, 18:00 - 19:30<\/strong>.<\/p>\n<p>Ambas as reuni\u00f5es ter\u00e3o lugar no F\u00f3rum Scherr, no Thousand Oaks Civic Arts Plaza. Para mais informa\u00e7\u00f5es, visite <a href=\"http:\/\/www.ConejoValleyVictimsFund.org\" target=\"_blank\" rel=\"noopener\">www.ConejoValleyVictimsFund.org<\/a>.<\/p>\n<p><strong>Dar uma hora<\/strong> tamb\u00e9m acolher\u00e1 tr\u00eas <strong>Cl\u00ednicas<\/strong> onde os requerentes eleg\u00edveis podem receber apoio direto no preenchimento dos seus pedidos e no acesso a recursos para apoiar a sua recupera\u00e7\u00e3o. As datas destas cl\u00ednicas s\u00e3o:<\/p>\n<ul>\n<li><strong>Segunda-feira, 14 de janeiro de 2019, das 12:00 \u00e0s 20:00 horas.<\/strong><\/li>\n<li><strong>Quarta-feira, 16 de janeiro de 2019, das 9:00 \u00e0s 18:00 horas.<\/strong><\/li>\n<li><strong>S\u00e1bado, 19 de janeiro de 2019, das 9:00 \u00e0s 17:00 horas.<\/strong><\/li>\n<\/ul>\n<p>Se tiver perguntas relacionadas com o processo de candidatura, contacte: (805) 444-7519 ou por correio eletr\u00f3nico <a href=\"mailto:info@conejovalleyvictimsfund.org\">info@conejovalleyvictimsfund.org<\/a> se estiver a procurar apoio para preencher o seu pedido de financiamento do Conejo Valley Victims Fund.<\/p>\n<p>Para todas as outras quest\u00f5es, contacte a Ventura County Community Foundation atrav\u00e9s do n\u00famero (805) 988-0196.<\/p>\n<h3><strong><u>Atualiza\u00e7\u00e3o do esfor\u00e7o de necessidades s\u00fabitas e urgentes do inc\u00eandio de Hill\/ Woolsey<\/u><\/strong><\/h3>\n<p>A Ventura County Community Foundation concedeu mais de $664.000 desde o in\u00edcio dos inc\u00eandios de Hill e Woolsey, incluindo:<\/p>\n<ul>\n<li>$150,000 para o <strong>Pacific Coast and Ventura County Chapter of the American Red Cross (Cruz Vermelha)<\/strong> para um ve\u00edculo de emerg\u00eancia<\/li>\n<li>$115,000 para o <strong>Cruz Vermelha<\/strong> para a coordena\u00e7\u00e3o da recupera\u00e7\u00e3o do Condado de Ventura<\/li>\n<li>$146,250 para o <strong>Cruz Vermelha<\/strong> para apoio \u00e0s opera\u00e7\u00f5es gerais<\/li>\n<li>$1,394 a <strong>Ride On Equita\u00e7\u00e3o Terap\u00eautica<\/strong> para despesas de evacua\u00e7\u00e3o de cavalos, pessoal adicional, combust\u00edvel para reboques, limpeza de est\u00e1bulos<\/li>\n<li>$10,000 a <strong>Boys &amp; Girls Clubs de Greater Conejo Valley<\/strong> para despesas relacionadas com o atendimento de crian\u00e7as durante o encerramento de escolas, limpeza de clubes e servi\u00e7os de aconselhamento<\/li>\n<li>$30,000 total para <strong>R\u00e1dio p\u00fablica KCLU<\/strong> (Universidade Luterana da Calif\u00f3rnia) com $20.000 para substituir o transmissor principal danificado e o equipamento de apoio e mais $10.000 para fundos de contrapartida para a campanha de substitui\u00e7\u00e3o do equipamento, que foram cumpridos.<\/li>\n<li>$5,000 a <strong>805 Ajuda<\/strong> para apoiar a sua resposta imediata, a fim de proporcionar acesso em linha \u00e0 nossa comunidade durante os inc\u00eandios<\/li>\n<li>$15,000 a <strong>Preocupa\u00e7\u00f5es dos idosos<\/strong> para o acolhimento de adultos, refei\u00e7\u00f5es e apoio aos idosos da nossa comunidade que foram evacuados e necessitam de cuidados<\/li>\n<li>$5,350 a <strong>Livingston Memorial Visiting Nurse Association (Associa\u00e7\u00e3o de Enfermeiras Visitantes do Livingston Memorial)<\/strong> para ajudar a cobrir os custos associados \u00e0s evacua\u00e7\u00f5es de pessoas em cuidados paliativos<\/li>\n<li>$7,000 para o <strong>Clube de rapazes e raparigas de Camarillo<\/strong> para cobrir os custos associados \u00e0s necessidades de emerg\u00eancia de acolhimento de crian\u00e7as devido ao encerramento de escolas<\/li>\n<li>$9,500 para o <strong>YMCA Sudeste de Ventura<\/strong> para cobrir os custos associados \u00e0s necessidades de emerg\u00eancia de acolhimento de crian\u00e7as devido ao encerramento de escolas<\/li>\n<li>$1,827 a <strong>Est\u00e1bulos de Mark Watring<\/strong> para a evacua\u00e7\u00e3o de 43 cavalos, o transporte de alimentos e de \u00e1gua e as horas extraordin\u00e1rias<\/li>\n<li>$25,000 para o <strong>Colabora\u00e7\u00e3o para o desenvolvimento econ\u00f3mico<\/strong> para o Apoio Geral \u00e0s Opera\u00e7\u00f5es, na medida em que prestam assist\u00eancia aos empres\u00e1rios afectados pelos inc\u00eandios<\/li>\n<li>$21,500 a <strong>Funda\u00e7\u00e3o Cal State Channel Islands<\/strong> para alimentar e alojar os estudantes evacuados pelos inc\u00eandios<\/li>\n<li>$500 para <strong>Centro de Lideran\u00e7a Sem Fins Lucrativos da Universidade Luterana de Cal<\/strong> para patrocinar um webinar gratuito intitulado \"Angaria\u00e7\u00e3o de fundos em resposta a uma crise comunit\u00e1ria\"<\/li>\n<li>$121,000 para o <strong>YMCA do Sudeste do Condado de Ventura<\/strong> para prestar assist\u00eancia individual \u00e0s fam\u00edlias afectadas pelos inc\u00eandios.<\/li>\n<\/ul>\n<p>Recordamos a todas as organiza\u00e7\u00f5es sem fins lucrativos que respondem \u00e0s necessidades decorrentes dos inc\u00eandios que devem apresentar a sua breve candidatura em <a href=\"https:\/\/vccf.org\/pt\/\">www.vccf.org<\/a>.<\/p>\n<p>A recolha e distribui\u00e7\u00e3o de fundos relacionados com trag\u00e9dias como esta \u00e9 complexa e sens\u00edvel e agradecemos o vosso empenho na nossa comunidade, a vossa paci\u00eancia e apoio. Juntos somos #VCStrong.<\/p>\n<p>O melhor,<\/p>\n<p>Vanessa<\/p>","protected":false},"excerpt":{"rendered":"","protected":false},"author":3,"featured_media":8965,"comment_status":"closed","ping_status":"closed","sticky":false,"template":"","format":"standard","meta":{"_acf_changed":false,"give_campaign_id":0,"footnotes":""},"categories":[27,22],"tags":[],"class_list":["post-8930","post","type-post","status-publish","format-standard","has-post-thumbnail","hentry","category-blog-posts","category-latest-coverage"],"acf":[],"_links":{"self":[{"href":"https:\/\/vccf.org\/pt\/wp-json\/wp\/v2\/posts\/8930","targetHints":{"allow":["GET"]}}],"collection":[{"href":"https:\/\/vccf.org\/pt\/wp-json\/wp\/v2\/posts"}],"about":[{"href":"https:\/\/vccf.org\/pt\/wp-json\/wp\/v2\/types\/post"}],"author":[{"embeddable":true,"href":"https:\/\/vccf.org\/pt\/wp-json\/wp\/v2\/users\/3"}],"replies":[{"embeddable":true,"href":"https:\/\/vccf.org\/pt\/wp-json\/wp\/v2\/comments?post=8930"}],"version-history":[{"count":0,"href":"https:\/\/vccf.org\/pt\/wp-json\/wp\/v2\/posts\/8930\/revisions"}],"wp:featuredmedia":[{"embeddable":true,"href":"https:\/\/vccf.org\/pt\/wp-json\/wp\/v2\/media\/8965"}],"wp:attachment":[{"href":"https:\/\/vccf.org\/pt\/wp-json\/wp\/v2\/media?parent=8930"}],"wp:term":[{"taxonomy":"category","embeddable":true,"href":"https:\/\/vccf.org\/pt\/wp-json\/wp\/v2\/categories?post=8930"},{"taxonomy":"post_tag","embeddable":true,"href":"https:\/\/vccf.org\/pt\/wp-json\/wp\/v2\/tags?post=8930"}],"curies":[{"name":"wp","href":"https:\/\/api.w.org\/{rel}","templated":true}]}}