{"id":9051,"date":"2019-03-21T15:44:25","date_gmt":"2019-03-21T22:44:25","guid":{"rendered":"https:\/\/vccf.org\/?p=9051"},"modified":"2025-01-29T07:47:52","modified_gmt":"2025-01-29T07:47:52","slug":"ventura-county-community-foundation-awards-salvation-army-1-million-for-fire-victims","status":"publish","type":"post","link":"https:\/\/vccf.org\/pt\/ventura-county-community-foundation-awards-salvation-army-1-million-for-fire-victims\/","title":{"rendered":"A Funda\u00e7\u00e3o Comunit\u00e1ria do Condado de Ventura atribui ao Ex\u00e9rcito de Salva\u00e7\u00e3o $1 milh\u00f5es para as v\u00edtimas dos inc\u00eandios"},"content":{"rendered":"<p><!--more--><\/p>\n<p><em>Este artigo foi originalmente publicado pelo Ex\u00e9rcito de Salva\u00e7\u00e3o e <a href=\"http:\/\/www.salvationarmy-socal.org\/southern-california\/news\/vccf_grant_wildfire\" target=\"_blank\" rel=\"noopener\">pode ser encontrado aqui.<\/a><\/em><\/p>\n<p><strong>Ventura, CA. 20 de mar\u00e7o de 2019 -<\/strong>\u00a0O Ex\u00e9rcito de Salva\u00e7\u00e3o recebeu um subs\u00eddio de $1,099,882 da Funda\u00e7\u00e3o Comunit\u00e1ria do Condado de Ventura para prestar uma melhor assist\u00eancia \u00e0s pessoas afectadas pelos recentes inc\u00eandios florestais no Condado de Ventura e no Condado de Los Angeles. A subven\u00e7\u00e3o - a maior doa\u00e7\u00e3o \u00fanica concedida pela funda\u00e7\u00e3o ao Ex\u00e9rcito de Salva\u00e7\u00e3o - reflecte uma forte rela\u00e7\u00e3o com a Ventura County Community Foundation que se mant\u00e9m h\u00e1 16 anos.<\/p>\n<p>\"Estamos muito gratos pela parceria com a Funda\u00e7\u00e3o Comunit\u00e1ria do Condado de Ventura nos nossos esfor\u00e7os conjuntos para ajudar os sobreviventes dos recentes inc\u00eandios nos condados de Ventura e Los Angeles\", disse o tenente-coronel John Chamness, do Ex\u00e9rcito de Salva\u00e7\u00e3o do Sul da Calif\u00f3rnia. \"O generoso presente da Funda\u00e7\u00e3o fornecer\u00e1 a ajuda necess\u00e1ria para trazer nossos vizinhos de volta para casa, seguros e inteiros novamente.\"<\/p>\n<p>O subs\u00eddio servir\u00e1 uma vasta gama de necessidades, incluindo gest\u00e3o de casos, assist\u00eancia \u00e0 habita\u00e7\u00e3o, assist\u00eancia a servi\u00e7os p\u00fablicos, servi\u00e7o alimentar e orienta\u00e7\u00e3o na navega\u00e7\u00e3o pelos programas dispon\u00edveis. Este novo fluxo de financiamento permite ao Ex\u00e9rcito de Salva\u00e7\u00e3o adaptar o servi\u00e7o e os cuidados \u00e0s necessidades espec\u00edficas de um sobrevivente de inc\u00eandio. Os inc\u00eandios de Woolsey e Hill assolaram a regi\u00e3o em novembro passado, destruindo mais de 1600 estruturas e desalojando milhares de pessoas - muitas das quais, gra\u00e7as a este subs\u00eddio, ter\u00e3o a ajuda de que necessitam.<\/p>","protected":false},"excerpt":{"rendered":"","protected":false},"author":3,"featured_media":9052,"comment_status":"closed","ping_status":"closed","sticky":false,"template":"","format":"standard","meta":{"_acf_changed":false,"give_campaign_id":0,"footnotes":""},"categories":[22],"tags":[],"class_list":["post-9051","post","type-post","status-publish","format-standard","has-post-thumbnail","hentry","category-latest-coverage"],"acf":[],"_links":{"self":[{"href":"https:\/\/vccf.org\/pt\/wp-json\/wp\/v2\/posts\/9051","targetHints":{"allow":["GET"]}}],"collection":[{"href":"https:\/\/vccf.org\/pt\/wp-json\/wp\/v2\/posts"}],"about":[{"href":"https:\/\/vccf.org\/pt\/wp-json\/wp\/v2\/types\/post"}],"author":[{"embeddable":true,"href":"https:\/\/vccf.org\/pt\/wp-json\/wp\/v2\/users\/3"}],"replies":[{"embeddable":true,"href":"https:\/\/vccf.org\/pt\/wp-json\/wp\/v2\/comments?post=9051"}],"version-history":[{"count":0,"href":"https:\/\/vccf.org\/pt\/wp-json\/wp\/v2\/posts\/9051\/revisions"}],"wp:featuredmedia":[{"embeddable":true,"href":"https:\/\/vccf.org\/pt\/wp-json\/wp\/v2\/media\/9052"}],"wp:attachment":[{"href":"https:\/\/vccf.org\/pt\/wp-json\/wp\/v2\/media?parent=9051"}],"wp:term":[{"taxonomy":"category","embeddable":true,"href":"https:\/\/vccf.org\/pt\/wp-json\/wp\/v2\/categories?post=9051"},{"taxonomy":"post_tag","embeddable":true,"href":"https:\/\/vccf.org\/pt\/wp-json\/wp\/v2\/tags?post=9051"}],"curies":[{"name":"wp","href":"https:\/\/api.w.org\/{rel}","templated":true}]}}