{"id":9157,"date":"2019-05-22T00:00:45","date_gmt":"2019-05-22T07:00:45","guid":{"rendered":"https:\/\/vccf.org\/?p=9157"},"modified":"2025-01-29T07:47:51","modified_gmt":"2025-01-29T07:47:51","slug":"ventura-county-community-foundation-wants-to-triple-assets-by-2026","status":"publish","type":"post","link":"https:\/\/vccf.org\/pt\/ventura-county-community-foundation-wants-to-triple-assets-by-2026\/","title":{"rendered":"A Funda\u00e7\u00e3o Comunit\u00e1ria do Condado de Ventura quer triplicar os activos at\u00e9 2026"},"content":{"rendered":"<p><!--more--><\/p>\n<p><em>Este artigo foi originalmente publicado no Pacific Coast Business Times, <a href=\"https:\/\/www.pacbiztimes.com\/2019\/05\/22\/ventura-county-community-foundation-wants-to-triple-assets-by-2026\/\" target=\"_blank\" rel=\"noopener\">e pode ser encontrado aqui<\/a>.<\/em><\/p>\n<p>A Ventura County Community Foundation anunciou um objetivo ambicioso de triplicar a sua dimens\u00e3o para cerca de $500 milh\u00f5es em activos at\u00e9 2026.<\/p>\n<p>Vanessa Bechtel, diretora executiva da VCCF, disse a cerca de 250 l\u00edderes da comunidade, num almo\u00e7o realizado a 22 de maio, que a funda\u00e7\u00e3o espera conseguir uma maior percentagem de doa\u00e7\u00f5es de bens no Condado de Ventura na pr\u00f3xima d\u00e9cada. Estima-se que essas doa\u00e7\u00f5es rondem os $1,1 mil milh\u00f5es por ano durante a pr\u00f3xima d\u00e9cada, afirmou, citando um relat\u00f3rio de investiga\u00e7\u00e3o recente da Universidade Luterana da Calif\u00f3rnia.<\/p>\n<p>Ela disse que um dos objectivos do aumento da dota\u00e7\u00e3o era aumentar a dimens\u00e3o dos fundos sem restri\u00e7\u00f5es dispon\u00edveis para as organiza\u00e7\u00f5es sem fins lucrativos do Condado de Ventura. \"Desde 2008, as organiza\u00e7\u00f5es sem fins lucrativos t\u00eam sido muito sobrecarregadas, com cat\u00e1strofes a acontecerem mesmo na \u00e9poca de maior doa\u00e7\u00e3o\" nos \u00faltimos dois anos. \"Os fundos sem restri\u00e7\u00f5es est\u00e3o a ser insuficientes\", afirmou.<\/p>\n<p>Bechtel afirmou que a base de financiamento da funda\u00e7\u00e3o foi refor\u00e7ada por $24 milh\u00f5es em fundos relacionados com cat\u00e1strofes angariados nos 18 meses que se seguiram ao inc\u00eandio de Thomas. A funda\u00e7\u00e3o recebeu recentemente $15 milh\u00f5es em fundos de dota\u00e7\u00e3o para o bem-estar dos animais e a investiga\u00e7\u00e3o m\u00e9dica como parte de uma subven\u00e7\u00e3o do Procurador-Geral da Calif\u00f3rnia.<\/p>\n<p>O presidente Scott Hanson contou que a organiza\u00e7\u00e3o recebeu uma carta do gabinete do procurador-geral indicando que as quest\u00f5es da auditoria tinham sido resolvidas a 5 de dezembro de 2017, poucas horas antes de o inc\u00eandio Thomas ter varrido Santa Paula e Ventura, queimando centenas de casas.<\/p>\n<p>Com a confian\u00e7a do Gabinete do Procurador-Geral e a capacidade comprovada de gerir grandes donativos relacionados com o inc\u00eandio de Thomas, os tiroteios de Borderline e os inc\u00eandios de Hill e Woolsey, Bechtel afirmou que \u00e9 altura de olhar para o futuro.<\/p>\n<p>\"Estamos em posi\u00e7\u00e3o de construir novos sonhos\", afirmou.<\/p>","protected":false},"excerpt":{"rendered":"","protected":false},"author":13,"featured_media":911,"comment_status":"closed","ping_status":"closed","sticky":false,"template":"","format":"standard","meta":{"_acf_changed":false,"give_campaign_id":0,"footnotes":""},"categories":[22],"tags":[],"class_list":["post-9157","post","type-post","status-publish","format-standard","has-post-thumbnail","hentry","category-latest-coverage"],"acf":[],"_links":{"self":[{"href":"https:\/\/vccf.org\/pt\/wp-json\/wp\/v2\/posts\/9157","targetHints":{"allow":["GET"]}}],"collection":[{"href":"https:\/\/vccf.org\/pt\/wp-json\/wp\/v2\/posts"}],"about":[{"href":"https:\/\/vccf.org\/pt\/wp-json\/wp\/v2\/types\/post"}],"author":[{"embeddable":true,"href":"https:\/\/vccf.org\/pt\/wp-json\/wp\/v2\/users\/13"}],"replies":[{"embeddable":true,"href":"https:\/\/vccf.org\/pt\/wp-json\/wp\/v2\/comments?post=9157"}],"version-history":[{"count":0,"href":"https:\/\/vccf.org\/pt\/wp-json\/wp\/v2\/posts\/9157\/revisions"}],"wp:featuredmedia":[{"embeddable":true,"href":"https:\/\/vccf.org\/pt\/wp-json\/wp\/v2\/media\/911"}],"wp:attachment":[{"href":"https:\/\/vccf.org\/pt\/wp-json\/wp\/v2\/media?parent=9157"}],"wp:term":[{"taxonomy":"category","embeddable":true,"href":"https:\/\/vccf.org\/pt\/wp-json\/wp\/v2\/categories?post=9157"},{"taxonomy":"post_tag","embeddable":true,"href":"https:\/\/vccf.org\/pt\/wp-json\/wp\/v2\/tags?post=9157"}],"curies":[{"name":"wp","href":"https:\/\/api.w.org\/{rel}","templated":true}]}}