{"id":9808,"date":"2020-01-23T12:48:12","date_gmt":"2020-01-23T20:48:12","guid":{"rendered":"https:\/\/vccf.org\/?p=9808"},"modified":"2025-01-29T07:47:49","modified_gmt":"2025-01-29T07:47:49","slug":"we-all-count-says-census-organizer","status":"publish","type":"post","link":"https:\/\/vccf.org\/pt\/we-all-count-says-census-organizer\/","title":{"rendered":"'Todos contamos', diz organizador do recenseamento"},"content":{"rendered":"<p>Recentemente, tive a sorte de me encontrar com Gabino Aguirre, membro da Comiss\u00e3o de Redistritamento dos Cidad\u00e3os da Calif\u00f3rnia e copresidente da campanha de recenseamento no condado de Ventura.<\/p>\n<div class=\"g g-2\">\n<div class=\"g-single a-6\">\n<div id=\"vcmad_61416\">\n<p>Aguirre \u00e9 um residente de Santa Paula que nasceu de trabalhadores agr\u00edcolas e \u00e9 um veterano da era do Vietname. Encontr\u00e1mo-nos para discutir a participa\u00e7\u00e3o da Gold Coast Veterans Foundation na contagem de veteranos sem-abrigo para o censo de 2020.<\/p>\n<p>A Comiss\u00e3o de Redistritamento dos Cidad\u00e3os da Calif\u00f3rnia teve um enorme impacto na paisagem pol\u00edtica do estado, levando a mudan\u00e7as substanciais em Sacramento e na C\u00e2mara dos Representantes dos EUA. A comiss\u00e3o de 14 membros redesenhou os distritos legislativos para 80 membros da Assembleia, 40 membros do Senado e 53 distritos congressionais, moldando as urnas para 33 milh\u00f5es de pessoas.<\/p>\n<p>Durante o nosso encontro, fiquei a saber do seu servi\u00e7o militar. Aguirre vivia em Fresno em 1966, e os Estados Unidos tinham come\u00e7ado a intensificar a guerra no Vietname. O recrutamento estava em curso e ele recebeu uma carta para se apresentar no gabinete de recrutamento local.<\/p>\n<p>Depois do treino b\u00e1sico, frequentou e concluiu a escola de escritur\u00e1rios, ap\u00f3s o que foi destacado para uma unidade de quartel-general em Fort Ord. A\u00ed, o ex\u00e9rcito recebia os soldados que regressavam do Vietname e que s\u00f3 tinham algumas semanas ou meses antes de serem dispensados.<\/p>\n<p>\"Quase todos eles tinham traumas f\u00edsicos e mentais e sofriam de TEPT, embora esse termo n\u00e3o fosse usado na altura\", disse Aguirre.<\/p>\n<p>Foi encorajado pelo seu primeiro-sargento a tornar-se operador inform\u00e1tico numa divis\u00e3o que desenvolvia novas tecnologias, como a vis\u00e3o nocturna e os sistemas de orienta\u00e7\u00e3o por laser.<\/p>\n<p>\"Cumpri o resto do meu mandato com esta unidade. Servi de novembro de 1966 a agosto de 1969\", disse ele.<\/p>\n<p>Depois do servi\u00e7o militar, Aguirre utilizou o GI Bill para completar os seus estudos. Ap\u00f3s um ano num col\u00e9gio comunit\u00e1rio, transferiu-se para a UC Santa Barbara e depois para a UCLA, onde concluiu o bacharelato em sociologia.<\/p>\n<p>Posteriormente, come\u00e7ou a trabalhar num programa de educa\u00e7\u00e3o de trabalhadores agr\u00edcolas e, mais tarde, obteve um mestrado e credenciais em educa\u00e7\u00e3o elementar e bilingue\/multicultural na USC.<\/p>\n<p>Tornou-se professor bilingue do ensino b\u00e1sico, depois conselheiro e, em seguida, administrador, tendo sido diretor de uma escola secund\u00e1ria durante 20 anos.<\/p>\n<p>Por \u00faltimo, Aguirre obteve um doutoramento em ci\u00eancias sociais\/educa\u00e7\u00e3o comparativa na UCLA.<\/p>\n<p>Recentemente, a Calif\u00f3rnia lan\u00e7ou um esfor\u00e7o a n\u00edvel estadual para conseguir uma contagem exacta e completa dos californianos no censo de 2020. Para ajudar com a log\u00edstica da contagem, o gabinete California Complete Count \"agrupou os 58 condados da Calif\u00f3rnia em 10 regi\u00f5es com base nas suas popula\u00e7\u00f5es dif\u00edceis de contar, na mentalidade semelhante dos condados, na capacidade das organiza\u00e7\u00f5es comunit\u00e1rias dentro dos condados e nas capacidades de carga de trabalho do pessoal do recenseamento estatal\", de acordo com uma p\u00e1gina no s\u00edtio Web do gabinete,\u00a0<a class=\"autohyperlink\" href=\"http:\/\/census.ca.gov\/\" target=\"_blank\" rel=\"noopener\">census.ca.gov<\/a>.<\/p>\n<p>No ano passado, devido \u00e0 experi\u00eancia e \u00e0s credenciais de Aguirre, a Ventura County Community Foundation contactou-o para ser copresidente da campanha de recenseamento no Condado de Ventura.<\/p>\n<p>\"Aceitei e sou agora o coordenador da regi\u00e3o 5, trabalhando a partir da VCCF. A regi\u00e3o 5 inclui o condado de Ventura e cinco outros condados costeiros entre L.A. e S\u00e3o Francisco\", disse Aguirre.<\/p>\n<p>Cada regi\u00e3o conhece melhor a sua popula\u00e7\u00e3o. A sensibiliza\u00e7\u00e3o direcionada para as popula\u00e7\u00f5es dif\u00edceis de contar em cada regi\u00e3o ajudar\u00e1 a atingir o objetivo de uma contagem completa em 2020.<\/p>\n<p>Aguirre \u00e9 um apaixonado pelo recenseamento.<\/p>\n<p>\"Agora, mais do que nunca, apercebo-me da import\u00e2ncia do recenseamento. Como membro da Comiss\u00e3o de Redistritamento dos Cidad\u00e3os da Calif\u00f3rnia, utiliz\u00e1mos os dados do recenseamento de 2010 para 'redistritar' 173 distritos pol\u00edticos na Calif\u00f3rnia. Agora vejo que as pessoas que n\u00e3o foram recenseadas em 2010 n\u00e3o foram teoricamente representadas nesta redistribui\u00e7\u00e3o e, por conseguinte, foram exclu\u00eddas desta representa\u00e7\u00e3o.\"<\/p>\n<p>O recenseamento \u00e9 importante por v\u00e1rias raz\u00f5es, em particular pela forma como a contagem influencia a representa\u00e7\u00e3o pol\u00edtica atrav\u00e9s de redistribui\u00e7\u00f5es e da atribui\u00e7\u00e3o de fundos federais. Isto significa que cada pessoa contada pelo recenseamento equivale a $2,000 por ano numa variedade de servi\u00e7os comunit\u00e1rios e de rede de seguran\u00e7a. Isto totaliza $20.000 porque a contagem do recenseamento s\u00f3 acontece de 10 em 10 anos. Cada pessoa n\u00e3o recenseada representa uma perda de financiamento para as comunidades locais.<\/p>\n<p>\"A contagem dos censos \u00e9 um dos maiores desafios que enfrentamos atualmente e estamos a encorajar toda a gente a juntar-se \u00e0 nossa campanha\", disse Aguirre.<\/p>\n<p>O encontro com Aguirre deu-me uma ideia clara de que encontrar e encorajar os veteranos sem-abrigo a participar na contagem levar\u00e1 a um aumento do financiamento nos pr\u00f3ximos 10 anos para as ag\u00eancias que prestam assist\u00eancia aos veteranos sem-abrigo no Condado de Ventura.<\/p>\n<p>O dia dos Censos \u00e9 1 de abril. Nessa data, todos os lares ter\u00e3o recebido um convite para participar no recenseamento de 2020.<\/p>\n<p>O slogan do recenseamento \u00e9 \"Eu conto. Tu contas. Todos n\u00f3s contamos\". Em espanhol: \"Yo cuento. T\u00fa cuentas. Todos contamos.\"<\/p>\n<p>Para mais informa\u00e7\u00f5es, visitar\u00a0<a class=\"autohyperlink\" href=\"http:\/\/venturacountycounts.org\/\" target=\"_blank\" rel=\"noopener\">venturacountycounts.org<\/a>\u00a0ou enviar um e-mail para Aguirre em\u00a0<a class=\"autohyperlink\" href=\"mailto:gaguirre@venturacountycounts.org\">gaguirre@venturacountycounts.org<\/a>.<\/p>\n<\/div>\n<div class=\"cnvr-ubr-adm cnvr-ubr-adm-611805306258320117\"><em>Este artigo foi originalmente publicado por <a href=\"https:\/\/www.mpacorn.com\/articles\/we-all-count-says-census-organizer\/\" target=\"_blank\" rel=\"noopener noreferrer\">Moorpark Acorn<\/a>.\u00a0<\/em><\/div>\n<\/div>\n<\/div>\n<p><\/p>","protected":false},"excerpt":{"rendered":"<p>Recentemente, tive a sorte de me encontrar com Gabino Aguirre, membro da Comiss\u00e3o de Redistritamento dos Cidad\u00e3os da Calif\u00f3rnia e copresidente da campanha de recenseamento no condado de Ventura.<\/p>","protected":false},"author":3,"featured_media":9901,"comment_status":"closed","ping_status":"closed","sticky":false,"template":"","format":"standard","meta":{"_acf_changed":false,"give_campaign_id":0,"footnotes":""},"categories":[22],"tags":[],"class_list":["post-9808","post","type-post","status-publish","format-standard","has-post-thumbnail","hentry","category-latest-coverage"],"acf":[],"_links":{"self":[{"href":"https:\/\/vccf.org\/pt\/wp-json\/wp\/v2\/posts\/9808","targetHints":{"allow":["GET"]}}],"collection":[{"href":"https:\/\/vccf.org\/pt\/wp-json\/wp\/v2\/posts"}],"about":[{"href":"https:\/\/vccf.org\/pt\/wp-json\/wp\/v2\/types\/post"}],"author":[{"embeddable":true,"href":"https:\/\/vccf.org\/pt\/wp-json\/wp\/v2\/users\/3"}],"replies":[{"embeddable":true,"href":"https:\/\/vccf.org\/pt\/wp-json\/wp\/v2\/comments?post=9808"}],"version-history":[{"count":0,"href":"https:\/\/vccf.org\/pt\/wp-json\/wp\/v2\/posts\/9808\/revisions"}],"wp:featuredmedia":[{"embeddable":true,"href":"https:\/\/vccf.org\/pt\/wp-json\/wp\/v2\/media\/9901"}],"wp:attachment":[{"href":"https:\/\/vccf.org\/pt\/wp-json\/wp\/v2\/media?parent=9808"}],"wp:term":[{"taxonomy":"category","embeddable":true,"href":"https:\/\/vccf.org\/pt\/wp-json\/wp\/v2\/categories?post=9808"},{"taxonomy":"post_tag","embeddable":true,"href":"https:\/\/vccf.org\/pt\/wp-json\/wp\/v2\/tags?post=9808"}],"curies":[{"name":"wp","href":"https:\/\/api.w.org\/{rel}","templated":true}]}}